{"id":1226,"date":"2020-08-14T08:19:00","date_gmt":"2020-08-14T07:19:00","guid":{"rendered":"https:\/\/jmoragahc.wordpress.com\/?p=1226"},"modified":"2020-08-14T08:19:00","modified_gmt":"2020-08-14T07:19:00","slug":"que-fueron-las-ratlines-las-rutas-de-escape-por-las-que-miles-de-nazis-huyeron-a-america-del-sur-y-otros-destinos-tras-la-segunda-guerra-mundial","status":"publish","type":"post","link":"https:\/\/blogsaverroes.juntadeandalucia.es\/aldeacordoba\/?p=1226","title":{"rendered":"Qu\u00e9 fueron las \u00abratlines\u00bb, las rutas de escape por las que miles de nazis huyeron a Am\u00e9rica del Sur y otros destinos tras la Segunda Guerra Mundial"},"content":{"rendered":"\n<figure class=\"wp-block-image size-large\"><img decoding=\"async\" src=\"https:\/\/ichef.bbci.co.uk\/news\/660\/cpsprodpb\/12A7A\/production\/_113601467_1-1.jpg\" alt=\"\" \/><figcaption>Tras la ca\u00edda del Tercer Reich, miles de nazis huyeron a trav\u00e9s de las ratlines.<\/figcaption><\/figure>\n\n\n\n<p><strong>Autora<\/strong>: Veronica Smink<\/p>\n\n\n\n<p><strong>Fuente<\/strong>: <a rel=\"noreferrer noopener\" href=\"https:\/\/www.bbc.com\/mundo\/noticias-53522118?at_custom2=facebook_page&amp;at_medium=custom7&amp;at_campaign=64&amp;at_custom4=DF22FB18-CDAD-11EA-936D-247396E8478F&amp;at_custom3=BBC+News+Mundo&amp;at_custom1=%5Bpost+type%5D&amp;fbclid=IwAR2mZFj4Kk5JU1XdSrPcvFBI7hOcuAfz7xvgEM6HeMavmHg2EtzEAl1RSKA\" target=\"_blank\">bbc.com\/mundo <\/a> 01\/08\/2020<\/p>\n\n\n\n<p>or su nombre en ingl\u00e9s, ratlines (l\u00edneas de ratas), uno podr\u00eda pensar que el apodo que se le dio a las rutas clandestinas que usaron muchos nazis para escapar de Europa despu\u00e9s de la Segunda Guerra Mundial se refiere a una hilera de roedores, huyendo bajo tierra.<\/p>\n\n\n\n<p>De hecho, muchos en espa\u00f1ol las llaman \u00ab<strong>rutas de las ratas<\/strong>\u00ab.<\/p>\n\n\n\n<p>Pero aunque ese t\u00e9rmino podr\u00eda resultar apropiado para imaginar la huida de miles de fugitivos de la justicia, entre ellos algunos de los mayores criminales de guerra de la historia, en realidad<em>&nbsp;ratline<\/em>&nbsp;no tiene que ver con ratas, sino con barcos.<\/p>\n\n\n\n<p>En la jerga n\u00e1utica, as\u00ed se llama a los peque\u00f1os trozos de cuerda colocados de forma horizontal que sirven como pelda\u00f1os de escalera, para poder subir por el m\u00e1stil (en espa\u00f1ol se las conoce como flechaste).<\/p>\n\n\n\n<p>En el pasado, escalar el m\u00e1stil usando estas cuerdas era el \u00faltimo y desesperado recurso que ten\u00eda un marinero para evitar ahogarse si su barco se hund\u00eda.<\/p>\n\n\n\n<p>Por ese motivo,<em>&nbsp;ratline<\/em>&nbsp;se convirti\u00f3 en un sin\u00f3nimo de \u00ab<strong>\u00faltima v\u00eda de escape<\/strong>\u00ab.<\/p>\n\n\n\n<p>Para muchos jerarcas nazis que buscaban huir de las manos Aliadas despu\u00e9s de la ca\u00edda de la Alemania de Adolf Hitler, en 1945, esa \u00ab\u00faltima v\u00eda de escape\u00bb se dio en la forma de un viaje transatl\u00e1ntico por barco, por lo cual el origen n\u00e1utico de la palabra&nbsp;<em>ratline&nbsp;<\/em>result\u00f3 ser ir\u00f3nicamente adecuada.<\/p>\n\n\n\n<figure class=\"wp-block-image\"><img decoding=\"async\" src=\"https:\/\/ichef.bbci.co.uk\/news\/624\/cpsprodpb\/1518A\/production\/_113601468_2-1.jpg\" alt=\"Las ratlines de un barco\" \/><figcaption>Image captionLas ratlines de un barco&#8230; el medio de transporte a trav\u00e9s del cual muchos jerarcas nazis escaparon a Sudam\u00e9rica y otros destinos.<\/figcaption><\/figure>\n\n\n\n<p>Pero estas \u00abrutas de las ratas\u00bb no fueron escapes improvisados de fugitivos desesperados. Fueron trayectos planificados y organizados por personas de poder, dedicadas a proteger a pr\u00f3fugos no solo alemanes sino tambi\u00e9n croatas, eslovacos y austr\u00edacos.<\/p>\n\n\n\n<p>Y no hubieran tenido \u00e9xito sin la colaboraci\u00f3n, a veces involuntaria, de dos de las instituciones internacionales m\u00e1s asociadas con la ayuda humanitaria:<strong>&nbsp;la Iglesia cat\u00f3lica y la Cruz Roja<\/strong>.<\/p>\n\n\n\n<h2 class=\"wp-block-heading\">Tres rutas, un destino<\/h2>\n\n\n\n<p>Las tres&nbsp;<em>ratlines&nbsp;<\/em>m\u00e1s utilizadas eran v\u00edas que atravesaban distintos pa\u00edses europeos con un solo fin: llegar hasta un puerto y all\u00ed escapar en barco.<\/p>\n\n\n\n<p>La llamada \u00ab<strong>ruta n\u00f3rdica<\/strong>\u00bb pasaba por Dinamarca con destino a Suecia, donde se embarcaba.<\/p>\n\n\n\n<p>La \u00ab<strong>ruta ib\u00e9rica<\/strong>\u00bb era coordinada por colaboradores nazis que viv\u00edan en Espa\u00f1a y utilizaba puertos como los de Galicia, presuntamente con el visto bueno del general Franco.<\/p>\n\n\n\n<p>Pero se cree que hasta el 90% de los nazis que huyeron de Europa continental lo hicieron<strong>&nbsp;a trav\u00e9s de Italia<\/strong>, el principal aliado de Alemania durante la guerra.<\/p>\n\n\n\n<p>Aunque algunos escaparon hacia Reino Unido, Canad\u00e1, Estados Unidos, Australia y Medio Oriente, la gran mayor\u00eda huy\u00f3 a Sudam\u00e9rica.<\/p>\n\n\n\n<p>Y en ese continente hubo un pa\u00eds que atrajo a m\u00e1s fugitivos nazis que ning\u00fan otro:&nbsp;<strong>Argentina<\/strong>.<\/p>\n\n\n\n<figure class=\"wp-block-image\"><img decoding=\"async\" src=\"https:\/\/ichef.bbci.co.uk\/news\/624\/cpsprodpb\/1789A\/production\/_113601469_3-1.jpg\" alt=\"Juan Domingo Per\u00f3n con su esposa, Eva Duarte de Per\u00f3n\" \/><figcaption>Image captionEl gobierno de Per\u00f3n (quien en la imagen aparece con su famosa esposa, \u00abEvita\u00bb), permiti\u00f3 el ingreso de miles de pr\u00f3fugos nazis.<\/figcaption><\/figure>\n\n\n\n<p>Documentos secretos nazis revelados en 2012 por las autoridades alemanas indicaron que unos 9.000 militares y colaboradores del Tercer Reich huyeron a Am\u00e9rica del Sur tras la guerra.<\/p>\n\n\n\n<p>De ellos, unos 5.000 se quedaron en Argentina, el lugar al que el famoso \u00abcazador de nazis\u00bb Simon Wiesenthal llamaba&nbsp;<strong>el \u00abCabo de \u00daltima Esperanza\u00bb<\/strong>&nbsp;para los nacionalsocialistas.<\/p>\n\n\n\n<p>Muchos de los que terminaron en otros pa\u00edses, como Brasil (que alberg\u00f3 a entre 1.500 y 2.000 criminales de guerra), Chile (que recibi\u00f3 a entre 500 y 1000) y otras naciones con cifras menores como Paraguay, Bolivia y Ecuador, viajaron all\u00ed tras haber arribado a Argentina.<\/p>\n\n\n\n<h2 class=\"wp-block-heading\">Por qu\u00e9 Argentina<\/h2>\n\n\n\n<p>Muchos atribuyen la elecci\u00f3n de Argentina como pa\u00eds de destino a la abierta simpat\u00eda que manten\u00eda el gobernante de esa naci\u00f3n,\u00a0<strong>Juan Domingo Per\u00f3n<\/strong>\u00a0(quien lleg\u00f3 a la presidencia en 1946), con el Tercer Reich.<\/p>\n\n\n\n<p>Pero el periodista argentino Uki Go\u00f1i, una de las personas que m\u00e1s investig\u00f3 la llegada de criminales nazis a su pa\u00eds, asegura que el v\u00ednculo entre Argentina y la Alemania de Hitler era anterior a la llegada al poder de Per\u00f3n.<\/p>\n\n\n\n<p>Seg\u00fan Go\u00f1i, ya desde 1943 hab\u00eda un acuerdo secreto entre lasSchutzstaffel, las fuerzas de seguridad alemanas, m\u00e1s conocidas como SS, y el servicio secreto de la marina argentina.<\/p>\n\n\n\n<p>El acuerdo consist\u00eda en que Argentina le daba documentos de ese pa\u00eds a agentes secretos de las SS para que se puedan mover libremente por Sudam\u00e9rica, donde operaban una gran red de espionaje.<\/p>\n\n\n\n<p>A cambio, el pa\u00eds latinoamericano recib\u00eda informaci\u00f3n confidencial sobre sus vecinos.<\/p>\n\n\n\n<p>En un libro que public\u00f3 en 2002, donde describe en detalle la \u00abfuga nazi a la Argentina\u00bb, Go\u00f1i se\u00f1ala que despu\u00e9s de que Alemania perdi\u00f3 la guerra,&nbsp;<strong>los argentinos mantuvieron el acuerdo de cooperaci\u00f3n<\/strong>&nbsp;y siguieron d\u00e1ndoles documentaci\u00f3n falsa a agentes nazis, solo que entonces ya era con la intenci\u00f3n de rescatarlos.<\/p>\n\n\n\n<figure class=\"wp-block-image\"><img decoding=\"async\" src=\"https:\/\/ichef.bbci.co.uk\/news\/624\/cpsprodpb\/1CF2\/production\/_113601470_4-1.jpg\" alt=\"La portada de &quot;La Aut\u00e9ntica Odessa&quot;, la investigaci\u00f3n del periodista argentino Uki Go\u00f1i.\" \/><figcaption>Image captionLa portada de \u00abLa Aut\u00e9ntica Odessa\u00bb, la investigaci\u00f3n del periodista argentino Uki Go\u00f1i.<\/figcaption><\/figure>\n\n\n\n<h2 class=\"wp-block-heading\">Odessa<\/h2>\n\n\n\n<p>El libro de Go\u00f1i se titula \u00abLa aut\u00e9ntica Odessa\u00bb, en referencia al acr\u00f3nimo con el que se conoci\u00f3 al principal grupo que habr\u00eda planificado las&nbsp;<em>ratlines<\/em>: la Organisation der ehemaligen SS-Angeh\u00f6rigen u&nbsp;<strong>organizaci\u00f3n de exmiembros de las SS<\/strong>.<\/p>\n\n\n\n<p>Esta organizaci\u00f3n salt\u00f3 a la fama gracias a una obra de ficci\u00f3n basada en algunos hechos reales: la novela de suspenso&nbsp;<em>The Odessa<\/em><em>&nbsp;File&nbsp;<\/em><strong>(\u00abEl expediente Odessa) de Frederick Forsyth<\/strong>, publicada en 1972.<\/p>\n\n\n\n<p>En ese thriller, Odessa aparece como una organizaci\u00f3n nazi internacional establecida antes de la derrota de Alemania con el prop\u00f3sito de proteger a los exmiembros de las SS despu\u00e9s de la guerra.<\/p>\n\n\n\n<p>El libro plantea que, tras lograr ese fin, los exnazis agrupados en Odessa planeaban eliminar el Estado de Israel.<\/p>\n\n\n\n<p>Hoy en d\u00eda, muchos historiadores cuestionan la existencia de una red de la magnitud y el poder que supuestamente tuvo Odessa.<\/p>\n\n\n\n<p>\u00abLa &#8216;ruta de las ratas&#8217;&nbsp;<strong>no fue un plan estructurado<\/strong>, sino que consisti\u00f3 de muchos componentes individuales\u00bb, le dijo a la cadena alemana Deutsche Welle (DW) el historiador Daniel Stahl, del Departamento de Historia Moderna y Contempor\u00e1nea de la Universidad Friedrich Schiller.<\/p>\n\n\n\n<p>Bill Niven, profesor de Historia Contempor\u00e1nea Alemana en la Universidad Nottingham Trent (Inglaterra), coincide: \u00ab<strong>No hay evidencia convincente de que tal organizaci\u00f3n (Odessa) existiera<\/strong>\u00ab, escribi\u00f3 en marzo pasado en el sitio BBC History Extra.<\/p>\n\n\n\n<p>\u00abProbablemente hab\u00eda grupos nazis m\u00e1s peque\u00f1os, en gran medida independientes, que operaban para asegurar el escape (de criminales de guerra)\u00bb, explic\u00f3.<\/p>\n\n\n\n<figure class=\"wp-block-image\"><img decoding=\"async\" src=\"https:\/\/ichef.bbci.co.uk\/news\/624\/cpsprodpb\/4402\/production\/_113601471_5-1.jpg\" alt=\"Otto Skorzeny con Benito Mussolini, tras su liberaci\u00f3n\" \/><figcaption>Image captionOtto Skorzeny, famoso por haber rescatado a Benito Mussolini tras su arresto en Italia, organiz\u00f3 una de las ratlines.<\/figcaption><\/figure>\n\n\n\n<p>\u00abUno de estos grupos, seg\u00fan se dice, fue &#8216;La ara\u00f1a&#8217;, que involucr\u00f3 a l\u00edder de la unidad de asalto de las SS Otto Skorzeny, famoso por rescatar al dictador italiano Benito Mussolini del encarcelamiento en la regi\u00f3n Gran Sasso, en el sur de Italia, en 1943\u00bb<\/p>\n\n\n\n<p>Niven resalt\u00f3 que no fueron solo nazis los que coordinaron las&nbsp;<em>ratlines<\/em>, sino tambi\u00e9n las fuerzas de inteligencia de Estados Unidos y Reino Unido, que ayudaron a escapar a sus informantes nazis, y a decenas de cient\u00edficos alemanes, para que colaboraran con ellos en su lucha contra el comunismo.<\/p>\n\n\n\n<h2 class=\"wp-block-heading\">\u00abLa ruta vaticana\u00bb<\/h2>\n\n\n\n<p>Fue este temor a una invasi\u00f3n sovi\u00e9tica de Europa y a&nbsp;<strong>que se imp<\/strong><strong>usier<\/strong><strong>a el comunismo<\/strong>&nbsp;tras la Segunda Guerra Mundial lo que habr\u00eda llevado a lo que muchos consideran el aspecto m\u00e1s escandaloso detr\u00e1s de las&nbsp;<em>ratlines:<\/em><strong>el papel fundamental que jug\u00f3 la Iglesia cat\u00f3lica&nbsp;<\/strong>en el escape de los fugitivos nazis a Sudam\u00e9rica.<\/p>\n\n\n\n<p>La llamada \u00abruta vaticana\u00bb, v\u00eda Roma y G\u00e9nova, fue la m\u00e1s utilizada por los nazis que huyeron del continente europeo.<\/p>\n\n\n\n<p>Tambi\u00e9n se la conoce como \u00abla ruta de los monasterios\u00bb, ya que la huida, a trav\u00e9s de los Alpes a Italia, inclu\u00eda paradas en monasterios en Tirol del Sur, Merano y Bolzano.<\/p>\n\n\n\n<p>Algunos de los pr\u00f3fugos permanecieron en estos lugares por a\u00f1os, muchas veces alojados al lado de las v\u00edctimas de sus delitos, en particular jud\u00edos en viaje hacia la regi\u00f3n de Palestina.<\/p>\n\n\n\n<p><strong>Para llegar hasta Sudam\u00e9rica, los fugitivos deb\u00edan pasar primero por Roma<\/strong>, donde recib\u00edan documentos de identidad falsos de la Comisi\u00f3n de Refugiados del Vaticano o, en algunos casos, directamente de manos de altos cleros de la Iglesia cat\u00f3lica.<\/p>\n\n\n\n<p>El paso final era&nbsp;<strong>el pasaporte que recib\u00edan del Comit\u00e9 Internacional de la Cruz Roja (CICR)<\/strong>, que les permit\u00eda viajar utilizando su nueva identidad.<\/p>\n\n\n\n<figure class=\"wp-block-image\"><img decoding=\"async\" src=\"https:\/\/ichef.bbci.co.uk\/news\/624\/cpsprodpb\/6B12\/production\/_113601472_6-1.jpg\" alt=\"Los pasaportes de la Cruz Roja, con nombres falsos, usados por Josef Mengele, Klaus Barbie y Adolf Eichmann.\" \/><figcaption>Image captionLos pasaportes de la Cruz Roja, con nombres falsos, usados por Josef Mengele, Klaus Barbie y Adolf Eichmann.<\/figcaption><\/figure>\n\n\n\n<p>Abrumados por los millones de refugiados que dej\u00f3 la guerra, la Cruz Roja depend\u00eda de las referencias del Vaticano a la hora de entregar sus pasaportes y<strong>&nbsp;el organismo ha reconocido que no logr\u00f3 evitar que algunos criminales de guerra se aprovecharan del caos para huir sin ser detectados.<\/strong><\/p>\n\n\n\n<p>Entre quienes pudieron escaparse a Sudam\u00e9rica con pasaportes de la Cruz Roja -con nombres falsos-, estuvieron algunos de los m\u00e1ximos jerarcas nazis como&nbsp;<strong>Josef Mengele, Klaus Barbie, Franz Stangl, Walter Rauff y Adolf Eichmann<\/strong>.<\/p>\n\n\n\n<p>Algunos, como Mengele, que falleci\u00f3 en Brasil, y Rauff, que muri\u00f3 en Chile, lograron evadir la justicia toda su vida.<\/p>\n\n\n\n<p>Pero otros fueron detenidos y extraditados a\u00f1os m\u00e1s tarde.<\/p>\n\n\n\n<p>El caso m\u00e1s famoso fue el del llamado \u00abarquitecto del Holocausto\u00bb, Eichmann, quien fue capturado en Buenos Aires en 1960 por la agencia de inteligencia israel\u00ed, el Mossad, y trasladado a Jerusal\u00e9n, donde fue juzgado, condenado y ejecutado.<\/p>\n\n\n\n<h2 class=\"wp-block-heading\">Complicidad<\/h2>\n\n\n\n<p>Los historiadores a\u00fan hoy siguen debatiendo sobre si la complicidad de la Iglesia cat\u00f3lica con los nazis fue institucional o si se trat\u00f3 de casos aislados dentro del Vaticano.<\/p>\n\n\n\n<p>En su libro&nbsp;<em>Ratline<\/em>s, publicado 1991, los autores Mark Aarons y John Loftus sostienen que el primer sacerdote que se dedic\u00f3 a planificar ratlines para los nazis fue&nbsp;<strong>el obispo austr\u00edaco Alois Hudal<\/strong>.<\/p>\n\n\n\n<p>Hudal resid\u00eda en Roma, donde era rector de un colegio austr\u00edaco-alem\u00e1n, y en 1937 hab\u00eda escrito un libro, \u00abLos fundamentos del nacional-socialismo\u00bb, en el que elogiaba a Hitler.<\/p>\n\n\n\n<p>Algunos incluso lo han acusado de ser un informante de la inteligencia alemana.<\/p>\n\n\n\n<p>La&nbsp;<em>ratline<\/em>&nbsp;que organiz\u00f3 el obispo austr\u00edaco desde la sede del Vaticano fue la que&nbsp;<strong>permiti\u00f3 la fuga de varios de los pr\u00f3fugos de m\u00e1s alto perfil del nazismo<\/strong>, incluyendo a Eichmann, Mengele y Eduard Roschmann, el llamado \u00abcarnicero de Riga\u00bb.<\/p>\n\n\n\n<figure class=\"wp-block-image\"><img decoding=\"async\" src=\"https:\/\/ichef.bbci.co.uk\/news\/624\/cpsprodpb\/B932\/production\/_113601474_7-1.jpg\" alt=\"El Vaticano en 1946\" \/><figcaption>Image captionMuchos fugitivos nazis obtuvieron su documentaci\u00f3n falsa con ayuda del Vaticano, aunque a\u00fan se investiga cu\u00e1nto sab\u00eda la Iglesia cat\u00f3lica.<\/figcaption><\/figure>\n\n\n\n<p>Franz Stangl, quien hab\u00eda sido comandante del campo de exterminio de Treblinka, le cont\u00f3 a la periodista Gitta Sereny, tras su captura, que Hudal no solo le entreg\u00f3 papeles falsos sino que tambi\u00e9n le consigui\u00f3 alojamiento en Roma mientras esperaba sus documentos.<\/p>\n\n\n\n<p>Otro sacerdote que se hizo famoso por organizar ratlines desde Roma fue el bosnio-croata<strong>&nbsp;Krunoslav Draganovic<\/strong>, quien ayud\u00f3 a escapar a los cabecillas de la organizaci\u00f3n nacionalista croata Ustacha, aliada del nazismo.<\/p>\n\n\n\n<p>El fundador del movimiento, Ante Paveli\u0107, fue uno de los muchos pr\u00f3fugos que terminaron en Argentina.<\/p>\n\n\n\n<p>En su libro, Uki Go\u00f1i detaca el rol que tuvo&nbsp;<strong>el cardenal argentino Antonio Caggiano<\/strong>&nbsp;en la llegada de nazis a ese pa\u00eds.<\/p>\n\n\n\n<p>Cuenta que por orden del gobierno de Per\u00f3n, Caggiano se reuni\u00f3 en 1946 en el Vaticano con su par franc\u00e9s Eug\u00e8ne Tisserant a quien le inform\u00f3 que Argentina estar\u00eda dispuesta a recibir a los franceses que colaboraron con el nazismo.<\/p>\n\n\n\n<p>As\u00ed, dice Go\u00f1i, fue que comenz\u00f3 el contrabando de criminales de guerra al pa\u00eds sudamericano.<\/p>\n\n\n\n<h2 class=\"wp-block-heading\">P\u00edo XII<\/h2>\n\n\n\n<p>M\u00e1s all\u00e1 de la participaci\u00f3n de algunos miembros de la Iglesia, lo que se preguntan muchos es&nbsp;<strong>cu\u00e1nto sab\u00eda el Papa P\u00edo XII sobre las&nbsp;<\/strong><strong><em>ratlines<\/em><\/strong><strong>.<\/strong><\/p>\n\n\n\n<p>El Pont\u00edfice, quien asumi\u00f3 meses antes de que estallara la Segunda Guerra Mundial, ha sido acusado de hacer la vista gorda ante el asesinato sistem\u00e1tico de jud\u00edos, por su silencio durante el Holocausto.<\/p>\n\n\n\n<figure class=\"wp-block-image\"><img decoding=\"async\" src=\"https:\/\/ichef.bbci.co.uk\/news\/624\/cpsprodpb\/E042\/production\/_113601475_8-1.jpg\" alt=\"P\u00edo XII\" \/><figcaption>Image captionDocumentos desclasificados este a\u00f1o por el Vaticano podr\u00edan revelar cu\u00e1nto sab\u00eda P\u00edo XII sobre las ratlines.<\/figcaption><\/figure>\n\n\n\n<p>Si bien en 1998<strong>&nbsp;el Vaticano se disculp\u00f3 p\u00fablicamente por su inacci\u00f3n durante el r\u00e9gimen nazi<\/strong>, hasta ahora siempre ha defendido el papel de P\u00edo XII.<\/p>\n\n\n\n<p>Pero el verdadero veredicto sobre la responsabilidad del Papa podr\u00eda llegar pronto.<\/p>\n\n\n\n<p>En marzo pasado, el actual l\u00edder de la Iglesia,&nbsp;<strong>el&nbsp;<\/strong><strong>p<\/strong><strong>apa Francisco, de origen argentino, autoriz\u00f3 que se abran todos los archivos del mandato de P\u00edo XII.<\/strong><\/p>\n\n\n\n<p>Uno de los que revisar\u00e1 los cientos de miles de documentos ser\u00e1 el historiador eclesi\u00e1stico alem\u00e1n Hubert Wolf.<\/p>\n\n\n\n<p>Wolf le dijo a la cadena DW que, aunque podr\u00eda tardar a\u00f1os, finalmente se sabr\u00e1 si P\u00edo XII \u00abdio instrucciones directas\u00bb de ayudar a escapar a los pr\u00f3fugos nazis con el fin de \u00abcombatir el peligro comunista\u00bb.<\/p>\n\n\n\n<p>O si \u00abel Papa no sab\u00eda de la ayuda concreta y algunas personas de su entorno se aprovecharon de eso\u00bb.<\/p>\n","protected":false},"excerpt":{"rendered":"<p>Autora: Veronica Smink Fuente: bbc.com\/mundo 01\/08\/2020 or su nombre en ingl\u00e9s, ratlines (l\u00edneas de ratas), uno podr\u00eda pensar que el apodo que se le dio a las rutas clandestinas que usaron muchos nazis para escapar de Europa despu\u00e9s de la Segunda Guerra Mundial se refiere a una hilera de roedores, huyendo bajo tierra. De hecho, &hellip; <a href=\"https:\/\/blogsaverroes.juntadeandalucia.es\/aldeacordoba\/?p=1226\" class=\"more-link\">Continuar leyendo<span class=\"screen-reader-text\"> \u00abQu\u00e9 fueron las \u00abratlines\u00bb, las rutas de escape por las que miles de nazis huyeron a Am\u00e9rica del Sur y otros destinos tras la Segunda Guerra Mundial\u00bb<\/span><\/a><\/p>\n","protected":false},"author":168,"featured_media":0,"comment_status":"open","ping_status":"open","sticky":false,"template":"","format":"standard","meta":{"ngg_post_thumbnail":0,"footnotes":""},"categories":[224390],"tags":[224416,224429,224521,224827,224845],"aioseo_notices":[],"_links":{"self":[{"href":"https:\/\/blogsaverroes.juntadeandalucia.es\/aldeacordoba\/index.php?rest_route=\/wp\/v2\/posts\/1226"}],"collection":[{"href":"https:\/\/blogsaverroes.juntadeandalucia.es\/aldeacordoba\/index.php?rest_route=\/wp\/v2\/posts"}],"about":[{"href":"https:\/\/blogsaverroes.juntadeandalucia.es\/aldeacordoba\/index.php?rest_route=\/wp\/v2\/types\/post"}],"author":[{"embeddable":true,"href":"https:\/\/blogsaverroes.juntadeandalucia.es\/aldeacordoba\/index.php?rest_route=\/wp\/v2\/users\/168"}],"replies":[{"embeddable":true,"href":"https:\/\/blogsaverroes.juntadeandalucia.es\/aldeacordoba\/index.php?rest_route=%2Fwp%2Fv2%2Fcomments&post=1226"}],"version-history":[{"count":0,"href":"https:\/\/blogsaverroes.juntadeandalucia.es\/aldeacordoba\/index.php?rest_route=\/wp\/v2\/posts\/1226\/revisions"}],"wp:attachment":[{"href":"https:\/\/blogsaverroes.juntadeandalucia.es\/aldeacordoba\/index.php?rest_route=%2Fwp%2Fv2%2Fmedia&parent=1226"}],"wp:term":[{"taxonomy":"category","embeddable":true,"href":"https:\/\/blogsaverroes.juntadeandalucia.es\/aldeacordoba\/index.php?rest_route=%2Fwp%2Fv2%2Fcategories&post=1226"},{"taxonomy":"post_tag","embeddable":true,"href":"https:\/\/blogsaverroes.juntadeandalucia.es\/aldeacordoba\/index.php?rest_route=%2Fwp%2Fv2%2Ftags&post=1226"}],"curies":[{"name":"wp","href":"https:\/\/api.w.org\/{rel}","templated":true}]}}