{"id":1228,"date":"2020-09-25T09:20:00","date_gmt":"2020-09-25T08:20:00","guid":{"rendered":"https:\/\/jmoragahc.wordpress.com\/?p=1228"},"modified":"2020-09-25T09:20:00","modified_gmt":"2020-09-25T08:20:00","slug":"memoria-historica-1808-asi-vendieron-espana-a-napoleon-los-borbones","status":"publish","type":"post","link":"https:\/\/blogsaverroes.juntadeandalucia.es\/aldeacordoba\/?p=1228","title":{"rendered":"Memoria Hist\u00f3rica: 1808. As\u00ed vendieron Espa\u00f1a a Napole\u00f3n los Borbones"},"content":{"rendered":"\n<figure class=\"wp-block-image size-large\"><img decoding=\"async\" src=\"https:\/\/elcorreodeespana.com\/images\/carpeta_relacionados\/2020\/07\/24\/md\/32381_bayona-fernando-napoleon11--620x349.jpg\" alt=\"\" \/><\/figure>\n\n\n\n<p><strong>Autor<\/strong>: Julio Merino<\/p>\n\n\n\n<p><strong>Fuente<\/strong>: <a rel=\"noreferrer noopener\" href=\"https:\/\/elcorreodeespana.com\/amp\/historia\/69889087\/Memoria-Historica-1808-ASI-VENDIERON-ESPANA-A-NAPOLEON-LOS-BORBONES.html?fbclid=IwAR2eXstaA2eaYiA7BHDt6ss3ATgKkWvYwGFpOViOwcITPa-O1Fvlv8ApGH4\" target=\"_blank\"> elcorreodeespana.com <\/a> 25\/07\/2020<\/p>\n\n\n\n<blockquote class=\"wp-block-quote\"><p><em>Por seis millones de francos anuales y dos castillos en Francia) Napole\u00f3n: \u201cNo se puede comprar un Imperio por menos\u201d<\/em><\/p><\/blockquote>\n\n\n\n<figure class=\"wp-block-image size-large\"><img decoding=\"async\" src=\"https:\/\/elcorreodeespana.com\/images\/carpeta_gestor\/archivos\/2020\/07\/24\/Captura_de_pantalla_2020-07-24_a_las_13.44.35.png?r=9\" alt=\"\" \/><figcaption><strong>La familia de Carlos IV de Goya<\/strong><\/figcaption><\/figure>\n\n\n\n<p>Me contaba mi viejo amigo Federico Carlos Sainz de Robles, el m\u00e1ximo conocedor de la obra de Gald\u00f3s, que Don Benito se muri\u00f3 sin poder llevar a cabo el m\u00e1s grande de sus sue\u00f1os literarios: escribir una obra de teatro sobre los Borbones, en la que pudiera sintetizar lo que fue la \u201cFamilia Borb\u00f3n espa\u00f1ola\u201d, desde Felipe V a Don Alfonso XIII\u2026 y que no hab\u00eda podido ni empezar , aunque los hab\u00eda estudiado a fondo e incluso lo hab\u00eda hablado con la Reina Isabel II en Par\u00eds, porque no sab\u00eda en qu\u00e9 g\u00e9nero desarrollarla, si como comedia, como drama, como tragedia, como zarzuela, como vodevil, o como el grandioso \u201cParsifal\u201d de Wagner, un compendio de bondades y miserias, de envidias y celos de traiciones y corrupciones y hasta de erotismo o pornograf\u00eda\u2026 Y que al final hab\u00eda llegado a una conclusi\u00f3n, como le confes\u00f3 a su amada Do\u00f1a Emilia (se refer\u00eda a la Condesa de Pardo Baz\u00e1n): \u201cAmor, me rindo, tengo que abandonar mi sue\u00f1o de hacer la vida de los Borbones\u2026 para mi es imposible, esto solo lo podr\u00eda hacer el loco de Valle-Incl\u00e1n, ya que si existe un esperpento en el mundo ese es el de los Borbones espa\u00f1oles. \u00a1Un rotundo esperpento!\u201d.<\/p>\n\n\n\n<figure class=\"wp-block-image\"><img decoding=\"async\" src=\"https:\/\/elcorreodeespana.com\/images\/carpeta_gestor\/archivos\/2020\/07\/24\/Captura_de_pantalla_2020-07-24_a_las_13.45.40.png?r=1\" alt=\"Captura_de_pantalla_2020-07-24_a_las_13.45.40\" \/><\/figure>\n\n\n\n<p>Hace muchos a\u00f1os escrib\u00ed una serie de relatos sobre los Borbones espa\u00f1oles. Hoy me complace reproducir el que le dediqu\u00e9 a Carlos IV y Fernando VII cuando la verg\u00fcenza de Bayona y la entrega de la Corona de los Reinos de Espa\u00f1a a Napole\u00f3n. En s\u00edntesis los \u201chechos\u201d que llevaron a la sublevaci\u00f3n del \u201c2 de mayo\u201d fueron estos:<\/p>\n\n\n\n<ul><li>Entre el 19 y 23 de marzo de 1808 se produjo el \u201cMot\u00edn de Aranjuez\u201d, que provocaron y pagaron en oro los nobles serviles al Pr\u00edncipe de Asturias y en el que Godoy, Pr\u00edncipe de la Paz, Grande de Espa\u00f1a y Primer Ministro, fue derrocado, apaleado y hecho prisionero.<\/li><\/ul>\n\n\n\n<ul><li>Ante esta situaci\u00f3n de fuerza el Rey Carlos IV abdica en su hijo: \u201cComo los achaques de que adolezco no me permiten soportar por m\u00e1s tiempo el grave peso del gobierno de mis reinos y me sea preciso para reparar mi salud gozar en un clima m\u00e1s templado de la tranquilidad de la vida privada, he determinado, despu\u00e9s de la m\u00e1s seria deliberaci\u00f3n, abdicar mi corona en mi heredero y muy caro hijo el Pr\u00edncipe de Asturias\u201d. Y Fernando es proclamado Rey de Espa\u00f1a.<\/li><\/ul>\n\n\n\n<ul><li>Enterado de ello el mariscal Murat, que como lugarteniente de Napole\u00f3n ya domina militarmente Madrid, rechaza la proclamaci\u00f3n del Pr\u00edncipe como Rey y convence a Carlos IV de que retire su abdicaci\u00f3n, cosa que Carlos IV, presionado por la Reina Mar\u00eda Luisa, hace en carta dirigida a Napole\u00f3n: \u201cYo fui forzado a renunciar; pero asegurado ahora con plena confianza en la magnanimidad y el genio del grande hombre que siempre ha mostrado ser amigo m\u00edo, yo he tomado la resoluci\u00f3n de conformarme con todo lo que ese mismo grande hombre quiera disponer de nosotros y de mi suerte, la de la Reina y la del Pr\u00edncipe de la Paz. Dirigido a V.M.I. &nbsp;y R (Vuestra Majestad Imperial y Rey): una protesta contra los sucesos de Aranjuez y contra mi abdicaci\u00f3n. Me entrego y enteramente conf\u00edo en el coraz\u00f3n y amistad de V.M., con lo cual ruego a Dios que os conserve en su santa y digna guarda\u201d.<\/li><\/ul>\n\n\n\n<figure class=\"wp-block-image\"><img decoding=\"async\" src=\"https:\/\/elcorreodeespana.com\/images\/carpeta_gestor\/archivos\/2020\/07\/24\/Captura_de_pantalla_2020-07-24_a_las_13.46.40.png?r=10\" alt=\"Captura_de_pantalla_2020-07-24_a_las_13.46.40\" \/><figcaption><strong>Castillo de Marracq (Bayona) donde se acord\u00f3 la venta de Espa\u00f1a<\/strong><\/figcaption><\/figure>\n\n\n\n<p>Aunque al mismo tiempo y como \u00fanica condici\u00f3n le pide al Mariscal franc\u00e9s que ponga en libertad al \u201cpobre Pr\u00edncipe de la Paz\u201d. La Reina va m\u00e1s all\u00e1, y con una inconsciencia asombrosa, le pide a Murat que consiga de Napole\u00f3n la concesi\u00f3n al Rey su esposo, a ella misma y al Pr\u00edncipe de la Paz de lo necesario para poder vivir los tres juntos en un lugar conveniente para su salud, sin autoridad y sin intrigas.<\/p>\n\n\n\n<p>Lo que plantea una situaci\u00f3n curiosa. El Pr\u00edncipe es Rey por la abdicaci\u00f3n de su padre y no es Rey porque su padre, el Rey, se ha retractado y retirado su abdicaci\u00f3n\u2026 y quien manda y domina Madrid y Espa\u00f1a es Murat en nombre de Napole\u00f3n. Por tanto est\u00e1 claro que ser\u00e1 Rey de Espa\u00f1a quien decida el Emperador franc\u00e9s (que adem\u00e1s est\u00e1 amparado por el Tratado de Erfurt con el Emperador Alejandro I de Rusia, que le cede Espa\u00f1a y por el Tratado de Fontainebleau que unen los destinos de Francia y Espa\u00f1a).<\/p>\n\n\n\n<p>As\u00ed vive Espa\u00f1a entre el&nbsp;\u201dMot\u00edn de Aranjuez\u201d del mes de marzo y finales del mes de abril: con dos Reyes y sin ning\u00fan Rey. En este tiempo el Emperador, que ya tiene en la mente quedarse con la Corona de Espa\u00f1a para hacer Rey a uno de sus hermanos, env\u00eda a Madrid al servir general Savary, duque de Rovigo, para que por las buenas o por las malas les lleve a su presencia al Pr\u00edncipe de Asturias y Fernando, ante el temor de que Napole\u00f3n apoye a su padre y \u00e9l se quede sin Corona, acepta el \u201cviaje\u201d hacia el encuentro con el Emperador (en tres etapas: Burgos, Vitoria y Bayona).<\/p>\n\n\n\n<p>El 19 de abril el Pr\u00edncipe llega a Bayona y esa misma noche cena con Napole\u00f3n, en el castillo de Marracq, donde se ha instalado con la emperatriz Josefina y su Corte. Fernando se enfada porque es tratado como Pr\u00edncipe y no como Rey.<\/p>\n\n\n\n<p>Entonces los Reyes, Carlos IV y Mar\u00eda Luisa, tambi\u00e9n temerosos de que Napole\u00f3n se incline por su hijo, toman con urgencia el camino de Bayona y se presentan ante el Emperador, acompa\u00f1ados, eso s\u00ed, del \u201cquerido Manuel\u201d (Godoy), quien algo sorprendido le dice a Josefina:<\/p>\n\n\n\n<ul><li><strong>\u201cYo no s\u00e9 d\u00f3nde voy a alojar a toda esta gente\u201d<\/strong><\/li><\/ul>\n\n\n\n<p>Y aqu\u00ed comienza la tragicomedia. Porque nada m\u00e1s llegar a Bayona los Reyes y encontrarse con Napole\u00f3n \u00e9ste, sin poder contener, le dice a Savary:<\/p>\n\n\n\n<ul><li><strong>General \u00a1 y \u00e9sta es la Reina de Espa\u00f1a! \u00a1Qu\u00e9 barbaridad! Pero si tiene la piel totalmente amarilla y parece una momia\u2026 Jam\u00e1s hab\u00eda visto una mujer con aire tan falso y malo, ni rid\u00edculo\u2026 \u00bfY el Rey? No me extra\u00f1a que Espa\u00f1a est\u00e9 hundida.<\/strong><\/li><\/ul>\n\n\n\n<ul><li><strong>Sire, \u00bfy qu\u00e9 me dice del amante?<\/strong><\/li><\/ul>\n\n\n\n<ul><li><strong>\u00bfGodoy? Eso se lo dir\u00e9 despu\u00e9s, pues ya llega el Pr\u00edncipe.<\/strong><\/li><\/ul>\n\n\n\n<figure class=\"wp-block-image\"><img decoding=\"async\" src=\"https:\/\/elcorreodeespana.com\/images\/carpeta_gestor\/archivos\/2020\/07\/24\/Captura_de_pantalla_2020-07-24_a_las_13.47.33.png?r=2\" alt=\"Captura_de_pantalla_2020-07-24_a_las_13.47.33\" \/><figcaption><strong>Manuel Godoy, Pr\u00edncipe de la Paz y amante de la Reina Mar\u00eda Luisa<\/strong><\/figcaption><\/figure>\n\n\n\n<p>Y ciertamente el Pr\u00edncipe entr\u00f3 en la estancia acompa\u00f1ado del can\u00f3nico Escoiquiz, su mentor y hombre de confianza, y tras saludar al Emperador se acerc\u00f3 a besar la mano a su padre. Entonces Carlos IV le dio un empuj\u00f3n y lo apart\u00f3 de si sin contemplaciones:\u00a0<\/p>\n\n\n\n<ul><li><strong>\u00bfQu\u00e9, no has ultrajado bastante mis canas? \u00a1Vete! \u00a1No quiero verte! \u00a1Vete!<\/strong><\/li><\/ul>\n\n\n\n<p>Y tuvo que ser el propio Napole\u00f3n quien separase al padre y al hijo, los dos Reyes de Espa\u00f1a, y aplacar al Rey. Naturalmente el Pr\u00edncipe se retir\u00f3. Tras esta primera escena el Emperador hizo pasar al comedor a los \u201cinvitados\u201d y all\u00ed sucedi\u00f3 algo digno de Quevedo.<\/p>\n\n\n\n<p>El protocolo imperial hab\u00eda montado dos mesas separadas: una para el Emperador, la Emperatriz y los Reyes y otras para los mariscales Lannes y Bessi\u00e9res, el general Savary y Godoy, el Pr\u00edncipe de la Paz. Eso no le gust\u00f3 al Rey y menos a la Reina. Quer\u00edan que Godoy estuviese a su lado y as\u00ed se lo hicieron saber a Napole\u00f3n, quien sin poder evitar una sonrisa acepta la petici\u00f3n y enseguida acomodan a Godoy en la mesa presidencial, justo a la derecha de la Reina. Los mariscales y Savary se llevan las manos a la cabeza \u00a1diplom\u00e1ticamente!<\/p>\n\n\n\n<p>Pero, antes de iniciarse la comida, todav\u00eda Napole\u00f3n tiene que presenciar el ins\u00f3lito \u201ccaso del agua\u201d, ya que era costumbre del Rey de Espa\u00f1a ponerse ante s\u00ed tres jarras de agua con temperaturas distintas. Entonces el Rey, sabia y minuciosamente las mezclaba hasta encontrar el resultado a su gusto. Napole\u00f3n, Josefina y los Mariscales abr\u00edan los ojos con sorpresa.<\/p>\n\n\n\n<p>Entonces, y solo entonces (o sea, cuando vio a Godoy sentado en su mesa y se hab\u00eda servido y probado el primer vaso de agua) se dirigi\u00f3 a Napole\u00f3n en estos t\u00e9rminos:<\/p>\n\n\n\n<ul><li><strong>Sire, sabe que soy un admirador y servidor de S.M.I. (Su Majestad Imperial) y que har\u00e9 lo que S.M.I. se digne a decidir sobre mis Reinos. Francia ser\u00e1 m\u00e1s grande con Espa\u00f1a a su lado. Disponga, pues, S.M.I. y R. de la Corona de Espa\u00f1a como mejor le plazca y mi admiraci\u00f3n por el hombre m\u00e1s grande de la Historia ser\u00e1 total.&nbsp;<\/strong><\/li><\/ul>\n\n\n\n<figure class=\"wp-block-image\"><img decoding=\"async\" src=\"https:\/\/elcorreodeespana.com\/images\/carpeta_gestor\/archivos\/2020\/07\/24\/Captura_de_pantalla_2020-07-24_a_las_13.48.22.png?r=2\" alt=\"Captura_de_pantalla_2020-07-24_a_las_13.48.22\" \/><figcaption><strong>Fernando VII, el Rey \u201cfel\u00f3n\u201d<\/strong><\/figcaption><\/figure>\n\n\n\n<p>Naturalmente Napole\u00f3n se sinti\u00f3 halagado y sobre todo satisfecho, pues ve\u00eda cumplirse sus planes. As\u00ed que tom\u00f3 la palabra y tras \u201cecharle piropos\u201d al Rey y a la Reina (y hasta al Pr\u00edncipe de la Paz) les fue explicando y convenciendo de la necesidad que ten\u00eda, en bien de Europa, de la Corona de Espa\u00f1a. Palabras, palabras, palabras\u2026 que cuando Napole\u00f3n se pon\u00eda a hablar de sus sue\u00f1os y sus proyectos hasta resultaba simp\u00e1tico y arrollador. Tambi\u00e9n sac\u00f3 a relucir la situaci\u00f3n del Pr\u00edncipe de Asturias y sus temores ante la tozudez que mostraba, \u201cSu hijo est\u00e1 mal aconsejado por esos nobles que tanto le influyen y tanto le perjudican\u201d (especialmente -dijo- ese can\u00f3nigo que no le deja ni a sol ni a sombra).<\/p>\n\n\n\n<p>Pero, el Rey, que parec\u00eda estar en otro mundo, en lugar de responder algo al Emperador se limit\u00f3 a decirle a la Reina:<\/p>\n\n\n\n<ul><li><strong>Oye, Luisa, come m\u00e1s de esto que est\u00e1 buen\u00edsimo.<\/strong><\/li><\/ul>\n\n\n\n<p>Napole\u00f3n, una vez m\u00e1s sorprendido, miraba a sus generales y sonre\u00eda con toda la piller\u00eda que hab\u00eda aprendido del sibilino Talleyrand y pensando que \u201caquel fantoche solo pensaba en comer mientras le arrebataban su Corona y sus Reinos\u201d.<\/p>\n\n\n\n<p>Lo curioso es que esta comida y esta escena suced\u00edan, precisamente, el d\u00eda \u201c2 de mayo\u201d de 1808\u2026 justo mientras los mamelucos aplastaban a los madrile\u00f1os en la Puerta del Sol y en el Parque de Montele\u00f3n. \u00a1\u00a1Iron\u00edas del destino!!<\/p>\n\n\n\n<p>Sin embargo, lo \u201cgordo\u201d vino tres d\u00edas despu\u00e9s, el 5 de mayo, es decir, cuando las noticias de la masacre y los fusilamientos de Madrid llegaron a Bayona, porque entonces el Emperador \u201cvol\u00f3\u201d a caballo a la residencia donde hab\u00eda instalado a los Reyes de Espa\u00f1a y hasta all\u00ed hizo llevar al Pr\u00edncipe Fernando\u2026 a quien acus\u00f3 nada m\u00e1s verle y frontalmente de haber fomentado el mot\u00edn. Carlos IV aprueba las palabras del Emperador y le grita al hijo:<\/p>\n\n\n\n<ul><li><strong>\u00a1T\u00fa! \u00a1T\u00fa has sido seguro el incitador de esa carnicer\u00eda! \u00a1La sangre de mis vasallos ha corrido y tambi\u00e9n la de los soldados de mi gran amigo Napole\u00f3n por tu culpa! \u00a1Vete! \u00a1No quiero verte m\u00e1s!<\/strong><\/li><\/ul>\n\n\n\n<p>Y la Reina, \u201checha una furia\u201d -seg\u00fan el bi\u00f3grafo Castelot- insulta ferozmente a su hijo y le grita a la cara:<\/p>\n\n\n\n<ul><li><strong>\u00a1Bastardo! \u00a1Eres un bastardo! \u00a1Y maldita la hora que te traje al mundo! \u00a1Te ten\u00edamos que haber fusilado cuando lo de El Escorial!<\/strong><\/li><\/ul>\n\n\n\n<p>Y dirigi\u00e9ndose a Napole\u00f3n:<\/p>\n\n\n\n<ul><li><strong>Sire, no lo dude \u00a1mande a este bastardo al cadalso!<\/strong><\/li><\/ul>\n\n\n\n<p>Napole\u00f3n, sin embargo, aprovecha el momento y la situaci\u00f3n para decirle con cara de pocos amigos al Pr\u00edncipe de Asturias:<\/p>\n\n\n\n<ul><li><strong>Si de aqu\u00ed a media noche no hab\u00e9is reconocido a vuestro padre como Rey leg\u00edtimo y lo comunic\u00e1is a Madrid, ser\u00e9is tratado por m\u00ed como un rebelde. Se acabaron las contemplaciones.<\/strong><\/li><\/ul>\n\n\n\n<p>Y Fernando, cobarde como siempre, espantado y lleno de miedo, no solo cede, abdica y reconoce a su padre como Rey leg\u00edtimo, sino que se acerca a Carlos IV y se hinca de rodillas llorando y pidi\u00e9ndole perd\u00f3n, como hijo y como s\u00fabdito.<\/p>\n\n\n\n<figure class=\"wp-block-image\"><img decoding=\"async\" src=\"https:\/\/elcorreodeespana.com\/images\/carpeta_gestor\/archivos\/2020\/07\/24\/Captura_de_pantalla_2020-07-24_a_las_13.49.06.png?r=1\" alt=\"Captura_de_pantalla_2020-07-24_a_las_13.49.06\" \/><figcaption><strong>Castillo de Valen\u00e7ay, residencia del Ministro Talleyrand<\/strong><\/figcaption><\/figure>\n\n\n\n<p><strong>Mariscal Lannes -dice Napole\u00f3n- acompa\u00f1e al Pr\u00edncipe a su residencia y aseg\u00farese que ma\u00f1ana mismo salga para su nuevo destino en el castillo de Valen\u00e7ay.<\/strong><\/p>\n\n\n\n<p>Y al quedarse solo con los Reyes, Carlos IV ya no duda y abdica a favor de Napole\u00f3n. El Reino de Espa\u00f1a ya tiene nuevo Rey, porque el Emperador ya hab\u00eda elegido a su hermano Jos\u00e9 para sustituir a los espa\u00f1oles.<\/p>\n\n\n\n<p>Sin embargo, la Reina, m\u00e1s atrevida o m\u00e1s insensata que el Rey, se dirige a Napole\u00f3n y le dice:<\/p>\n\n\n\n<ul><li><strong>Sire, al Rey y a la Reina les complace que este asunto tan espinoso se haya resuelto a favor de S.M.I., pero creo que a cambio S.M.I. deber\u00eda proporcionarnos los medios necesarios para nuestra subsistencia y un lugar decente para retirarnos con nuestro querido Pr\u00edncipe de la Paz. Los tres queremos vivir apartados y lejos de cualquier intriga.<\/strong><\/li><li><strong>Se\u00f1ora -le responde Napole\u00f3n- Francia nunca abandona a sus amigos. Ser\u00e1n siempre atendidos como Reyes.<\/strong><\/li><\/ul>\n\n\n\n<figure class=\"wp-block-image\"><img decoding=\"async\" src=\"https:\/\/elcorreodeespana.com\/images\/carpeta_gestor\/archivos\/2020\/07\/24\/Captura_de_pantalla_2020-07-24_a_las_13.50.12.png?r=9\" alt=\"Captura_de_pantalla_2020-07-24_a_las_13.50.12\" \/><\/figure>\n\n\n\n<p><strong>Ninguno de los tres volver\u00edan a Espa\u00f1a en vida.<\/strong><\/p>\n\n\n\n<p><strong><em>Los Reyes y Godoy recibir\u00edan 6 millones de francos anuales y los castillos de Compi\u00e8gne y Chambord, m\u00e1s la servidumbre necesaria, y de por vida.<\/em><\/strong><\/p>\n\n\n\n<p>Sin embargo, s\u00ed volvieron a ver en dos ocasiones a S.M.I. Napole\u00f3n Bonaparte, una a la vuelta de su r\u00e1pida campa\u00f1a en Espa\u00f1a y la toma de Madrid y otra poco antes de su marcha a la campa\u00f1a de Rusia. Entonces supo por el siempre servir general Savary lo siguiente:<\/p>\n\n\n\n<ul><li><strong>Sire, lo de esta familia no tiene nombre. \u00bfSabe, Sire, que el Rey, la Reina y Godoy viven juntos los tres como si fuesen un solo matrimonio?<\/strong><\/li><li><strong>\u00bfEn la cama tambi\u00e9n? -pregunta con sorna el Emperador.<\/strong><\/li><li><strong>Seg\u00fan sus servidores, tambi\u00e9n. Bueno, en realidad tienen tres dormitorios, cada uno el suyo\u2026 pero las Damas de Honor de la Reina y las doncellas aseguran que muchas ma\u00f1anas los han encontrado a los tres en la cama de la Reina.<\/strong><\/li><li><strong>O sea, una cama redonda.<\/strong><\/li><li><strong>Por lo que se dice, s\u00ed, Sire.<\/strong><\/li><li><strong>Bueno, general, si ellos son felices as\u00ed no se inmiscuya en sus vidas privadas. \u00a1Son pobres gentes! \u2026 y no se puede comprar un Imperio por menos.<\/strong><\/li><\/ul>\n\n\n\n<p>Bueno, ya lo saben, yo ni quito ni pongo Rey pero ayudo a mi se\u00f1or\u2026y mi se\u00f1or ser\u00e1 siempre\u2026 \u00a1La verdad y la Historia! (o la Intrahistoria).<\/p>\n\n\n\n<p><strong>Julio MERINO<\/strong><\/p>\n\n\n\n<p><strong>Periodista y Miembro de la Real Academia de C\u00f3rdoba<\/strong><\/p>\n","protected":false},"excerpt":{"rendered":"<p>Autor: Julio Merino Fuente: elcorreodeespana.com 25\/07\/2020 Por seis millones de francos anuales y dos castillos en Francia) Napole\u00f3n: \u201cNo se puede comprar un Imperio por menos\u201d Me contaba mi viejo amigo Federico Carlos Sainz de Robles, el m\u00e1ximo conocedor de la obra de Gald\u00f3s, que Don Benito se muri\u00f3 sin poder llevar a cabo el &hellip; <a href=\"https:\/\/blogsaverroes.juntadeandalucia.es\/aldeacordoba\/?p=1228\" class=\"more-link\">Continuar leyendo<span class=\"screen-reader-text\"> \u00abMemoria Hist\u00f3rica: 1808. As\u00ed vendieron Espa\u00f1a a Napole\u00f3n los Borbones\u00bb<\/span><\/a><\/p>\n","protected":false},"author":168,"featured_media":0,"comment_status":"open","ping_status":"open","sticky":false,"template":"","format":"standard","meta":{"ngg_post_thumbnail":0,"footnotes":""},"categories":[224380,224397],"tags":[224471,224600,224788],"aioseo_notices":[],"_links":{"self":[{"href":"https:\/\/blogsaverroes.juntadeandalucia.es\/aldeacordoba\/index.php?rest_route=\/wp\/v2\/posts\/1228"}],"collection":[{"href":"https:\/\/blogsaverroes.juntadeandalucia.es\/aldeacordoba\/index.php?rest_route=\/wp\/v2\/posts"}],"about":[{"href":"https:\/\/blogsaverroes.juntadeandalucia.es\/aldeacordoba\/index.php?rest_route=\/wp\/v2\/types\/post"}],"author":[{"embeddable":true,"href":"https:\/\/blogsaverroes.juntadeandalucia.es\/aldeacordoba\/index.php?rest_route=\/wp\/v2\/users\/168"}],"replies":[{"embeddable":true,"href":"https:\/\/blogsaverroes.juntadeandalucia.es\/aldeacordoba\/index.php?rest_route=%2Fwp%2Fv2%2Fcomments&post=1228"}],"version-history":[{"count":0,"href":"https:\/\/blogsaverroes.juntadeandalucia.es\/aldeacordoba\/index.php?rest_route=\/wp\/v2\/posts\/1228\/revisions"}],"wp:attachment":[{"href":"https:\/\/blogsaverroes.juntadeandalucia.es\/aldeacordoba\/index.php?rest_route=%2Fwp%2Fv2%2Fmedia&parent=1228"}],"wp:term":[{"taxonomy":"category","embeddable":true,"href":"https:\/\/blogsaverroes.juntadeandalucia.es\/aldeacordoba\/index.php?rest_route=%2Fwp%2Fv2%2Fcategories&post=1228"},{"taxonomy":"post_tag","embeddable":true,"href":"https:\/\/blogsaverroes.juntadeandalucia.es\/aldeacordoba\/index.php?rest_route=%2Fwp%2Fv2%2Ftags&post=1228"}],"curies":[{"name":"wp","href":"https:\/\/api.w.org\/{rel}","templated":true}]}}