{"id":1230,"date":"2020-08-11T09:43:00","date_gmt":"2020-08-11T08:43:00","guid":{"rendered":"https:\/\/jmoragahc.wordpress.com\/?p=1230"},"modified":"2020-08-11T09:43:00","modified_gmt":"2020-08-11T08:43:00","slug":"los-consejos-que-napoleon-desprecio-sobre-la-locura-de-conquistar-espana-se-creia-invencible-y-cayo","status":"publish","type":"post","link":"https:\/\/blogsaverroes.juntadeandalucia.es\/aldeacordoba\/?p=1230","title":{"rendered":"Los consejos que Napole\u00f3n despreci\u00f3 sobre la \u00ablocura\u00bb de conquistar Espa\u00f1a: \u00abSe cre\u00eda invencible y cay\u00f3\u00bb"},"content":{"rendered":"\n<figure class=\"wp-block-image size-large\"><img decoding=\"async\" src=\"https:\/\/static3.abc.es\/media\/historia\/2020\/08\/04\/Napoleon-consejos-invasion-1808-espana-kZdH--620x349@abc.JPG\" alt=\"\" \/><figcaption>Montaje de un detalle del cuadro de Paul Delaroche (1845) representando a Napole\u00f3n tras la abdicaci\u00f3n en Fontainebleau, sobre una bandera de Espa\u00f1a utilizada en la Guerra de Indendencia &#8211;\u00a0ABC<\/figcaption><\/figure>\n\n\n\n<p><strong>Autor<\/strong>: Israel Viana <\/p>\n\n\n\n<p><strong>Fuente<\/strong>: <a href=\"https:\/\/www.abc.es\/historia\/abci-consejos-napoleon-desprecio-sobre-locura-conquistar-espana-creia-invencible-y-cayo-202008040106_noticia.html#vca=rrss&amp;vmc=abc-es&amp;vso=fb&amp;vli=cm-general&amp;_tcode=bWdmbGgz\">abc.es\/historia 05\/08\/2020<\/a><\/p>\n\n\n\n<p>Dicho por sus propios generales pocos a\u00f1os despu\u00e9s de ser humillado en la&nbsp;<a href=\"https:\/\/www.abc.es\/historia\/abci-unidad-espanola-toreros-caballo-humillo-letal-caballeria-napoleon-bailen-201807181434_noticia.html#vca=mod-sugeridos-p1&amp;vmc=relacionados&amp;vso=bailen-asi-humillo-una-unidad-de-toreros-espanoles-a-la-caballeria-de-elite-de-napoleon&amp;vli=noticia.video.historia\">Guerra de Independencia<\/a>&nbsp;de 1808, a&nbsp;<a href=\"https:\/\/www.abc.es\/historia\/abci-gran-mentira-historica-sobre-estatura-napoleon-bonaparte-mito-britanico-201810140305_noticia.html\">Napole\u00f3n Bonaparte<\/a>&nbsp;le sali\u00f3 muy cara la osad\u00eda de intentar conquistar Espa\u00f1a. No cabe duda de que por aquellos a\u00f1os, el emperador franc\u00e9s se consideraba ya due\u00f1o y se\u00f1or de Europa. En solo tres a\u00f1os se hab\u00eda designado Rey de Italia y colocado a su hermano Luis al frente del Reino de Holanda. Hab\u00eda conquistado el Reino de N\u00e1poles y nombrado monarca a su hermano mayor, Jos\u00e9. Tambi\u00e9n hab\u00eda establecido y puesto bajo su protecci\u00f3n la Confederaci\u00f3n del Rin con casi todo los Estados alemanes. Y, por \u00faltimo, hab\u00eda aniquilado a los Ej\u00e9rcitos de Prusia, Rusia y Austria y conquistado Portugal, el ducado de Varsovia y el Reino de Westfalia.<\/p>\n\n\n\n<p>Sin embargo, la invasi\u00f3n de Espa\u00f1a en 1808 fue su perdici\u00f3n. Un hecho que Napole\u00f3n no reconoci\u00f3 hasta encontrarse&nbsp;<a href=\"https:\/\/www.abc.es\/historia\/abci-conto-prensa-espanola-muerte-napoleon-dios-y-nacion-francesa-201707260118_noticia.html\">en su lecho de muerte en la isla de Santa Elena<\/a>. \u00abTodas las circunstancias de mis desastres vienen a vincularse con este nudo fatal; la guerra de Espa\u00f1a destruy\u00f3 mi reputaci\u00f3n en Europa, enmara\u00f1\u00f3 mis dificultades y fue una escuela para los soldados ingleses. Fui yo quien form\u00f3 al ej\u00e9rcito brit\u00e1nico en la Pen\u00ednsula\u00bb, escribi\u00f3 el emperador en las memorias que escribi\u00f3 durante su destierro.<\/p>\n\n\n\n<p>No lo vio a tiempo, no calcul\u00f3 bien sus posibilidades y, sobre todo, no quiso escuchar los consejos de sus lugartenientes m\u00e1s experimentados. De ello hab\u00eda dejado constancia en 1807, cuando zanj\u00f3 la discusi\u00f3n con sus generales con estas palabras: \u00abEs un juego de ni\u00f1os. Esa gente no sabe lo que es un ej\u00e9rcito franc\u00e9s, cr\u00e9anme, ser\u00e1 r\u00e1pido. Cuando mi gran carro pol\u00edtico est\u00e1 lanzado, tiene que pasar, y pobre de aquel que caiga bajo sus ruedas\u00bb.<\/p>\n\n\n\n<h3 class=\"wp-block-heading\">\u00abLa gente sufr\u00eda\u00bb<\/h3>\n\n\n\n<p>Con un mont\u00f3n de opositores y la prensa amordazada en Francia, uno de los primeros cr\u00edticos de Napole\u00f3n fue uno de sus capitanes,&nbsp;<strong>Fra\u00e7ois-Casimir<\/strong>, que describi\u00f3 as\u00ed el sufrimiento de sus compa\u00f1eros en Espa\u00f1a, durante los primeros compases de la guerra: \u00abLa gente sufr\u00eda como si estuviera asfixiada entre dos colchones\u00bb. Algo que experiment\u00f3 \u00e9l mismo en sus propias carnes, pues pas\u00f3 varios a\u00f1os preso de los brit\u00e1nicos antes de poder regresar a su pa\u00eds.<\/p>\n\n\n\n<p>Antes del inicio de las hostilidades, Napole\u00f3n ve\u00eda a Espa\u00f1a como un objetivo f\u00e1cil. Un pa\u00eds muy dividido y en continua competencia por controlar el poder. Por un lado, los partidarios de&nbsp;<a href=\"https:\/\/www.abc.es\/historia\/abci-carlos-no-pelele-bobalicon-y-cornudo-pintaron-detractores-202005200144_noticia.html\">Carlos IV&nbsp;<\/a>y el primer ministro Manuel Godoy y, por otro, la nobleza, ej\u00e9rcito y clero, que conspiraban alrededor del hijo del monarca, Fernando. El \u00abComplot de El Escorial\u00bb, en octubre de 1807, fue un reflejo de dicha crisis y Bonaparte, muy h\u00e1bil, procur\u00f3 situarse en medio de ambos bandos para ganarse el favor de todos y, en un futuro pr\u00f3ximo, incorporar la Pen\u00ednsula Ib\u00e9rica y todas sus riquezas coloniales al imperio franc\u00e9s.<\/p>\n\n\n\n<p>El plan trazado parec\u00eda desarrollarse a la perfecci\u00f3n. Enga\u00f1\u00f3 a Godoy para que firmara el Tratado de Fontainebleau en octubre de 1807. As\u00ed obtuvo el permiso de Carlos IV para atraversar Espa\u00f1a con 110.000 soldados, con el objetivo de, supuestamente, conquistar Portugal. Pero todo era un enga\u00f1o. A su paso por nuestro pa\u00eds, el ambicioso general empez\u00f3 a conquistar todas las ciudades que se encontr\u00f3 a su paso. No parec\u00eda que algo pudiera salir mal, sobre todo despu\u00e9s de que Napole\u00f3n consiguiera que toda la Familia Real dejara Espa\u00f1a, en mayo de 1808, y viajara hasta Bayona para que el Rey y su hijo&nbsp;<a href=\"https:\/\/www.abc.es\/cultura\/libros\/abci-fernando-indeseable-deseado-201807290122_noticia.html\">Fernando VII<\/a>&nbsp;abdicaran oficialmente en favor de su hermano Jos\u00e9.<\/p>\n\n\n\n<h3 class=\"wp-block-heading\">La \u00ab\u00falcera\u00bb de Napole\u00f3n<\/h3>\n\n\n\n<p>La trampa estaba hecha, porque el general Joachim Murat, cu\u00f1ado de Bonaparte y jefe de su Ej\u00e9rcito en Espa\u00f1a, se encontraba ya&nbsp;<a href=\"https:\/\/www.abc.es\/historia\/abci-desaparecida-y-gigantesca-ciudad-fortificada-napoleon-construyo-centro-madrid-202004152322_noticia.html\">apostado en Chamart\u00edn con 25.000 mil hombres<\/a>. \u00abNos cuesta mucho trabajo creer que los prop\u00f3sitos de los franceses no fueran evidentes ante los ojos de nuestros conciudadanos. Los testigos nos hablan insistentemente del malestar creciente de la poblaci\u00f3n madrile\u00f1a. No sab\u00edan qu\u00e9 hacer, porque los galos ten\u00edan en la capital a todos aquellos soldados\u00bb, explicaba el comandante Jos\u00e9 Manuel Guerrero en su art\u00edculo&nbsp;<a href=\"http:\/\/bibliotecavirtualdefensa.es\/BVMDefensa\/i18n\/catalogo_imagenes\/grupo.cmd?path=75088\" target=\"_blank\" rel=\"noreferrer noopener\">\u00abEl ej\u00e9rcito franc\u00e9s en Madrid\u00bb<\/a>, publicado en la \u00abRevista de Historia Militar\u00bb en 2004.<\/p>\n\n\n\n<div class=\"wp-block-image\"><figure class=\"alignright is-resized\"><img loading=\"lazy\" decoding=\"async\" src=\"https:\/\/static2.abc.es\/media\/historia\/2020\/08\/04\/Joachim_Murat-kZdH--220x220@abc.jpg\" alt=\"Joachim Murat, en un cuadro de Jean Baptiste Joseph Wicar\" width=\"252\" height=\"252\" \/><figcaption>Joachim Murat, en un cuadro de Jean Baptiste Joseph Wicar<\/figcaption><\/figure><\/div>\n\n\n\n<p>Cuando alguno de sus ministros intent\u00f3 demostrarle que la conquista era una tarea muy dif\u00edcil, los argumentos que le daban eran barridos por Napole\u00f3n con respuesta tan insolentes como: \u00abSi esta guerra fuera a costarme 80.000 soldados, no la har\u00eda, pero no llegar\u00e1n a 12.000\u00bb. No se imaginaba entonces, ni por lo m\u00e1s remoto, que la mayor\u00eda de sus 110.000 soldados no regresar\u00eda jam\u00e1s a Francia, ni que empezaba a gestarse la cat\u00e1strofe que algunos historiadores calificaron como su&nbsp;<a href=\"https:\/\/www.abc.es\/espana\/20141101\/abci-furia-espanola-desespero-napoleon-201410271410.html\">\u00ab\u00falcera\u00bb<\/a>.<\/p>\n\n\n\n<p>En varias ocasiones, el emperador franc\u00e9s expres\u00f3 tambi\u00e9n su opini\u00f3n despectiva hacia nuestro ej\u00e9rcito y hac\u00eda Espa\u00f1a en general, asegurando que podr\u00eda anexionarlo con tropas de segunda categor\u00eda, con poco presupuesto y escaso equipo. Y a pesar de las advertencias, se resisti\u00f3 a considerar como peligrosa la fuerza de los patriotas espa\u00f1oles, a los que a menudo calificaba de \u00abbrigands\u00bb (bandoleros). Nadie pudo hacerle entrar en raz\u00f3n. En palabras de&nbsp;<a href=\"https:\/\/www.abc.es\/cultura\/cultural\/abci-adrian-shubert-espartero-figura-digna-stendhal-201811160219_noticia.html\">Stendhal<\/a>, el genial autor de \u00abRojo y negro\u00bb, sus propios ministros estaban \u00abse sent\u00edan embotados\u00bb por la autoridad desmedida que demostraba y por el desquiciado ritmo de trabajo que hab\u00eda impuesto a su Ej\u00e9rcito durante los a\u00f1os anteriores.<\/p>\n\n\n\n<h3 class=\"wp-block-heading\">\u00abNapole\u00f3n ya no era el general Bonaparte\u00bb<\/h3>\n\n\n\n<p>El coronel&nbsp;<strong>Charles D\u2019Agoult<\/strong>, que hab\u00eda sido nombrado segundo teniente con solo 17 a\u00f1os y que hab\u00eda participado activamente en la conquista de Espa\u00f1a, fue tambi\u00e9n muy cr\u00edtico con su emperador:\u00abDel genio a la locura no hay tanta distancia. Ya sea enajenaci\u00f3n por el poder absoluto, ya sea por un debilitamiento prematuro de sus facultades, no hay duda de que Napole\u00f3n ya no era el general Bonaparte\u00bb.<\/p>\n\n\n\n<p>Al igual que&nbsp;<strong>Maximilien S\u00e9bastien Foy<\/strong>, el general franc\u00e9s que lleg\u00f3 a Tolosa y acab\u00f3 retir\u00e1ndose a Ir\u00fan, huyendo finalmente a Francia: \u00abLa naturaleza fija un l\u00edmite m\u00e1s all\u00e1 del cual las empresas locas no pueden ser conducidas con prudencia. Ese l\u00edmite, el emperador lo alcanz\u00f3 en Espa\u00f1a y lo rebas\u00f3 en Rusia. Si entonces hubiese escapado a su ruina, su inflexible fatuidad lo hubiese llevado a encontrarlo en cualquier otra parte distinta a Bail\u00e9n o Mosc\u00fa\u00bb.<\/p>\n\n\n\n<p>No pens\u00f3 que por el camino se encontrar\u00eda al&nbsp;<a href=\"https:\/\/www.abc.es\/historia\/abci-general-castanos-loas-prensa-heroe-sirvio-ochenta-anos-ejercito-espanol-y-murio-pobre-201809200113_noticia.html\">general Casta\u00f1os<\/a>, al&nbsp;<a href=\"https:\/\/www.abc.es\/historia\/abci-ensalzo-prensa-1808-empecinado-sembrar-espana-cadaveres-franceses-201808100208_noticia.html\">Empecinado&nbsp;<\/a>y a un pueblo entero dispuesto a hacerle frente aunque fuera con piedras, como demostr\u00f3 desde el mismo 2 de mayo de 1808, cuando Madrid salt\u00f3 por los aires. \u00abSe o\u00edan gritos de \u201c\u00a1armas, armas, armas!\u201d. Los que no vociferaban en las calles, vociferaban en los balcones. Y la mitad de los madrile\u00f1os eran simplemente curiosos al principio, despu\u00e9s de la aparici\u00f3n de la artiller\u00eda todos fueron actores\u00bb, contaba&nbsp;<a href=\"https:\/\/www.abc.es\/cultura\/libros\/abci-episodios-nacionales-galdos-y-obra-completa-gratis-online-centenario-202004080137_noticia.html\">Benito P\u00e9rez Gald\u00f3s<\/a>&nbsp;en sus \u00abEpisodios Nacionales\u00bb. Los espa\u00f1oles no tardaron en levantarse, convencidos de que pod\u00eda y deb\u00edan echar al invasor. El Gobierno llam\u00f3 a filas a sus ciudadanos y consiguieron reunir a 30.000 hombres, la gran mayor\u00eda de ellos milicianos sin ninguna experiencia en combate.<\/p>\n\n\n\n<h3 class=\"wp-block-heading\">\u00abEspa\u00f1a destruy\u00f3 mi reputaci\u00f3n\u00bb<\/h3>\n\n\n\n<p>La Guerra de Independencia se sald\u00f3 con 110.000 bajas entre los franceses, seg\u00fan las cifras de Jean Houdaille, a los que habr\u00eda que sumar otros 60.000 muertos m\u00e1s de las tropas aliadas que les acompa\u00f1aron. \u00abEspa\u00f1a, fortuna de los generales, tumba de los soldados\u00bb, llegaron a escribir con tiza muchos de sus soldados en las casas espa\u00f1oles, en abierta se\u00f1al de desaprobaci\u00f3n con las decisiones de Napole\u00f3n. Seg\u00fan Fran\u00e7ois Malye en&nbsp;<a href=\"https:\/\/books.google.es\/books?id=kXGngJ3QMzUC&amp;pg=PA12&amp;dq=Espa%C3%B1a,+el+infierno+de+Napole%C3%B3n&amp;hl=es&amp;sa=X&amp;ved=0ahUKEwi-zMzzkOnoAhVFyhoKHSs1Ah0Q6AEIVDAG#v=onepage&amp;q=Espa%C3%B1a%2CelinfiernodeNapole%C3%B3n&amp;f=false\" target=\"_blank\" rel=\"noreferrer noopener\">\u00abNapole\u00f3n y la locura espa\u00f1ola\u00bb<\/a>&nbsp;(Edaf, 2008), estas cr\u00edticas se deb\u00edan a que los soldados viv\u00edan la guerra como una \u00ablocura\u00bb y \u00abun infierno\u00bb, donde \u00abla violencia del conflicto permanecer\u00e1 en su memoria durante a\u00f1os, con aquellas feroces represalias que suced\u00edan a unas atrocidades espantosas\u00bb.<\/p>\n\n\n\n<p>El historiador franc\u00e9s explica que algunos de estos, como es el caso de&nbsp;<strong>Junot<\/strong>&nbsp;y&nbsp;<strong>Fournier-Sarlov\u00e8ze<\/strong>, sufrieron enfermedades mentales cl\u00ednicamente probadas por los reveses sufridos en sus enfrentamientos con los espa\u00f1oles, puesto que eran soldados con el esp\u00edritu ya quebrado por las heridas y la furia de quince a\u00f1os de guerras. Otros mostraron su oposici\u00f3n al despotismo del emperador por razones mucho m\u00e1s ego\u00edstas. \u00abNos quit\u00f3 de cargar la mochila antes de tiempo\u00bb, reproch\u00f3 en 1814 el&nbsp;<strong>mariscal Lefebvre<\/strong>, al considerar que no les hab\u00eda permitido enriquecerse tanto como \u00e9l al ordenar la huida de Espa\u00f1a. Lo dijo precisamente tras la entrevista que los mariscales sostuvieron con \u00e9l para forzarle a su primera abdicaci\u00f3n. Y algunos generales, adem\u00e1s, protagonizaron conspiraciones contra Napole\u00f3n, como la \u00abde Oporto\u00bb, en la que intentaron socavar su poder, pero este reaccion\u00f3 a tiempo y los apart\u00f3 del Ej\u00e9rcito.<\/p>\n\n\n\n<p>\u00ab\u00bfC\u00f3mo pudo pensar que un conflicto de esta importancia pod\u00eda dirigirse desde Par\u00eds, cuando sus correos tardaban dos meses en llegarles a sus generales, siempre y cuando los emisarios no fueran masacrados antes por los guerrilleros?\u00bb, se pregunta Malye. \u00abEn 1807, el emperador, en la cima de su gloria, se cre\u00eda invencible. Esa ser\u00e1 la causa de su ca\u00edda. Embriagado por dos a\u00f1os de victorias, de Austerlitz a Friendland, ahora reinaba sobre un inmenso imperio y distribu\u00eda las coronas de la vieja Europa entre los miembros de su familia\u00bb, responde el historiador franc\u00e9s. Pero, efectivamente, Napole\u00f3n subestim\u00f3 y menospreci\u00f3 el valor y la fuerza del Ej\u00e9rcito espa\u00f1ol.<\/p>\n","protected":false},"excerpt":{"rendered":"<p>Autor: Israel Viana Fuente: abc.es\/historia 05\/08\/2020 Dicho por sus propios generales pocos a\u00f1os despu\u00e9s de ser humillado en la&nbsp;Guerra de Independencia&nbsp;de 1808, a&nbsp;Napole\u00f3n Bonaparte&nbsp;le sali\u00f3 muy cara la osad\u00eda de intentar conquistar Espa\u00f1a. No cabe duda de que por aquellos a\u00f1os, el emperador franc\u00e9s se consideraba ya due\u00f1o y se\u00f1or de Europa. En solo tres &hellip; <a href=\"https:\/\/blogsaverroes.juntadeandalucia.es\/aldeacordoba\/?p=1230\" class=\"more-link\">Continuar leyendo<span class=\"screen-reader-text\"> \u00abLos consejos que Napole\u00f3n despreci\u00f3 sobre la \u00ablocura\u00bb de conquistar Espa\u00f1a: \u00abSe cre\u00eda invencible y cay\u00f3\u00bb\u00bb<\/span><\/a><\/p>\n","protected":false},"author":168,"featured_media":0,"comment_status":"open","ping_status":"open","sticky":false,"template":"","format":"standard","meta":{"ngg_post_thumbnail":0,"footnotes":""},"categories":[224380,224397],"tags":[224639,224787],"aioseo_notices":[],"_links":{"self":[{"href":"https:\/\/blogsaverroes.juntadeandalucia.es\/aldeacordoba\/index.php?rest_route=\/wp\/v2\/posts\/1230"}],"collection":[{"href":"https:\/\/blogsaverroes.juntadeandalucia.es\/aldeacordoba\/index.php?rest_route=\/wp\/v2\/posts"}],"about":[{"href":"https:\/\/blogsaverroes.juntadeandalucia.es\/aldeacordoba\/index.php?rest_route=\/wp\/v2\/types\/post"}],"author":[{"embeddable":true,"href":"https:\/\/blogsaverroes.juntadeandalucia.es\/aldeacordoba\/index.php?rest_route=\/wp\/v2\/users\/168"}],"replies":[{"embeddable":true,"href":"https:\/\/blogsaverroes.juntadeandalucia.es\/aldeacordoba\/index.php?rest_route=%2Fwp%2Fv2%2Fcomments&post=1230"}],"version-history":[{"count":0,"href":"https:\/\/blogsaverroes.juntadeandalucia.es\/aldeacordoba\/index.php?rest_route=\/wp\/v2\/posts\/1230\/revisions"}],"wp:attachment":[{"href":"https:\/\/blogsaverroes.juntadeandalucia.es\/aldeacordoba\/index.php?rest_route=%2Fwp%2Fv2%2Fmedia&parent=1230"}],"wp:term":[{"taxonomy":"category","embeddable":true,"href":"https:\/\/blogsaverroes.juntadeandalucia.es\/aldeacordoba\/index.php?rest_route=%2Fwp%2Fv2%2Fcategories&post=1230"},{"taxonomy":"post_tag","embeddable":true,"href":"https:\/\/blogsaverroes.juntadeandalucia.es\/aldeacordoba\/index.php?rest_route=%2Fwp%2Fv2%2Ftags&post=1230"}],"curies":[{"name":"wp","href":"https:\/\/api.w.org\/{rel}","templated":true}]}}