{"id":1291,"date":"2020-09-18T09:25:00","date_gmt":"2020-09-18T08:25:00","guid":{"rendered":"https:\/\/jmoragahc.wordpress.com\/?p=1291"},"modified":"2020-09-18T09:25:00","modified_gmt":"2020-09-18T08:25:00","slug":"por-que-la-america-espanola-se-dividio-en-muchos-paises-y-brasil-quedo-en-uno-solo","status":"publish","type":"post","link":"https:\/\/blogsaverroes.juntadeandalucia.es\/aldeacordoba\/?p=1291","title":{"rendered":"Por qu\u00e9 la Am\u00e9rica espa\u00f1ola se dividi\u00f3 en muchos pa\u00edses y Brasil qued\u00f3 en uno solo"},"content":{"rendered":"\n<figure class=\"wp-block-image size-large\"><img loading=\"lazy\" decoding=\"async\" width=\"1113\" height=\"623\" src=\"https:\/\/blogsaverroes.juntadeandalucia.es\/aldeacordoba\/files\/2020\/09\/image.png?w=1024\" alt=\"\" class=\"wp-image-1294\" srcset=\"https:\/\/blogsaverroes.juntadeandalucia.es\/aldeacordoba\/files\/2020\/09\/image.png 1113w, https:\/\/blogsaverroes.juntadeandalucia.es\/aldeacordoba\/files\/2020\/09\/image-300x168.png 300w, https:\/\/blogsaverroes.juntadeandalucia.es\/aldeacordoba\/files\/2020\/09\/image-1024x573.png 1024w, https:\/\/blogsaverroes.juntadeandalucia.es\/aldeacordoba\/files\/2020\/09\/image-768x430.png 768w\" sizes=\"(max-width: 709px) 85vw, (max-width: 909px) 67vw, (max-width: 1362px) 62vw, 840px\" \/><\/figure>\n\n\n\n<figure class=\"wp-block-embed is-type-rich is-provider-youtube wp-block-embed-youtube wp-embed-aspect-16-9 wp-has-aspect-ratio\"><div class=\"wp-block-embed__wrapper\">\n<iframe loading=\"lazy\" title=\"Por qu\u00e9 la Am\u00e9rica espa\u00f1ola se dividi\u00f3 en muchos pa\u00edses y Brasil qued\u00f3 en uno solo | BBC Mundo\" width=\"840\" height=\"473\" src=\"https:\/\/www.youtube.com\/embed\/W3yHdmZ_rF8?feature=oembed\" frameborder=\"0\" allow=\"accelerometer; autoplay; clipboard-write; encrypted-media; gyroscope; picture-in-picture\" allowfullscreen><\/iframe>\n<\/div><\/figure>\n\n\n\n<p><strong>Fuente<\/strong>: <a rel=\"noreferrer noopener\" href=\"https:\/\/www.bbc.com\/mundo\/noticias-america-latina-54119687\" target=\"_blank\">bbc.com<\/a> 11\/09\/2020<\/p>\n\n\n\n<p>Espa\u00f1a y Portugal eran las grandes potencias mar\u00edtimas del siglo XV y se disputaban el control comercial y religioso del mundo.<\/p>\n\n\n\n<p>Cuando Crist\u00f3bal Col\u00f3n volvi\u00f3 de su primer viaje a Am\u00e9rica, empez\u00f3 una pelea entre los dos reinos, arbitrada por la Iglesia Cat\u00f3lica, para ver qui\u00e9n ten\u00eda el derecho sobre esos territorios.<\/p>\n\n\n\n<p>Tras duras negociaciones, acordaron repartirse el globo en el hist\u00f3rico&nbsp;<strong>Tratado de Tordesillas<\/strong>: todo lo que quedaba al este de la l\u00ednea divisoria pasaba a manos de la corona portuguesa y lo que quedaba al oeste a manos de la corona castellana.<\/p>\n\n\n\n<p>Los dos imperios coloniales dominaron de esta forma gran parte del continente durante m\u00e1s de 300 a\u00f1os, pero acabaron de forma muy distinta.<\/p>\n\n\n\n<p>Al independizarse, la&nbsp;<strong>Am\u00e9rica Espa\u00f1ola&nbsp;<\/strong>se fragment\u00f3 en muchos pa\u00edses y la portuguesa qued\u00f3 en uno solo.<\/p>\n\n\n\n<p>En este video con animaciones te explicamos por qu\u00e9 Brasil y el resto de Am\u00e9rica Latina tomaron rumbo tan distintos y c\u00f3mo eso dio lugar al mapa pol\u00edtico, econ\u00f3mico y cultural que conocemos hoy.<\/p>\n\n\n\n<p><strong>Gui\u00f3n<\/strong>: Camilla Costa y Carol Olona;&nbsp;<strong>Presentaci\u00f3n<\/strong>: Ana Mar\u00eda Roura;&nbsp;<strong>Dise\u00f1o, animaci\u00f3n y sonido<\/strong>: Kako Abraham;&nbsp;<strong>Edici\u00f3n<\/strong>: Agustina Latourrette;&nbsp;<strong>Editora<\/strong>: Carol Olona<\/p>\n","protected":false},"excerpt":{"rendered":"<p>Fuente: bbc.com 11\/09\/2020 Espa\u00f1a y Portugal eran las grandes potencias mar\u00edtimas del siglo XV y se disputaban el control comercial y religioso del mundo. Cuando Crist\u00f3bal Col\u00f3n volvi\u00f3 de su primer viaje a Am\u00e9rica, empez\u00f3 una pelea entre los dos reinos, arbitrada por la Iglesia Cat\u00f3lica, para ver qui\u00e9n ten\u00eda el derecho sobre esos territorios. &hellip; <a href=\"https:\/\/blogsaverroes.juntadeandalucia.es\/aldeacordoba\/?p=1291\" class=\"more-link\">Continuar leyendo<span class=\"screen-reader-text\"> \u00abPor qu\u00e9 la Am\u00e9rica espa\u00f1ola se dividi\u00f3 en muchos pa\u00edses y Brasil qued\u00f3 en uno solo\u00bb<\/span><\/a><\/p>\n","protected":false},"author":168,"featured_media":0,"comment_status":"open","ping_status":"open","sticky":false,"template":"","format":"standard","meta":{"ngg_post_thumbnail":0,"footnotes":""},"categories":[224381,224397],"tags":[224461,224691,224693,224695],"aioseo_notices":[],"_links":{"self":[{"href":"https:\/\/blogsaverroes.juntadeandalucia.es\/aldeacordoba\/index.php?rest_route=\/wp\/v2\/posts\/1291"}],"collection":[{"href":"https:\/\/blogsaverroes.juntadeandalucia.es\/aldeacordoba\/index.php?rest_route=\/wp\/v2\/posts"}],"about":[{"href":"https:\/\/blogsaverroes.juntadeandalucia.es\/aldeacordoba\/index.php?rest_route=\/wp\/v2\/types\/post"}],"author":[{"embeddable":true,"href":"https:\/\/blogsaverroes.juntadeandalucia.es\/aldeacordoba\/index.php?rest_route=\/wp\/v2\/users\/168"}],"replies":[{"embeddable":true,"href":"https:\/\/blogsaverroes.juntadeandalucia.es\/aldeacordoba\/index.php?rest_route=%2Fwp%2Fv2%2Fcomments&post=1291"}],"version-history":[{"count":0,"href":"https:\/\/blogsaverroes.juntadeandalucia.es\/aldeacordoba\/index.php?rest_route=\/wp\/v2\/posts\/1291\/revisions"}],"wp:attachment":[{"href":"https:\/\/blogsaverroes.juntadeandalucia.es\/aldeacordoba\/index.php?rest_route=%2Fwp%2Fv2%2Fmedia&parent=1291"}],"wp:term":[{"taxonomy":"category","embeddable":true,"href":"https:\/\/blogsaverroes.juntadeandalucia.es\/aldeacordoba\/index.php?rest_route=%2Fwp%2Fv2%2Fcategories&post=1291"},{"taxonomy":"post_tag","embeddable":true,"href":"https:\/\/blogsaverroes.juntadeandalucia.es\/aldeacordoba\/index.php?rest_route=%2Fwp%2Fv2%2Ftags&post=1291"}],"curies":[{"name":"wp","href":"https:\/\/api.w.org\/{rel}","templated":true}]}}