{"id":1319,"date":"2020-10-06T09:46:00","date_gmt":"2020-10-06T08:46:00","guid":{"rendered":"https:\/\/jmoragahc.wordpress.com\/?p=1319"},"modified":"2020-10-06T09:46:00","modified_gmt":"2020-10-06T08:46:00","slug":"la-revolucion-de-los-pueblos-y-las-razas-que-sono-el-che-guevara","status":"publish","type":"post","link":"https:\/\/blogsaverroes.juntadeandalucia.es\/aldeacordoba\/?p=1319","title":{"rendered":"La revoluci\u00f3n de los pueblos y las razas que so\u00f1\u00f3 el Che Guevara"},"content":{"rendered":"\n<figure class=\"wp-block-image size-large\"><img decoding=\"async\" src=\"https:\/\/www.lavanguardia.com\/files\/image_948_465\/uploads\/2020\/06\/17\/5f15f2a0a9970.jpeg\" alt=\"\" \/><figcaption>Ernesto &#8216;Che&#8217; Guevara, durante su intervenci\u00f3n ante la Asamblea General de Naciones Unidas<br>\u00a0Archivo<\/figcaption><\/figure>\n\n\n\n<p><strong>Autor<\/strong>: Ram\u00f3n \u00c1lvarez <\/p>\n\n\n\n<p><strong>Fuente<\/strong>: <a rel=\"noreferrer noopener\" href=\"https:\/\/www.lavanguardia.com\/historiayvida\/20200619\/481827743584\/che-guevara-onu-naciones-unidas-revolucion-pobres-marginados-pueblos-razas-1964-cuba-africa-america.html\" target=\"_blank\">lavanguardia.com<\/a> 20\/06\/2020<\/p>\n\n\n\n<p>De la toma de&nbsp;<strong>conciencia&nbsp;<\/strong>a la&nbsp;<strong>acci\u00f3n<\/strong>. Para<strong>&nbsp;Ernesto&nbsp;<em>Che&nbsp;<\/em>Guevara&nbsp;<\/strong>la&nbsp;<strong>revoluci\u00f3n&nbsp;<\/strong>era imparable y la<strong>&nbsp;fuerza de la raz\u00f3n&nbsp;<\/strong>ante la&nbsp;<strong>injusticia&nbsp;<\/strong>era capaz de imponerse a cualquier situaci\u00f3n de&nbsp;<strong>inferioridad&nbsp;<\/strong>manifiesta,&nbsp;<a href=\"https:\/\/www.lavanguardia.com\/historiayvida\/20200221\/473638940070\/fidel-castro-historia-absolvera-revolucion-cuba-26-de-julio-moncada.html\">como hab\u00eda demostrado la&nbsp;<strong>revoluci\u00f3n cubana<\/strong>&nbsp;<\/a>. Transformada en un pu\u00f1ado de hombres armados en la selva, la&nbsp;<strong>vanguardia revolucionaria&nbsp;<\/strong>que preconizaba&nbsp;<strong>Lenin<\/strong>&nbsp;pod\u00eda acabar con el&nbsp;<strong>poder&nbsp;<\/strong>impuesto y sustentado por las&nbsp;<strong>oligarqu\u00edas&nbsp;<\/strong><strong>locales&nbsp;<\/strong>con el apoyo de&nbsp;<strong>imperialismo&nbsp;<\/strong>en cuanto los&nbsp;<strong>pueblos&nbsp;<\/strong>y las&nbsp;<strong>razas&nbsp;<\/strong>oprimidas tomasen&nbsp;<strong>conciencia&nbsp;<\/strong>de su enajenaci\u00f3n y apoyasen el&nbsp;<strong>proceso revolucionario<\/strong>.<\/p>\n\n\n\n<p>Ese fue el\u00a0<strong>mensaje\u00a0<\/strong>que, como representante del\u00a0<strong>Gobierno cubano<\/strong>, expuso ante la\u00a0<strong>Asamblea General\u00a0<\/strong>de<strong>\u00a0Naciones Unidas\u00a0<\/strong>el\u00a0<strong>11 de diciembre de 1964\u00a0<\/strong>en una intervenci\u00f3n hist\u00f3rica que reproducimos extractada.\u00a0<a href=\"https:\/\/www.lavanguardia.com\/internacional\/20121014\/54353030400\/lecciones-crisis-misiles-eeuu-urss-cuba-perviven.html\">Superada la<\/a>\u00a0<a href=\"https:\/\/www.lavanguardia.com\/internacional\/20121014\/54353030400\/lecciones-crisis-misiles-eeuu-urss-cuba-perviven.html\"><strong>crisis de los misiles\u00a0<\/strong>con un acuerdo entre\u00a0<strong>John F. Kennedy\u00a0<\/strong>y\u00a0<\/a><strong><a href=\"https:\/\/www.lavanguardia.com\/internacional\/20121014\/54353030400\/lecciones-crisis-misiles-eeuu-urss-cuba-perviven.html\">Nikita Jrushchev<\/a>\u00a0<\/strong>que dejaba a\u00a0<strong>Cuba\u00a0<\/strong>en una posici\u00f3n de extrema\u00a0<strong>debilidad<\/strong>,\u00a0<strong>La Habana<\/strong>\u00a0tomaba definitivamente el\u00a0<strong>liderazgo revolucionario internacional\u00a0<\/strong>para abanderar la causa de los\u00a0pa\u00edses pobres y marginados bajo el paraguas de los\u00a0<strong>estados no alineados<\/strong>.<\/p>\n\n\n\n<figure class=\"wp-block-embed is-type-rich is-provider-youtube wp-block-embed-youtube wp-embed-aspect-16-9 wp-has-aspect-ratio\"><div class=\"wp-block-embed__wrapper\">\nhttps:\/\/youtube.com\/watch?v=UgADsWjSxQo%3Fenablejsapi%3D1\n<\/div><\/figure>\n\n\n\n<p>Con la&nbsp;<strong>desigualdad<\/strong>, la&nbsp;<strong>marginaci\u00f3n&nbsp;<\/strong>y el&nbsp;<strong>racismo&nbsp;<\/strong>como argumentos irrefutables ante un&nbsp;<strong>poder antinatural<\/strong>&nbsp;muchas veces ejercido desde una pretendida&nbsp;<strong>superioridad moral<\/strong>,&nbsp;<strong>cultural&nbsp;<\/strong>o&nbsp;<strong>racial<\/strong>, el&nbsp;<strong>Che&nbsp;<\/strong>se sumaba a la causa de numerosos&nbsp;<strong>pueblos&nbsp;<\/strong>sometidos en&nbsp;<strong>Asia<\/strong>,&nbsp;<strong>\u00c1frica&nbsp;<\/strong>y<strong>&nbsp;Am\u00e9rica Latina<\/strong>, un magma de etnias y culturas que deb\u00eda forjar la&nbsp;<strong>dignidad&nbsp;<\/strong>del denominado<strong>&nbsp;hombre nuevo&nbsp;<\/strong>a partir del ejemplo de esa<strong>&nbsp;guerrilla de vanguardia<\/strong>.<\/p>\n\n\n\n<p>No eran simples palabras. El<strong>&nbsp;3 de octubre de 1965<\/strong>, menos de un a\u00f1o despu\u00e9s de esta alocuci\u00f3n,&nbsp;<strong>Fidel Castro&nbsp;<\/strong>le\u00eda, en el acto de constituci\u00f3n del&nbsp;<strong>Comit\u00e9 Central&nbsp;<\/strong>del<strong>&nbsp;Partido Comunista de Cuba<\/strong>, la denominada<strong>&nbsp;<em>Carta de Despedida del Che<\/em>&nbsp;<\/strong>, en la que el entonces<strong>&nbsp;ministro de Industria<\/strong>,&nbsp;<strong>dirigente&nbsp;<\/strong>del partido y&nbsp;<strong>comandante&nbsp;<\/strong>de la&nbsp;<strong>Revoluci\u00f3n&nbsp;<\/strong>renunciaba a todos sus cargostras dejar encarrilada la&nbsp;<strong>Reforma Agraria&nbsp;<\/strong>y el nuevo&nbsp;<strong>sistema monetario&nbsp;<\/strong>cubano para luchar en \u201cotros campos de batalla\u201d.<\/p>\n\n\n\n<p>El primero de ellos fue en&nbsp;<strong>Congo<\/strong>, donde un destacamento irregular de un centenar combatientes cubanos liderado por el&nbsp;<strong>Che&nbsp;<\/strong>se introdujo desde&nbsp;<strong>Tanzania&nbsp;<\/strong>con el objetivo de asaltar el poder junto a las milicias locales del insurgente<strong>&nbsp;Ej\u00e9rcito de Liberaci\u00f3n del Congo<\/strong>. A partir de ah\u00ed, el objetivo era irradiar desde el coraz\u00f3n de&nbsp;<strong>\u00c1frica&nbsp;<\/strong>la revoluci\u00f3n a todo el continente.<\/p>\n\n\n\n<p>Sin embargo, los constantes desencuentros con los&nbsp;<strong>l\u00edderes rebeldes locales<\/strong>&nbsp;por su<strong>&nbsp;estrategia militar<\/strong>, la nula institucionalizaci\u00f3n de la&nbsp;<strong>revoluci\u00f3n&nbsp;<\/strong>entre el pueblo y, especialmente, la<strong>&nbsp;falta de disciplina&nbsp;<\/strong>y \u201c<strong>conciencia revolucionaria<\/strong>\u201d de los l\u00edderes locales llevaron al&nbsp;<strong>Che&nbsp;<\/strong>a la renuncia. Especialmente cuando los&nbsp;<strong>cubanos&nbsp;<\/strong>se encontraron pr\u00e1cticamente vendidos a las&nbsp;<strong>tropas de mercenarios<\/strong>&nbsp;del&nbsp;<strong>Gobierno<\/strong>.<\/p>\n\n\n\n<blockquote class=\"wp-block-quote\"><p>Menos de un a\u00f1o despu\u00e9s de su discurso en la ONU, Fidel Castro le\u00eda la \u2018Carta de Despedida del Che \u2019 , en la que el l\u00edder revolucionario renunciaba a sus cargos para luchar en \u201cotros campos de batalla\u201d<\/p><\/blockquote>\n\n\n\n<p>Tras esta experiencia fallida,&nbsp;<strong>Guevara&nbsp;<\/strong>no se rindi\u00f3 y decidi\u00f3 volver a las&nbsp;<strong>armas<\/strong>, en esta ocasi\u00f3n en el coraz\u00f3n de&nbsp;<strong>Am\u00e9rica Latina<\/strong>,&nbsp;<strong>Bolivia<\/strong>, desde donde tambi\u00e9n aspiraba a irradiar la&nbsp;<strong>revoluci\u00f3n&nbsp;<\/strong>a todo el&nbsp;<strong>continente<\/strong>. El arduo trabajo de coordinaci\u00f3n con todas las fuerzas americanas que el l\u00edder guerrillero llev\u00f3 a cabo desde la<strong>&nbsp;Embajada de Cuba<\/strong>&nbsp;en&nbsp;<strong>Praga&nbsp;<\/strong>\u2013incluidos los contactos con el entonces derrocado presidente de<strong>&nbsp;Argentina Juan Domingo Per\u00f3n<\/strong>, con quien se reuni\u00f3 en&nbsp;<strong>Madrid<\/strong>\u2013 pusieron sobre alerta a los gobiernos americanos. En particular, a<strong>&nbsp;Estados Unidos<\/strong>, que dedic\u00f3 ingentes esfuerzos a evitar a toda costa que triunfara una<strong>&nbsp;insurgencia continental<\/strong>.<\/p>\n\n\n\n<p>Sin apoyo interno y con una<strong>\u00a0poblaci\u00f3n ind\u00edgena<\/strong>\u00a0que, como la congole\u00f1a, hablaba otra lengua y nunca vio a la\u00a0<strong>guerrilla\u00a0<\/strong>como una<strong>\u00a0fuerza libertadora<\/strong>, la nueva\u00a0<strong>aventura revolucionaria<\/strong>\u00a0tambi\u00e9n se vio condenada al\u00a0<strong>fracaso<\/strong>. El mensaje del\u00a0<strong>Che\u00a0<\/strong>no cal\u00f3 entre el humilde\u00a0<strong>campesinado boliviano<\/strong>\u00a0y su sue\u00f1o de la\u00a0<strong>revoluci\u00f3n\u00a0<\/strong>de los\u00a0<strong>pueblos\u00a0<\/strong>y las\u00a0<strong>etnias\u00a0<\/strong>marginadas<a href=\"https:\/\/www.lavanguardia.com\/historiayvida\/historia-contemporanea\/20171003\/47313500194\/la-caida-del-che-guevara.html\">\u00a0acab\u00f3 en una escuela de<strong>\u00a0La Higuera\u00a0<\/strong>el<strong>\u00a09 de octubre de 1967<\/strong>\u00a0<\/a>.<\/p>\n\n\n\n<h2 class=\"wp-block-heading\">EL DISCURSO<\/h2>\n\n\n\n<p>\u201cSe\u00f1or&nbsp;<strong>presidente<\/strong>, se\u00f1ores&nbsp;<strong>delegados<\/strong>: la representaci\u00f3n de&nbsp;<strong>Cuba&nbsp;<\/strong>ante esta&nbsp;<strong>Asamblea&nbsp;<\/strong>se complace en cumplir, en primer t\u00e9rmino, el agradable deber de saludar la&nbsp;<strong>incorporaci\u00f3n&nbsp;<\/strong>de<strong>&nbsp;tres nuevas naciones<\/strong>&nbsp;al importante n\u00famero de las que aqu\u00ed discuten problemas del&nbsp;<strong>mundo<\/strong>. Saludamos, pues, en las personas de su&nbsp;<strong>presidente&nbsp;<\/strong>y&nbsp;<strong>primeros ministros<\/strong>, a los&nbsp;<strong>pueblos&nbsp;<\/strong>de&nbsp;<strong>Zambia<\/strong>,&nbsp;<strong>Malawi&nbsp;<\/strong>y&nbsp;<strong>Malta&nbsp;<\/strong>y hacemos votos porque estos pa\u00edses se incorporen desde el primer momento al grupo de<strong>&nbsp;naciones no alineadas&nbsp;<\/strong>que luchan contra el&nbsp;<strong>imperialismo<\/strong>, el&nbsp;<strong>colonialismo&nbsp;<\/strong>y el&nbsp;<strong>neocolonialismo<\/strong>.<\/p>\n\n\n\n<p>\u201dHacemos llegar tambi\u00e9n nuestra felicitaci\u00f3n al&nbsp;<strong>presidente&nbsp;<\/strong>de esta&nbsp;<strong>Asamblea<\/strong>, cuya exaltaci\u00f3n a tan alto cargo tiene singular significaci\u00f3n, pues ella refleja esta&nbsp;<strong>nueva etapa hist\u00f3rica<\/strong>&nbsp;de resonantes triunfos para los&nbsp;<strong>pueblos&nbsp;<\/strong>de&nbsp;<strong>\u00c1frica<\/strong>, hasta ayer sometidos al&nbsp;<strong>sistema colonial&nbsp;<\/strong>del&nbsp;<strong>imperialismo&nbsp;<\/strong>y que hoy, en su inmensa mayor\u00eda, en el ejercicio leg\u00edtimo de su<strong>&nbsp;libre determinaci\u00f3n<\/strong>, se han constituido en&nbsp;<strong>estados soberanos<\/strong>. Ya ha sonado la hora postrera del&nbsp;<strong>colonialismo&nbsp;<\/strong>y millones de habitantes de&nbsp;<strong>\u00c1frica<\/strong>,&nbsp;<strong>Asia&nbsp;<\/strong>y&nbsp;<strong>Am\u00e9rica Latina&nbsp;<\/strong>se levantan al encuentro de una&nbsp;<strong>nueva vida&nbsp;<\/strong>e imponen su irrestricto&nbsp;<strong>derecho&nbsp;<\/strong>a la&nbsp;<strong>autodeterminaci\u00f3n&nbsp;<\/strong>y el desarrollo independiente de sus naciones. Le deseamos, se\u00f1or presidente, el mayor de los \u00e9xitos en la tarea que le fuera encomendada por los pa\u00edses miembros.<\/p>\n\n\n\n<p>\u201dNosotros expresamos aqu\u00ed lo mismo que nuestro presidente expresara en<strong>&nbsp;El Cairo&nbsp;<\/strong>y lo que despu\u00e9s quedara plasmado en la declaraci\u00f3n de la&nbsp;<strong>Segunda Conferencia de Jefes de Estado o de Gobierno de pa\u00edses No Alineados<\/strong>: que no puede haber&nbsp;<strong>coexistencia pac\u00edfica&nbsp;<\/strong>entre poderosos solamente si se pretende asegurar la&nbsp;<strong>paz&nbsp;<\/strong>del&nbsp;<strong>mundo<\/strong>. La&nbsp;<strong>coexistencia pac\u00edfica<\/strong>&nbsp;debe ejercitarse entre todos los estados, independientemente de su tama\u00f1o, de las anteriores relaciones hist\u00f3ricas que los ligara y de los problemas que se suscitaren entre algunos de ellos, en un momento dado.<\/p>\n\n\n\n<blockquote class=\"wp-block-quote\"><p>Ya ha sonado la hora postrera del colonialismo y millones de habitantes de \u00c1frica , Asia y Am\u00e9rica Latina se levantan al encuentro de una nueva vida e imponen su irrestricto derecho a la autodeterminaci\u00f3n\u201d<\/p><cite><strong>Ernesto \u2018Che\u2019 Guevara<\/strong><\/cite><\/blockquote>\n\n\n\n<p>\u201dActualmente, el tipo de<strong>\u00a0coexistencia pac\u00edfica\u00a0<\/strong>a que nosotros aspiramos no se cumple en multitud de casos. El reino de\u00a0<strong>Camboya<\/strong>, simplemente por mantener una actitud neutral y no plegarse a las maquinaciones del<strong>\u00a0imperialismo norteamericano<\/strong>, se ha visto sujeto a toda clase de ataques alevosos y brutales partiendo de las bases que los yanquis tienen en\u00a0<strong>Vietnam del Sur<\/strong>.\u00a0<strong>Laos<\/strong>, pa\u00eds dividido, ha sido objeto tambi\u00e9n de\u00a0<strong>agresiones imperialistas<\/strong>\u00a0de todo tipo, su pueblo masacrado desde el aire, las convenciones que se firmaran en\u00a0<strong>Ginebra\u00a0<\/strong>han sido violadas y parte del territorio est\u00e1 en constante peligro de ser atacado a mansalva por las\u00a0<strong>fuerzas imperialistas<\/strong>.<\/p>\n\n\n\n<p>\u201dLa&nbsp;<strong>Rep\u00fablica Democr\u00e1tica de Vietnam<\/strong>, que sabe de todas estas historias de agresiones como pocos pueblos en la tierra, ha visto una vez m\u00e1s violadas sus&nbsp;<strong>fronteras<\/strong>, ha visto c\u00f3mo&nbsp;<strong>aviones de bombardeo<\/strong>&nbsp;y&nbsp;<strong>cazas enemigos&nbsp;<\/strong>disparaban contra sus instalaciones; c\u00f3mo los&nbsp;<strong>barcos de guerra&nbsp;<\/strong>norteamericanos, violando aguas territoriales, atacaban sus puesto navales. En estos instantes, sobre la<strong>&nbsp;Rep\u00fablica Democr\u00e1tica de Vietnam<\/strong>&nbsp;pesa la amenaza de que los norteamericanos extiendan abiertamente sobre su territorio y su pueblo la&nbsp;<strong>guerra&nbsp;<\/strong>que, desde hace varios a\u00f1os, est\u00e1n llevando a cabo contra el pueblo de<strong>&nbsp;Vietnam del Sur<\/strong>.<\/p>\n\n\n\n<p>\u201dLa&nbsp;<strong>coexistencia pac\u00edfica<\/strong>&nbsp;tambi\u00e9n se ha puesto a prueba en una forma brutal en&nbsp;<strong>Chipre&nbsp;<\/strong>debido a presiones del&nbsp;<strong>Gobierno turco<\/strong>&nbsp;y de la&nbsp;<strong>OTAN<\/strong>, obligando a una heroica y en\u00e9rgica defensa de su&nbsp;<strong>soberan\u00eda&nbsp;<\/strong>hecha por el&nbsp;<strong>pueblo&nbsp;<\/strong>de&nbsp;<strong>Chipre&nbsp;<\/strong>y su gobierno. En todos estos lugares del mundo, el&nbsp;<strong>imperialismo&nbsp;<\/strong>trata de imponer su versi\u00f3n de lo que debe ser la coexistencia; son los<strong>&nbsp;pueblos oprimidos<\/strong>, en alianza con el&nbsp;<strong>campo socialista<\/strong>, los que le deben ense\u00f1ar cu\u00e1l es la verdadera, y es obligaci\u00f3n de las&nbsp;<strong>Naciones Unidas&nbsp;<\/strong>apoyarlos.<\/p>\n\n\n\n<blockquote class=\"wp-block-quote\"><p>Los pueblos de \u00c1frica se ven obligados a soportar que todav\u00eda se oficialice la superioridad de una raza sobre otra, que se asesine impunemente en nombre de esa superioridad racial\u201d<\/p><cite><strong>Ernesto \u2018Che\u2019 Guevara<\/strong><\/cite><\/blockquote>\n\n\n\n<p>\u201dExpresamos nuestra\u00a0<strong>solidaridad\u00a0<\/strong>hacia los\u00a0<strong>pueblos<\/strong>, hoy\u00a0<strong>coloniales<\/strong>, de la\u00a0<strong>Guinea\u00a0<\/strong>llamada\u00a0<strong>portuguesa<\/strong>, de\u00a0<strong>Angola\u00a0<\/strong>o\u00a0<strong>Mozambique<\/strong>, masacrados por el delito de demandar su libertad y estamos dispuestos a ayudarlos en la medida de nuestras fuerzas, de acuerdo con la\u00a0<strong>declaraci\u00f3n\u00a0<\/strong>de<strong>\u00a0El Cairo<\/strong>. Expresamos nuestra solidaridad al pueblo de\u00a0<strong>Puerto Rico<\/strong>\u00a0y su gran l\u00edder,<strong>\u00a0Pedro Albizu Campos<\/strong>, el que, en un acto m\u00e1s de hipocres\u00eda, ha sido dejado en libertad a la edad de 72 a\u00f1os, sin habla casi, paral\u00edtico despu\u00e9s de haber pasado en la c\u00e1rcel toda una vida.<strong>\u00a0Albizu Campos\u00a0<\/strong>es un s\u00edmbolo de la\u00a0<strong>Am\u00e9rica\u00a0<\/strong>todav\u00eda irredenta, pero ind\u00f3mita.<\/p>\n\n\n\n<p>\u201dTambi\u00e9n debemos advertir que el principio de la coexistencia pac\u00edfica no entra\u00f1a el derecho a burlar la voluntad de los pueblos, como ocurre en el caso de la&nbsp;<strong>Guayana&nbsp;<\/strong>llamada&nbsp;<strong>brit\u00e1nica<\/strong>, en que el gobierno del primer ministro<strong>&nbsp;Cheddy Jagan&nbsp;<\/strong>ha sido v\u00edctima de toda clase de presiones y maniobras y se ha ido dilatando el instante de otorgarle la&nbsp;<strong>independencia<\/strong>, en la b\u00fasqueda de m\u00e9todos que permitan burlar los deseos populares y asegurar la docilidad de un gobierno distinto al actual colocado all\u00ed por turbios manejos, para entonces otorgar una<strong>&nbsp;libertad castrada&nbsp;<\/strong>a este pedazo de tierra americana. Cualesquiera que sean los caminos que la&nbsp;<strong>Guayana&nbsp;<\/strong>se vea obligada a seguir para obtenerla, hacia su pueblo va el&nbsp;<strong>apoyo&nbsp;<\/strong>moral y militante de&nbsp;<strong>Cuba<\/strong>.<\/p>\n\n\n\n<p>\u201dDebemos se\u00f1alar, asimismo, que las islas de&nbsp;<strong>Guadalupe&nbsp;<\/strong>y&nbsp;<strong>Martinica&nbsp;<\/strong>est\u00e1n luchando por su&nbsp;<strong>autonom\u00eda&nbsp;<\/strong>desde hace tiempo, sin lograrla, y ese estado de cosas no debe seguir. Una vez m\u00e1s elevamos nuestra voz para alertar al mundo sobre lo que est\u00e1 ocurriendo en&nbsp;<strong>Sud\u00e1frica<\/strong>; la brutal pol\u00edtica del&nbsp;<strong>apartheid&nbsp;<\/strong>se aplica ante los ojos de las naciones del mundo. Los&nbsp;<strong>pueblos&nbsp;<\/strong>de&nbsp;<strong>\u00c1frica&nbsp;<\/strong>se ven obligados a soportar que en ese continente todav\u00eda se oficialice la&nbsp;<strong>superioridad&nbsp;<\/strong>de una&nbsp;<strong>raza&nbsp;<\/strong>sobre otra, que se asesine impunemente en nombre de esa<strong>&nbsp;superioridad racial<\/strong>. \u00bfLas&nbsp;<strong>Naciones Unidas<\/strong>&nbsp;no har\u00e1n nada para impedirlo?<\/p>\n\n\n\n<p>\u201dQuer\u00eda referirme espec\u00edficamente al doloroso caso de&nbsp;<strong>Congo<\/strong>, \u00fanico en la historia del mundo moderno, que muestra c\u00f3mo se pueden burlar con la m\u00e1s absoluta impunidad, con el cinismo m\u00e1s insolente, el<strong>&nbsp;derecho de los pueblos<\/strong>. Las<strong>&nbsp;ingentes riquezas&nbsp;<\/strong>que tiene&nbsp;<strong>Congo&nbsp;<\/strong>y que las&nbsp;<strong>naciones imperialistas&nbsp;<\/strong>quieren mantener bajo su control son los motivos directos de todo esto.<\/p>\n\n\n\n<blockquote class=\"wp-block-quote\"><p>Quiz\u00e1s hijos de patriotas belgas que murieran por defender la libertad de su pa\u00eds son los que asesinaran a mansalva a millares de congole\u00f1os en nombre de la raza blanca \u201d<\/p><cite><strong>Ernesto \u2018Che\u2019 Guevara<\/strong><\/cite><\/blockquote>\n\n\n\n<p>\u201d\u00bfC\u00f3mo podremos olvidar, se\u00f1ores delegados, que quien desacat\u00f3 la autoridad de las\u00a0<strong>Naciones Unidas<\/strong>\u00a0en\u00a0<strong>Congo<\/strong>, y no precisamente por razones patri\u00f3ticas, sino en virtud de pugnas entre\u00a0<strong>imperialistas<\/strong>, fue<strong>\u00a0Mois\u00e9 Tshombe<\/strong>, que inici\u00f3 la secesi\u00f3n de\u00a0<strong>Katanga\u00a0<\/strong>con el<strong>\u00a0apoyo belga<\/strong>? \u00bfY c\u00f3mo justificar, c\u00f3mo explicar que, al final de toda la acci\u00f3n de las\u00a0<strong>Naciones Unidas<\/strong>,\u00a0<strong>Tshombe<\/strong>, desalojado de\u00a0<strong>Katanga<\/strong>, regrese due\u00f1o y se\u00f1or de\u00a0<strong>Congo<\/strong>? \u00bfQui\u00e9n podr\u00eda negar el triste papel que los\u00a0<strong>imperialistas\u00a0<\/strong>obligaron a jugar a la\u00a0<strong>Organizaci\u00f3n de Naciones Unidas<\/strong>?<\/p>\n\n\n\n<p>\u201dEn resumen se hicieron aparatosas movilizaciones para evitar la escisi\u00f3n de&nbsp;<strong>Katanga&nbsp;<\/strong>y hoy&nbsp;<strong>Tshombe&nbsp;<\/strong>est\u00e1 en el poder, las&nbsp;<strong>riquezas&nbsp;<\/strong>de&nbsp;<strong>Congo&nbsp;<\/strong>en manos&nbsp;<strong>imperialistas<\/strong>&#8230; y los gastos deben pagarlos las naciones dignas. \u00a1Qu\u00e9 buen negocio hacen los&nbsp;<strong>mercaderes&nbsp;<\/strong>de la&nbsp;<strong>guerra<\/strong>! Por eso, el gobierno de&nbsp;<strong>Cuba&nbsp;<\/strong>apoya la justa actitud de la&nbsp;<strong>Uni\u00f3n Sovi\u00e9tica&nbsp;<\/strong>al negarse a pagar los gastos del crimen. Para colmo de escarnio, nos arrojan ahora al rostro estas \u00faltimas acciones que han llenado de indignaci\u00f3n al mundo. \u00bfQui\u00e9nes son los autores?&nbsp;<strong>Paracaidistas belgas<\/strong>, transportados por&nbsp;<strong>aviones norteamericanos&nbsp;<\/strong>que partieron de&nbsp;<strong>bases inglesas<\/strong>.<\/p>\n\n\n\n<p>\u201dRecordamos que ayer, casi, ve\u00edamos a un peque\u00f1o pa\u00eds de&nbsp;<strong>Europa<\/strong>, trabajador y civilizado, el reino de&nbsp;<strong>B\u00e9lgica<\/strong>, invadido por las&nbsp;<strong>hordas hitlerianas<\/strong>; amargaba nuestra conciencia el saber de ese peque\u00f1o pueblo masacrado por el&nbsp;<strong>imperialismo germano&nbsp;<\/strong>y lo ve\u00edamos con cari\u00f1o. Pero esta otra cara de la moneda imperialista era la que muchos no percib\u00edamos. Quiz\u00e1s hijos de&nbsp;<strong>patriotas belgas&nbsp;<\/strong>que murieran por defender la libertad de su pa\u00eds son los que asesinaran a mansalva a millares de&nbsp;<strong>congole\u00f1os&nbsp;<\/strong>en nombre de la<strong>&nbsp;raza blanca<\/strong>, as\u00ed como ellos sufrieron la bota germana porque su contenido de sangre aria no era suficientemente elevado.<\/p>\n\n\n\n<p>\u201dNuestros ojos libres se abren hoy a nuevos horizontes y son capaces de ver lo que ayer nuestra condici\u00f3n de<strong>&nbsp;esclavos coloniales&nbsp;<\/strong>nos imped\u00eda observar: que la&nbsp;<strong><em>civilizaci\u00f3n occidental&nbsp;<\/em><\/strong>esconde bajo su vistosa fachada un cuadro de hienas y chacales. Porque nada m\u00e1s que ese nombre merecen los que han ido a cumplir tan&nbsp;<em>humanitarias&nbsp;<\/em>tareas a&nbsp;<strong>Congo<\/strong>. Animal carnicero que se ceba en los pueblos inermes; eso es lo que hace el&nbsp;<strong>imperialismo&nbsp;<\/strong>con el&nbsp;<strong>hombre<\/strong>, eso es lo que distingue al&nbsp;<strong>blanco imperial<\/strong>.<\/p>\n\n\n\n<blockquote class=\"wp-block-quote\"><p>En esta Asamblea son mayoritarios los pueblos que tienen sus pieles tostadas por distintos soles, coloreadas por distintos pigmentos, y saben que la diferencia entre los hombres no est\u00e1 dada por el color de la piel\u201d<\/p><cite><strong>Ernesto \u2018Che\u2019 Guevara<\/strong><\/cite><\/blockquote>\n\n\n\n<p>\u201dTodos los\u00a0<strong>hombres libres\u00a0<\/strong>del mundo deben aprestarse a vengar el crimen de\u00a0<strong>Congo<\/strong>. Quiz\u00e1s muchos de aquellos soldados, convertidos en\u00a0<strong>subhombres\u00a0<\/strong>por la\u00a0<strong>maquinaria imperialista<\/strong>, piensen de buena fe que est\u00e1n defendiendo los derechos de una<strong>\u00a0raza superior<\/strong>; pero en esta\u00a0<strong>Asamblea\u00a0<\/strong>son mayoritarios los pueblos que tienen sus pieles tostadas por distintos soles, coloreadas por distintos pigmentos, y han llegado a comprender plenamente que la diferencia entre los hombres no est\u00e1 dada por el\u00a0<strong>color de la piel<\/strong>, sino por las formas de propiedad de los\u00a0<strong>medios de producci\u00f3n<\/strong>, por las\u00a0<strong>relaciones de producci\u00f3n<\/strong>.<\/p>\n\n\n\n<p>\u201dLa delegaci\u00f3n cubana hace llegar su saludo a los pueblos de&nbsp;<strong>Rhodesia del Sur&nbsp;<\/strong>y&nbsp;<strong>\u00c1frica Sudoccidental<\/strong>, oprimidos por minor\u00edas de&nbsp;<strong>colonos blancos<\/strong>. A&nbsp;<strong>Basutolandia<\/strong>,&nbsp;<strong>Bechuania&nbsp;<\/strong>y&nbsp;<strong>Suazilandia<\/strong>, a la&nbsp;<strong>Somalia&nbsp;<\/strong><strong>francesa<\/strong>, al pueblo \u00e1rabe de&nbsp;<strong>Palestina<\/strong>, a&nbsp;<strong>Ad\u00e9n&nbsp;<\/strong>y los&nbsp;<strong>protectorados<\/strong>, a&nbsp;<strong>Om\u00e1n&nbsp;<\/strong>y a todos los pueblos en conflicto con el&nbsp;<strong>imperialismo&nbsp;<\/strong>o el&nbsp;<strong>colonialismo&nbsp;<\/strong>y les reitera su apoyo. Formula, adem\u00e1s, votos por una justa soluci\u00f3n al conflicto que la hermana<strong>&nbsp;Rep\u00fablica de Indonesia<\/strong>&nbsp;encara con&nbsp;<strong>Malasia<\/strong>.<\/p>\n\n\n\n<p>\u201dLas<strong>&nbsp;lacras coloniales&nbsp;<\/strong>que detienen el desarrollo de los&nbsp;<strong>pueblos&nbsp;<\/strong>no se expresan solamente en relaciones de \u00edndole pol\u00edtica: el llamado deterioro de los t\u00e9rminos de intercambio no es otra cosa que el resultado del<strong>&nbsp;intercambio desigual&nbsp;<\/strong>entre&nbsp;<strong>pa\u00edses&nbsp;<\/strong>productores de&nbsp;<strong>materia prima&nbsp;<\/strong>y<strong>&nbsp;pa\u00edses industriales<\/strong>&nbsp;que dominan los&nbsp;<strong>mercados&nbsp;<\/strong>e imponen la aparente justicia de un intercambio igual de valores.<\/p>\n\n\n\n<p>\u201d<strong>Cuba<\/strong>, se\u00f1ores&nbsp;<strong>delegados<\/strong>,&nbsp;<strong>libre&nbsp;<\/strong>y&nbsp;<strong>soberana<\/strong>, sin cadenas que la aten a nadie, sin<strong>&nbsp;inversiones extranjeras<\/strong>&nbsp;en su territorio, sin proc\u00f3nsules que orienten su pol\u00edtica, puede hablar con la frente alta en esta&nbsp;<strong>Asamblea&nbsp;<\/strong>y demostrar la justeza de la frase con que la bautizaran:&nbsp;<strong>Territorio Libre de Am\u00e9rica<\/strong>. Nuestro ejemplo fructificar\u00e1 en el continente como lo hace ya, en cierta medida en&nbsp;<strong>Guatemala<\/strong>,&nbsp;<strong>Colombia&nbsp;<\/strong>y&nbsp;<strong>Venezuela<\/strong>.<\/p>\n\n\n\n<blockquote class=\"wp-block-quote\"><p>Las lacras coloniales que detienen el desarrollo de los pueblos no se expresan s\u00f3lo en relaciones de \u00edndole pol\u00edtica, sino en un intercambio comercial desigual\u201d<\/p><\/blockquote>\n\n\n\n<p>\u201dNo hay enemigo peque\u00f1o ni fuerza desde\u00f1able, porque ya no hay pueblos aislados. Como establece la&nbsp;<strong>Segunda Declaraci\u00f3n de La Habana<\/strong>, ning\u00fan&nbsp;<strong>pueblo&nbsp;<\/strong>de&nbsp;<strong>Am\u00e9rica Latina&nbsp;<\/strong>es d\u00e9bil, porque forma parte de una familia de&nbsp;<strong>doscientos millones de hermanos&nbsp;<\/strong>que padecen las mismas&nbsp;<strong>miserias<\/strong>, albergan los mismos&nbsp;<strong>sentimientos<\/strong>, tienen el mismo&nbsp;<strong>enemigo<\/strong>, sue\u00f1an todos un mismo mejor&nbsp;<strong>destino&nbsp;<\/strong>y cuentan con la&nbsp;<strong>solidaridad&nbsp;<\/strong>de todos los&nbsp;<strong>hombres&nbsp;<\/strong>y&nbsp;<strong>mujeres&nbsp;<\/strong>honrados del&nbsp;<strong>mundo<\/strong>.<\/p>\n\n\n\n<p>\u201dEsta&nbsp;<strong>epopeya&nbsp;<\/strong>que tenemos delante la van a escribir las<strong>&nbsp;masas hambrientas de indios<\/strong>, de&nbsp;<strong>campesinos sin tierra<\/strong>, de&nbsp;<strong>obreros explotados<\/strong>; la van a escribir las&nbsp;<strong>masas progresistas<\/strong>, los&nbsp;<strong>intelectuales honestos y brillantes&nbsp;<\/strong>que tanto abundan en nuestras sufridas tierras de&nbsp;<strong>Am\u00e9rica&nbsp;<\/strong><strong>Latina<\/strong>. Lucha en masas y de ideas, epopeya que llevar\u00e1n adelante nuestros&nbsp;<strong>pueblos&nbsp;<\/strong>maltratados y despreciados por el&nbsp;<strong>imperialismo<\/strong>, nuestros&nbsp;<strong>pueblos&nbsp;<\/strong>desconocidos hasta hoy, que ya empiezan a quitarle el sue\u00f1o.<\/p>\n\n\n\n<p>\u201dNos consideraban&nbsp;<strong>reba\u00f1o impotente y sumiso&nbsp;<\/strong>y ya se empieza a asustar de ese reba\u00f1o,&nbsp;<strong>reba\u00f1o gigante<\/strong>&nbsp;de doscientos millones de latinoamericanos en los que advierte ya sus sepultureros el&nbsp;<strong>capital monopolista yanqui<\/strong>. La hora de su reivindicaci\u00f3n, la hora que ella misma se ha elegido, la vienen se\u00f1alando con precisi\u00f3n tambi\u00e9n de un extremo a otro del continente.<\/p>\n\n\n\n<p>\u201dAhora esta&nbsp;<strong>masa an\u00f3nima<\/strong>, esta<strong>&nbsp;Am\u00e9rica de color<\/strong>, sombr\u00eda, taciturna, que canta en todo el continente con una misma tristeza y desenga\u00f1o, ahora esta masa es la que empieza a entrar definitivamente en su<strong>&nbsp;propia historia<\/strong>, la empieza a escribir con su sangre, la empieza a sufrir y a morir, porque ahora los&nbsp;<strong>campos&nbsp;<\/strong>y las&nbsp;<strong>monta\u00f1as&nbsp;<\/strong>de&nbsp;<strong>Am\u00e9rica<\/strong>, por las faldas de sus&nbsp;<strong>sierras<\/strong>, por sus&nbsp;<strong>llanuras&nbsp;<\/strong>y sus&nbsp;<strong>selvas<\/strong>, entre la soledad o el tr\u00e1fico de las&nbsp;<strong>ciudades<\/strong>, en las&nbsp;<strong>costas&nbsp;<\/strong>de los grandes oc\u00e9anos y r\u00edos, se empieza a estremecer este mundo lleno de&nbsp;<strong>corazones&nbsp;<\/strong>con los&nbsp;<strong>pu\u00f1os&nbsp;<\/strong>calientes de deseos de morir por lo suyo, de conquistar sus derechos casi&nbsp;<strong>quinientos a\u00f1os burlados&nbsp;<\/strong>por unos y por otros.<\/p>\n\n\n\n<blockquote class=\"wp-block-quote\"><p>Ahora s\u00ed la historia tendr\u00e1 que contar con los pobres de Am\u00e9rica , con los explotados y vilipendiados , que han decidido empezar a escribir ellos mismos, para siempre, su historia\u201d<\/p><\/blockquote>\n\n\n\n<p>\u201dAhora s\u00ed la&nbsp;<strong>historia&nbsp;<\/strong>tendr\u00e1 que contar con los&nbsp;<strong>pobres&nbsp;<\/strong>de&nbsp;<strong>Am\u00e9rica<\/strong>, con los&nbsp;<strong>explotados&nbsp;<\/strong>y&nbsp;<strong>vilipendiados<\/strong>, que han decidido empezar a escribir ellos mismos, para siempre, su&nbsp;<strong>historia<\/strong>. Ya se los ve por los caminos un d\u00eda y otro, a pie, en marchas sin t\u00e9rmino de cientos de kil\u00f3metros, para llegar hasta los&nbsp;<strong>olimpos gobernantes&nbsp;<\/strong>a recabar sus&nbsp;<strong>derechos<\/strong>. Ya se les ve, armados de&nbsp;<strong>piedras<\/strong>, de&nbsp;<strong>palos<\/strong>, de&nbsp;<strong>machetes<\/strong>, en un lado y otro, cada d\u00eda, ocupando las&nbsp;<strong>tierras<\/strong>, afincando sus garfios en las&nbsp;<strong>tierras&nbsp;<\/strong>que les pertenecen y defendi\u00e9ndolas con sus&nbsp;<strong>vidas<\/strong>; se les ve, llevando sus&nbsp;<strong>cartelones<\/strong>, sus&nbsp;<strong>banderas<\/strong>, sus&nbsp;<strong>consignas<\/strong>; haci\u00e9ndolas correr en el viento, por entre las&nbsp;<strong>monta\u00f1as&nbsp;<\/strong>o a lo largo de los&nbsp;<strong>llanos<\/strong>.<\/p>\n\n\n\n<p>\u201dY esa ola de estremecido&nbsp;<strong>rencor<\/strong>, de&nbsp;<strong>justicia&nbsp;<\/strong>reclamada, de&nbsp;<strong>derecho&nbsp;<\/strong>pisoteado, que se empieza a levantar por entre las tierras de&nbsp;<strong>Latinoam\u00e9rica<\/strong>, esa ola ya no parar\u00e1 m\u00e1s. Esa ola ir\u00e1 creciendo cada d\u00eda que pase. Porque esa ola la forman los m\u00e1s, los mayoritarios en todos los aspectos, los que acumulan con su&nbsp;<strong>trabajo&nbsp;<\/strong>las&nbsp;<strong>riquezas<\/strong>, crean los valores, hacen andar las ruedas de la&nbsp;<strong>historia&nbsp;<\/strong>y que ahora despiertan del largo sue\u00f1o embrutecedor a que los sometieron.<\/p>\n\n\n\n<p>\u201dPorque esta gran&nbsp;<strong>humanidad&nbsp;<\/strong>ha dicho \u2018\u00a1basta!\u2019 y ha echado a andar. Y su marcha, de&nbsp;<strong>gigantes<\/strong>, ya no se detendr\u00e1 hasta conquistar la verdadera&nbsp;<strong>independencia<\/strong>, por la que ya han muerto m\u00e1s de una vez in\u00fatilmente. Ahora, en todo caso, los que mueran, morir\u00e1n como los de&nbsp;<strong>Cuba<\/strong>, los de<strong>&nbsp;Playa Gir\u00f3n<\/strong>, morir\u00e1n por su \u00fanica, verdadera e irrenunciable&nbsp;<strong>independencia<\/strong>.<\/p>\n\n\n\n<p>\u201dTodo eso, se\u00f1ores delegados, esta disposici\u00f3n nueva de un&nbsp;<strong>continente<\/strong>, de&nbsp;<strong>Am\u00e9rica<\/strong>, est\u00e1 plasmada y resumida en el grito que, d\u00eda a d\u00eda, nuestras masas proclaman como expresi\u00f3n irrefutable de su decisi\u00f3n de lucha, paralizando la mano armada del&nbsp;<strong>invasor<\/strong>. Proclama que cuenta con la comprensi\u00f3n y el apoyo de todos los&nbsp;<strong>pueblos&nbsp;<\/strong>del&nbsp;<strong>mundo&nbsp;<\/strong>y especialmente, del campo socialista, encabezado por la&nbsp;<strong>Uni\u00f3n Sovi\u00e9tica<\/strong>. Esa proclama es:<strong>&nbsp;patria o muerte<\/strong>.\u201d<\/p>\n","protected":false},"excerpt":{"rendered":"<p>Autor: Ram\u00f3n \u00c1lvarez Fuente: lavanguardia.com 20\/06\/2020 De la toma de&nbsp;conciencia&nbsp;a la&nbsp;acci\u00f3n. Para&nbsp;Ernesto&nbsp;Che&nbsp;Guevara&nbsp;la&nbsp;revoluci\u00f3n&nbsp;era imparable y la&nbsp;fuerza de la raz\u00f3n&nbsp;ante la&nbsp;injusticia&nbsp;era capaz de imponerse a cualquier situaci\u00f3n de&nbsp;inferioridad&nbsp;manifiesta,&nbsp;como hab\u00eda demostrado la&nbsp;revoluci\u00f3n cubana&nbsp;. Transformada en un pu\u00f1ado de hombres armados en la selva, la&nbsp;vanguardia revolucionaria&nbsp;que preconizaba&nbsp;Lenin&nbsp;pod\u00eda acabar con el&nbsp;poder&nbsp;impuesto y sustentado por las&nbsp;oligarqu\u00edas&nbsp;locales&nbsp;con el apoyo de&nbsp;imperialismo&nbsp;en cuanto los&nbsp;pueblos&nbsp;y &hellip; <a href=\"https:\/\/blogsaverroes.juntadeandalucia.es\/aldeacordoba\/?p=1319\" class=\"more-link\">Continuar leyendo<span class=\"screen-reader-text\"> \u00abLa revoluci\u00f3n de los pueblos y las razas que so\u00f1\u00f3 el Che Guevara\u00bb<\/span><\/a><\/p>\n","protected":false},"author":168,"featured_media":0,"comment_status":"open","ping_status":"open","sticky":false,"template":"","format":"standard","meta":{"ngg_post_thumbnail":0,"footnotes":""},"categories":[224392,224394],"tags":[224531,224575,224802,224869],"aioseo_notices":[],"_links":{"self":[{"href":"https:\/\/blogsaverroes.juntadeandalucia.es\/aldeacordoba\/index.php?rest_route=\/wp\/v2\/posts\/1319"}],"collection":[{"href":"https:\/\/blogsaverroes.juntadeandalucia.es\/aldeacordoba\/index.php?rest_route=\/wp\/v2\/posts"}],"about":[{"href":"https:\/\/blogsaverroes.juntadeandalucia.es\/aldeacordoba\/index.php?rest_route=\/wp\/v2\/types\/post"}],"author":[{"embeddable":true,"href":"https:\/\/blogsaverroes.juntadeandalucia.es\/aldeacordoba\/index.php?rest_route=\/wp\/v2\/users\/168"}],"replies":[{"embeddable":true,"href":"https:\/\/blogsaverroes.juntadeandalucia.es\/aldeacordoba\/index.php?rest_route=%2Fwp%2Fv2%2Fcomments&post=1319"}],"version-history":[{"count":0,"href":"https:\/\/blogsaverroes.juntadeandalucia.es\/aldeacordoba\/index.php?rest_route=\/wp\/v2\/posts\/1319\/revisions"}],"wp:attachment":[{"href":"https:\/\/blogsaverroes.juntadeandalucia.es\/aldeacordoba\/index.php?rest_route=%2Fwp%2Fv2%2Fmedia&parent=1319"}],"wp:term":[{"taxonomy":"category","embeddable":true,"href":"https:\/\/blogsaverroes.juntadeandalucia.es\/aldeacordoba\/index.php?rest_route=%2Fwp%2Fv2%2Fcategories&post=1319"},{"taxonomy":"post_tag","embeddable":true,"href":"https:\/\/blogsaverroes.juntadeandalucia.es\/aldeacordoba\/index.php?rest_route=%2Fwp%2Fv2%2Ftags&post=1319"}],"curies":[{"name":"wp","href":"https:\/\/api.w.org\/{rel}","templated":true}]}}