{"id":1334,"date":"2020-10-23T09:04:00","date_gmt":"2020-10-23T08:04:00","guid":{"rendered":"https:\/\/jmoragahc.wordpress.com\/?p=1334"},"modified":"2020-10-23T09:04:00","modified_gmt":"2020-10-23T08:04:00","slug":"quien-fue-largo-caballero","status":"publish","type":"post","link":"https:\/\/blogsaverroes.juntadeandalucia.es\/aldeacordoba\/?p=1334","title":{"rendered":"\u00bfQui\u00e9n fue Largo Caballero?"},"content":{"rendered":"\n<figure class=\"wp-block-image size-large\"><img decoding=\"async\" src=\"https:\/\/www.nuevatribuna.es\/asset\/thumbnail,1140,1140,center,center\/\/media\/nuevatribuna\/images\/2020\/10\/15\/2020101510202734772.jpg\" alt=\"\" \/><\/figure>\n\n\n\n<p><strong>Autores<\/strong>: ALMUDENA ASENJO Y ANT\u00d3N SARAC\u00cdBAR<\/p>\n\n\n\n<p><strong>Fuente<\/strong>: <em><a rel=\"noreferrer noopener\" href=\"https:\/\/www.nuevatribuna.es\/articulo\/cultura---ocio\/fundacion-francisco-largo-caballero-biografia-historico-dirigente-socialista-memoria-democratica\/20201015095305180152.html\" target=\"_blank\">Nueva Tribuna<\/a><\/em> 15\/10\/2020<\/p>\n\n\n\n<p>A propuesta de Vox, y apoyado por el PP y Ciudadanos, el pleno del Ayuntamiento de Madrid aprob\u00f3 recientemente una moci\u00f3n para retirar los nombres de Francisco Largo Caballero y de Indalecio Prieto de las calles de la capital. Para ello no se dud\u00f3 en invocar la Resoluci\u00f3n del Parlamento Europeo de 19 de septiembre de 2019 (aprobada como rechazo a la 2\u00aa Guerra Mundial iniciada por el nazismo) y el art\u00edculo 15 de la conocida como Ley de Memoria Hist\u00f3rica del a\u00f1o 2007, impulsada por el Gobierno de Rodr\u00edguez Zapatero. Una Ley que se aprueba precisamente para todo lo contrario: restaurar la memoria de las personas asesinadas y represaliadas por la dictadura, adem\u00e1s de combatir y denunciar los juicios sumar\u00edsimos y los cr\u00edmenes franquistas. Precisamente, Largo Caballero e Indalecio Prieto fueron los que encabezaron la oposici\u00f3n, junto a otros muchos, al fascismo, al levantamiento militar, la guerra civil, la dictadura y la brutal represi\u00f3n franquista: asesinatos, c\u00e1rcel, clandestinidad y exilio.<\/p>\n\n\n\n<blockquote class=\"wp-block-quote\"><p>Largo Caballero fue un l\u00edder obrero de un marcado car\u00e1cter independiente, incompatible con la hipocres\u00eda, el arribismo, la claudicaci\u00f3n y la cobard\u00eda moral<\/p><\/blockquote>\n\n\n\n<p>Por eso, este breve relato es obligado y pretende denunciar las falsedades y mentiras que se le vienen imputando a Largo Caballero, como se ha puesto de manifiesto en un&nbsp;<a target=\"_blank\" href=\"https:\/\/fflc.ugt.org\/sites\/fflc.ugt.org\/files\/informe_historiadores.pdf\" rel=\"noreferrer noopener\">informe t\u00e9cnico&nbsp;<\/a>firmado por m\u00e1s de&nbsp;<a target=\"_blank\" href=\"https:\/\/fflc.ugt.org\/sites\/fflc.ugt.org\/files\/firmas_actualizadas_091020.pdf\" rel=\"noreferrer noopener\">300 historiadores<\/a>, adem\u00e1s de poner en valor su descomunal Obra realizada y, en coherencia con ello, responder a la siguiente pregunta: \u00bfQui\u00e9n fue Francisco Largo Caballero? Nace Madrid, el 15 de octubre de 1869, en el seno de una familia obrera y a los siete a\u00f1os comenz\u00f3 su aprendizaje en diversos oficios: encuadernador, cordelero, estuquista\u2026 En 1890 se afilia a la Sociedad de Alba\u00f1iles de Madrid y tres a\u00f1os m\u00e1s tarde ingresa en la Agrupaci\u00f3n Socialista Madrile\u00f1a. Lleg\u00f3 a presidir la Mutualidad Obrera, la Fundaci\u00f3n Ces\u00e1reo del Cerro, la Agrupaci\u00f3n Socialista y la Cooperativa Socialista Madrile\u00f1a. Desde 1902, Largo Caballero desempe\u00f1\u00f3 altos cargos en el sindicato (UGT) y en el partido (PSOE), siendo secretario general de UGT de 1918 a 1938 y presidente del PSOE de 1932 a 1935.<\/p>\n\n\n\n<p>Particip\u00f3 en el Instituto de Reformas Sociales, desde el a\u00f1o siguiente a su constituci\u00f3n (1903), formando parte del grupo de vocales obreros, en su gran mayor\u00eda socialistas. En 1905 fue elegido concejal del Ayuntamiento de Madrid. Form\u00f3 parte tambi\u00e9n del Consejo de Estado (desde el m\u00e1s absoluto pragmatismo) durante la dictadura de Primo de Rivera y elegido diputado encabezando las listas socialistas durante cuatro legislaturas. Como representante de la clase obrera espa\u00f1ola asisti\u00f3 a la Conferencia de Berna y al Congreso de \u00c1msterdam en 1919, donde se fund\u00f3 la Federaci\u00f3n Sindical Mundial. Adem\u00e1s, en ese mismo a\u00f1o particip\u00f3 en la Conferencia de Washington, donde se constituy\u00f3 la Oficina Internacional del Trabajo (OIT) y, despu\u00e9s, en todas sus Asambleas anuales, desde 1919 hasta 1933, las dos \u00faltimas como ministro de Trabajo. Finalmente, con la proclamaci\u00f3n de la II Rep\u00fablica, Largo Caballero se hace cargo del ministerio de Trabajo (de abril de 1931 a septiembre de 1933) promulgando la legislaci\u00f3n social m\u00e1s avanzada de su \u00e9poca (siendo todav\u00eda una referencia obligada para el legislador en materia social laboral) y, posteriormente, ocupa la presidencia del Consejo de Ministros y el Ministerio de la Guerra, en plena contienda civil, desde el 4 de septiembre de 1936 hasta el 19 de mayo de 1937.<\/p>\n\n\n\n<p>Su exilio en Francia se produce en febrero de 1939 y posteriormente la polic\u00eda francesa le entrega a la Gestapo y es trasladado al campo de concentraci\u00f3n de Sachsenhausen-Orianenburg (Alemania). Fue liberado por las tropas rusas en abril de 1945 regresando a Francia donde reside hasta su muerte. En su sepelio, Rodolfo Llopis (secretario general del PSOE en el exilio) le rindi\u00f3 homenaje manifestando que: \u201cel proletariado espa\u00f1ol ha perdido al hombre m\u00e1s representativo de su clase\u201d. Finalmente, sus restos fueron trasladados a Espa\u00f1a el d\u00eda 8 de abril de 1978.&nbsp;<a target=\"_blank\" href=\"https:\/\/www.nuevatribuna.es\/articulo\/historia\/cuarenta-aniversario-entierro-largo-caballero-madrid\/20180407184110150585.html\" rel=\"noreferrer noopener\">La masiva manifestaci\u00f3n que le acompa\u00f1\u00f3<\/a>, desde la plaza de Las Ventas al cementerio civil de La Almudena, constituy\u00f3 un acontecimiento pol\u00edtico de primera magnitud, lo que contribuy\u00f3 a acelerar, en muy buena medida, la transici\u00f3n pol\u00edtica a la democracia (Obras Completas de Francisco Largo Caballero, publicadas por el Instituto Monsa de Ediciones y la Fundaci\u00f3n F. Largo Caballero, 2003).<\/p>\n\n\n\n<p>De Largo Caballero se han dicho y escrito muchas cosas. En todo caso, es bueno recordar que s\u00f3lo acudi\u00f3 a la escuela desde los 4 a los 7 a\u00f1os, lo que le oblig\u00f3 a formarse en la Casa del Pueblo de Madrid destac\u00e1ndose como un buen estudiante, un extraordinario lector y un comprometido militante, llegando a ser el \u00fanico obrero en Espa\u00f1a que presidi\u00f3 un Consejo de Ministros. Efectivamente, en las Casas del Pueblo se fomentaba el entusiasmo por la organizaci\u00f3n obrera, la militancia, la austeridad, la \u00e9tica, la honradez y la solidaridad internacional. A este comportamiento se llamaba y se sigue llamando el \u201cPablismo\u201d en reconocimiento de lo que representaba Pablo Iglesias dentro de las organizaciones socialistas.<\/p>\n\n\n\n<p>Sin duda, fue el disc\u00edpulo m\u00e1s destacado de Pablo Iglesias, con el que convivi\u00f3 y aprendi\u00f3 durante muchos a\u00f1os. Se puede afirmar que fue un autodidacta, con intuici\u00f3n de clase, con grandes dotes de organizaci\u00f3n, comprometido \u00e9ticamente con las clases trabajadoras, adem\u00e1s de sumamente austero y honesto en su comportamiento personal. Tambi\u00e9n fue el art\u00edfice de la estructura moderna de UGT y un firme defensor de la&nbsp;<em>organizaci\u00f3n obrera&nbsp;<\/em>(propagar ideas y hacer proselitismo) y de la educaci\u00f3n de clase (formar \u201cobreros conscientes y organizados\u201d). Siempre fue coherente con sus ideas, destacando la coincidencia de su discurso con la acci\u00f3n pol\u00edtica y sindical, lo que le acarre\u00f3 cr\u00edticas sin fundamento de una derecha montaraz y reaccionaria, as\u00ed como de patronos y caciques sin escr\u00fapulos. En este sentido, es oportuno recordar la contestaci\u00f3n de los terratenientes andaluces, a la petici\u00f3n de trabajo de los jornaleros en las plazas de los pueblos, por haber votado a la Conjunci\u00f3n Republicana Socialista: \u201cComed Rep\u00fablica\u201d.<\/p>\n\n\n\n<p>Largo Caballero fue tambi\u00e9n un firme defensor de la autonom\u00eda del sindicato, superando la supeditaci\u00f3n al partido de los primeros a\u00f1os y un firme activista en defensa de la II Rep\u00fablica, de las libertades y del socialismo democr\u00e1tico. Consider\u00f3 un suicidio la divisi\u00f3n de la clase obrera (sobre todo en un contexto de guerra) y conden\u00f3 con firmeza los intentos secesionistas en su lucha contra el fascismo. A pesar de ser acusado de desviaci\u00f3n hacia el comunismo y el anarquismo, sin ninguna raz\u00f3n ni fundamento, fue tambi\u00e9n un firme y decidido defensor de la legalidad republicana.<\/p>\n\n\n\n<p>Por \u00faltimo, fue muy relevante su protagonismo en las movilizaciones obreras- de acuerdo siempre con los \u00f3rganos de direcci\u00f3n de UGT y el PSOE-, destacando su participaci\u00f3n en la huelga general del 17, en la proclamaci\u00f3n de la II Rep\u00fablica y en la huelga general de Asturias en 1934. En este caso, en apoyo de la democracia y, particularmente, de la obra social de la Rep\u00fablica; pero, sobre todo, de la lucha de la clase obrera contra el avance del fascismo internacional en sus intentos de restaurar la monarqu\u00eda e imponer la dictadura. En todo caso, se puede afirmar, sin faltar a la verdad, que Largo Caballero fue un l\u00edder obrero de un marcado car\u00e1cter independiente, incompatible con la hipocres\u00eda, el arribismo, la claudicaci\u00f3n y la cobard\u00eda moral, lo que explica sobre todo sus sucesivos pasos por las c\u00e1rceles espa\u00f1olas por encabezar las movilizaciones obreras en defensa de sus propios intereses.<\/p>\n\n\n\n<p>Desde luego, este lamentable episodio ha tenido un amplio eco medi\u00e1tico y ha demostrado, con mucha claridad, el gran desconocimiento que tienen los ciudadanos, en particular los j\u00f3venes, de nuestra historia reciente y, en particular, de la figura de Largo Caballero. Raz\u00f3n poderosa para reflexionar sobre la educaci\u00f3n que est\u00e1n recibiendo nuestros j\u00f3venes en cuanto a nuestra historia contempor\u00e1nea: II Rep\u00fablica, guerra civil, dictadura y transici\u00f3n hacia la democracia. Los libros de texto tienen que reflejar la verdad de los hechos y, en coherencia con ello, los educadores actuar en consecuencia dedicando el tiempo necesario a esta materia. Tambi\u00e9n los medios de comunicaci\u00f3n y las redes sociales deben obrar con responsabilidad y, por lo tanto, no deber\u00edan hacerse eco -como lo est\u00e1n haciendo algunos- de falsos historiadores o pol\u00edticos interesados en tergiversar la historia y practicar un revisionismo obsceno a base de patra\u00f1as, necedades y mentiras.<\/p>\n\n\n\n<div class=\"wp-block-image\"><figure class=\"alignright size-large\"><img decoding=\"async\" src=\"https:\/\/www.nuevatribuna.es\/media\/nuevatribuna\/images\/2020\/10\/15\/\/2020101510202676126.jpg\" alt=\"\" \/><\/figure><\/div>\n\n\n\n<p>En todo caso, se trata de reflexionar sobre nuestra memoria hist\u00f3rica para no cometer nuevos errores; no se trata de abrir nuevas heridas ni de fomentar el odio, como reiteradamente pontifica la\u00a0<em>derecha m\u00e1s extrema<\/em>. En definitiva, no tiene ning\u00fan sentido que nuestros escolares conozcan m\u00e1s y dediquen m\u00e1s horas lectivas al Cid Campeador, a los Reyes Cat\u00f3licos y a rese\u00f1ar las monarqu\u00edas absolutas, que a lo acontecido en nuestra historia m\u00e1s reciente.<\/p>\n\n\n\n<p>Finalmente, no debemos olvidar tampoco que estos hechos lamentables se producen en un contexto de confrontaci\u00f3n ideol\u00f3gica y polarizaci\u00f3n pol\u00edtica, propiciada, sobre todo, por el auge de los&nbsp;<em>populismos&nbsp;<\/em>de extrema derecha. Lo m\u00e1s grave e incomprensible de todo es que el PP y Cs tambi\u00e9n est\u00e1n participando de manera decisiva en estos hechos, haciendo dejaci\u00f3n de la responsabilidad exigible a un partido de oposici\u00f3n -con visi\u00f3n de Estado- como se presume deber\u00eda ser el PP. Sobre todo, cuando se produce en medio de una profunda crisis sanitaria, econ\u00f3mica y social que no tiene precedentes conocidos.<\/p>\n\n\n\n<p>Por todo ello, resulta incomprensible la actitud y, sobre todo, la ignorancia mostrada por las&nbsp;<em>derechas&nbsp;<\/em>en el Ayuntamiento de Madrid. Sin duda, la personalidad y figura de Largo Caballero, junto a la de Indalecio Prieto, justificar\u00e1 plenamente la aplicaci\u00f3n de las medidas que sean necesarias para restaurar la dignidad de ambas figuras, la verdad de los hechos y, sobre todo, reparar la infamia y la injusticia hist\u00f3rica cometida.<\/p>\n\n\n\n<p><em>Imagen:&nbsp;Placa conmemorativa en el lugar donde se hallaba la madrile\u00f1a casa natal de Largo Caballero,&nbsp;<a target=\"_blank\" href=\"https:\/\/www.publico.es\/politica\/ayuntamiento-madrid-retira-placa-honor-caballero-151-aniversario-nacimiento.html\" rel=\"noreferrer noopener\">retirada hoy por orden del Ayuntamiento.<\/a><\/em><\/p>\n","protected":false},"excerpt":{"rendered":"<p>Autores: ALMUDENA ASENJO Y ANT\u00d3N SARAC\u00cdBAR Fuente: Nueva Tribuna 15\/10\/2020 A propuesta de Vox, y apoyado por el PP y Ciudadanos, el pleno del Ayuntamiento de Madrid aprob\u00f3 recientemente una moci\u00f3n para retirar los nombres de Francisco Largo Caballero y de Indalecio Prieto de las calles de la capital. Para ello no se dud\u00f3 en &hellip; <a href=\"https:\/\/blogsaverroes.juntadeandalucia.es\/aldeacordoba\/?p=1334\" class=\"more-link\">Continuar leyendo<span class=\"screen-reader-text\"> \u00ab\u00bfQui\u00e9n fue Largo Caballero?\u00bb<\/span><\/a><\/p>\n","protected":false},"author":168,"featured_media":0,"comment_status":"open","ping_status":"open","sticky":false,"template":"","format":"standard","meta":{"ngg_post_thumbnail":0,"footnotes":""},"categories":[224388,224397],"tags":[224637,224684,224730],"aioseo_notices":[],"_links":{"self":[{"href":"https:\/\/blogsaverroes.juntadeandalucia.es\/aldeacordoba\/index.php?rest_route=\/wp\/v2\/posts\/1334"}],"collection":[{"href":"https:\/\/blogsaverroes.juntadeandalucia.es\/aldeacordoba\/index.php?rest_route=\/wp\/v2\/posts"}],"about":[{"href":"https:\/\/blogsaverroes.juntadeandalucia.es\/aldeacordoba\/index.php?rest_route=\/wp\/v2\/types\/post"}],"author":[{"embeddable":true,"href":"https:\/\/blogsaverroes.juntadeandalucia.es\/aldeacordoba\/index.php?rest_route=\/wp\/v2\/users\/168"}],"replies":[{"embeddable":true,"href":"https:\/\/blogsaverroes.juntadeandalucia.es\/aldeacordoba\/index.php?rest_route=%2Fwp%2Fv2%2Fcomments&post=1334"}],"version-history":[{"count":0,"href":"https:\/\/blogsaverroes.juntadeandalucia.es\/aldeacordoba\/index.php?rest_route=\/wp\/v2\/posts\/1334\/revisions"}],"wp:attachment":[{"href":"https:\/\/blogsaverroes.juntadeandalucia.es\/aldeacordoba\/index.php?rest_route=%2Fwp%2Fv2%2Fmedia&parent=1334"}],"wp:term":[{"taxonomy":"category","embeddable":true,"href":"https:\/\/blogsaverroes.juntadeandalucia.es\/aldeacordoba\/index.php?rest_route=%2Fwp%2Fv2%2Fcategories&post=1334"},{"taxonomy":"post_tag","embeddable":true,"href":"https:\/\/blogsaverroes.juntadeandalucia.es\/aldeacordoba\/index.php?rest_route=%2Fwp%2Fv2%2Ftags&post=1334"}],"curies":[{"name":"wp","href":"https:\/\/api.w.org\/{rel}","templated":true}]}}