{"id":1345,"date":"2020-10-30T08:30:00","date_gmt":"2020-10-30T07:30:00","guid":{"rendered":"https:\/\/jmoragahc.wordpress.com\/?p=1345"},"modified":"2020-10-30T08:30:00","modified_gmt":"2020-10-30T07:30:00","slug":"de-los-centros-libertarios-al-exilio-la-movilizacion-politica-de-las-mujeres-de-teruel-en-la-republica-y-la-guerra-civil","status":"publish","type":"post","link":"https:\/\/blogsaverroes.juntadeandalucia.es\/aldeacordoba\/?p=1345","title":{"rendered":"De los centros libertarios al exilio: la movilizaci\u00f3n pol\u00edtica de las mujeres de Teruel en la Rep\u00fablica y la Guerra Civil"},"content":{"rendered":"\n<figure class=\"wp-block-image size-large\"><img decoding=\"async\" src=\"https:\/\/static.eldiario.es\/clip\/d6f4fe57-4893-48b5-804f-29ab3671c3dd_16-9-discover-aspect-ratio_default_0.jpg\" alt=\"\" \/><figcaption>Escuela Racionalista del Ateneo Libertario de Mas de las Matas (Teruel). 1933\u00a0Archivo del Grupo de Estudios Masinos<\/figcaption><\/figure>\n\n\n\n<p><strong>Autora<\/strong>: <a href=\"https:\/\/www.eldiario.es\/autores\/candela-canales\/\">Candela Canales<\/a><\/p>\n\n\n\n<p><strong>Fuente<\/strong>: <em><a rel=\"noreferrer noopener\" href=\"https:\/\/www.eldiario.es\/aragon\/cultura\/centros-libertarios-exilio-movilizacion-politica-mujeres-teruel-republica-guerra-civil_1_6315784.html\" target=\"_blank\">eldiario.es<\/a><\/em> 23\/10\/2020<\/p>\n\n\n\n<ul><li>En las juventudes libertarias se consigui\u00f3 una cierta igualdad, llegando incluso a estar alguna dirigida por una mujer. En las colectividades durante la Guerra Civil, las mujeres trabajaban \u00absin due\u00f1o y sin amo\u00bb pero los dirigentes eran \u00abtodos varones\u201d<\/li><li>Seraf\u00edn Aldecoa recoge las historias y modos de vida de las mujeres turolenses desde 1930 hasta el final de la Guerra Civil<\/li><\/ul>\n\n\n\n<p>Palmira Pla sal\u00eda de su casa para ir al centro socialista de la plaza del pueblo a principios de la d\u00e9cada de 1930. Pero ese camino no lo hac\u00eda sola, para ir y volver al centro de forma segura, la acompa\u00f1aba su amigo Feliciano Garc\u00e9s \u00abporque ella sola no llegaba a atreverse a ir a un centro socialista, si un chico la acompa\u00f1aba y la llevaba y la tra\u00eda, haciendo de alguna forma de portador, ella iba al centro y participaba en \u00e9l, hasta se afili\u00f3 a UGT y al Partido Socialista\u00bb, explica el historiador Seraf\u00edn Aldecoa.<\/p>\n\n\n\n<p>Pla se hizo maestra en Teruel. Al poco de finalizar las clases de su primer curso, sali\u00f3 de casa un 18 de julio de 1936 con el objetivo de tomar una limonada y montar en los coches-chocantes. Tal y como&nbsp;<a href=\"http:\/\/www.museopedagogicodearagon.com\/content\/files\/noticiaf_927_06_Palmira-Pla.pdf\" target=\"_blank\" rel=\"noreferrer noopener\">recoge V\u00edctor Juan<\/a>, el director del Museo Pedag\u00f3gico de Arag\u00f3n, \u00abun guardia civil amigo de su padre le advirti\u00f3 que la estaban buscando, y que deb\u00eda irse de la ciudad. Ten\u00eda 22 a\u00f1os y se sorprendi\u00f3 tanto como todos los que durante esos d\u00edas fueron perseguidos, detenidos y asesinados. Cargada de dudas, se dirigi\u00f3 a la estaci\u00f3n y subi\u00f3 a un vag\u00f3n de un tren de mercanc\u00edas que la llev\u00f3 a Sagunto\u00bb.<\/p>\n\n\n\n<p>Este es uno de los ejemplos que recoge Seraf\u00edn Aldecoa en sus estudios sobre las mujeres turolenses en la Rep\u00fablica y la Guerra Civil. Iba a formar parte de una charla programada para el martes 27 enmarcada en el ciclo de conferencias \u2018Inesperadas. Cultura en Igualdad\u2019 que finalmente no se podr\u00e1 hacer debido a las restricciones sanitarias en Teruel.<\/p>\n\n\n\n<p>Aldecoa repasa los modos de vida de las mujeres desde 1931 hasta el final de la Guerra Civil. Palmira Pla formaba parte de uno de los m\u00e1s de 40 centros instructivos republicanos que exist\u00edan en el Jiloca y alrededor de la ciudad de Teruel. En estos locales se realizaban todo tipo de actividades, desde teatro a ciclos de lectura y charlas, actividades que hicieron que muchas mujeres salieran del entorno familiar.<\/p>\n\n\n\n<figure class=\"wp-block-image size-large is-resized\"><img loading=\"lazy\" decoding=\"async\" src=\"https:\/\/static.eldiario.es\/clip\/58f9ee8a-1c05-4020-baf3-b3556ef03644_1-1-aspect-ratio_default_1005122.jpg\" alt=\"\" width=\"577\" height=\"577\" \/><figcaption>Actas del pleno regional de las juventudes libertarias<\/figcaption><\/figure>\n\n\n\n<p>En el Bajo Arag\u00f3n estos centros tienen su auge entre 1931 y 1932, cuando aparecen tambi\u00e9n las juventudes libertarias, que eran mixtas y que realizaban giras entre los pueblos. \u00abUna de las particularidades de estos centros instructivos es que se pod\u00eda leer prensa, prensa ideologizada claro. Es un elemento interesante ya que las mujeres que no saben leer lo que hacen aqu\u00ed es aprender a leer\u00bb, explica Aldecoa.<\/p>\n\n\n\n<p>Es en 1933 y 1934 cuando adquieren m\u00e1s relevancia las juventudes libertarias, \u00abson estas j\u00f3venes las que acuden a estos centros, en algunos centros libertarios la presidenta es una mujer, por ejemplo, en el de Mirambel hay 11 chicas y 16 chicos, ya participan por igual en estos centros libertarios\u00bb.<\/p>\n\n\n\n<h3 class=\"wp-block-heading\">Movilizaci\u00f3n de las mujeres \u00abde derechas\u00bb<\/h3>\n\n\n\n<p>Sin embargo, no solo las mujeres republicanas se un\u00edan. Existe tambi\u00e9n una \u00abgran movilizaci\u00f3n de las mujeres de derechas, las no republicanas\u00bb, se crean asociaciones de acci\u00f3n popular, que luego ser\u00e1n la Confederaci\u00f3n Espa\u00f1ola de Derechas Aut\u00f3nomas (CEDA) y recorren los pueblos repartiendo propaganda y publicidad.<\/p>\n\n\n\n<p>Mar\u00eda Rosa Urraca Pastor fue la \u00fanica candidata mujer a las elecciones de Teruel en los tres procesos electorales que tuvieron lugar durante la Segunda Rep\u00fablica. Carlista, en 1936 \u00abfue elegida candidata \u00fanica por los tradicionalistas de Teruel, iniciando un intenso periplo por los pueblos de la provincia para lograr el voto. Sin embargo, nuevamente, no logr\u00f3 obtener el ansiado esca\u00f1o, por lo que Fal Conde le encomend\u00f3 directamente la organizaci\u00f3n del Socorro Blanco. Ella manifest\u00f3 que si bien hab\u00edan perdido un acta hab\u00edan ganado una provincia\u00bb, lo explica Antonio Manuel Moral Roncal en&nbsp;<a href=\"https:\/\/recyt.fecyt.es\/index.php\/Hyp\/article\/view\/41330\/23505\" target=\"_blank\" rel=\"noreferrer noopener\">su estudio<\/a>&nbsp;sobre la figura de Urraca Pastor.<\/p>\n\n\n\n<h3 class=\"wp-block-heading\">El papel de la mujer durante el conflicto<\/h3>\n\n\n\n<p>Con la sublevaci\u00f3n militar y el inicio de la Guerra Civil, las cosas cambian. M\u00e1s de 40 mujeres son fusiladas entre Cella y Villarquemado y muchas son reprimidas, en muchos casos por sustituci\u00f3n, es decir, por ser familiar de un hombre significado pol\u00edticamente o perseguido.<\/p>\n\n\n\n<p>En la zona franquista, las mujeres se dedicaban los cuidados y la atenci\u00f3n a heridos o hambrientos, \u00abson mujeres sometidas bajo la autoridad falangista que realizan las tareas que se consideraban propias de su condici\u00f3n y sexo. Pierden esa autonom\u00eda de la que gozaban en la rep\u00fablica\u00bb, explica Aldecoa.<\/p>\n\n\n\n<p>Sin embargo, la situaci\u00f3n no era muy diferente en el lado republicano. Las mujeres apenas se incorporan a las columnas militares y, a partir de la entrada de Largo Caballero como ministro del ej\u00e9rcito, se retiran, \u00abel propio Largo Caballero dec\u00eda que el frente no es lugar para las mujeres, que trasmit\u00edan enfermedades asociadas a la prostituci\u00f3n y las retira del frente para que realicen tareas accesorias m\u00e1s propias del rol que se esperaba de ellas\u00bb.<\/p>\n\n\n\n<figure class=\"wp-block-image size-large\"><img decoding=\"async\" src=\"https:\/\/static.eldiario.es\/clip\/82c02d08-b3ab-4731-9fef-0e50cf9c027e_16-9-aspect-ratio_default_0.jpg\" alt=\"\" \/><figcaption>Junta femenina de la Agrupaci\u00f3n Socialista de Torrevelilla (Teruel). 1937&nbsp;Fundaci\u00f3n Pablo Iglesias<\/figcaption><\/figure>\n\n\n\n<p>Fueron las mujeres las que mantuvieron las colectividades, que se montaron en todas las zonas republicanas, y donde cultivaban y criaban ganado. En Arag\u00f3n las primeras colectividades surgen en el mes de agosto de 1936; los agentes o promotores de la colectivizaci\u00f3n fueron muy diversos, generalmente los sindicatos y las fuerzas pol\u00edticas locales. Tal y como recoge la&nbsp;<a href=\"http:\/\/www.enciclopedia-aragonesa.com\/voz.asp?voz_id=3911\" target=\"_blank\" rel=\"noreferrer noopener\">Gran Enciclopedia Aragonesa<\/a>, \u00abel proceso colectivizador no se hubiera podido desarrollar sin que el voluntarismo ideol\u00f3gico no se hubiera encontrado con unas condiciones favorables provocadas por la situaci\u00f3n de guerra\u00bb. La misma fuente indica la existencia de 280 colectividades, con 141.794 afiliados: Huesca, con 137 localidades y 85.522 personas; Teruel, 116 y 48.618; Zaragoza, 24 y 7.524.<\/p>\n\n\n\n<p>Las colectividades son oficialmente disueltas entre agosto y septiembre de 1937, \u00aben el marco del giro pol\u00edtico y militar del gobierno del Frente Popular. Esta disoluci\u00f3n se ve reforzada por la presencia de las tropas de L\u00edster en la regi\u00f3n. En la pr\u00e1ctica, muchas localidades seguir\u00e1n colectivizadas en mayor o menor grado hasta la ca\u00edda del frente y el final de la guerra, aunque muchos peque\u00f1os y medianos campesinos retornan a la propiedad y explotaci\u00f3n individual de sus tierras\u00bb.&nbsp;<\/p>\n\n\n\n<p>Sin embargo, Aldecoa rescata las declaraciones de una mujer casada con un anarquista en las que lamentaba que el mando segu\u00eda estando en manos de los hombres \u00abya no tenemos due\u00f1o, ni amo, cultivamos la tierra y no tenemos nadie que nos explote, hemos conseguido la libertad, pero el comit\u00e9 dirigente de la colectividad son todos varones\u00bb.&nbsp;<\/p>\n","protected":false},"excerpt":{"rendered":"<p>Autora: Candela Canales Fuente: eldiario.es 23\/10\/2020 En las juventudes libertarias se consigui\u00f3 una cierta igualdad, llegando incluso a estar alguna dirigida por una mujer. En las colectividades durante la Guerra Civil, las mujeres trabajaban \u00absin due\u00f1o y sin amo\u00bb pero los dirigentes eran \u00abtodos varones\u201d Seraf\u00edn Aldecoa recoge las historias y modos de vida de &hellip; <a href=\"https:\/\/blogsaverroes.juntadeandalucia.es\/aldeacordoba\/?p=1345\" class=\"more-link\">Continuar leyendo<span class=\"screen-reader-text\"> \u00abDe los centros libertarios al exilio: la movilizaci\u00f3n pol\u00edtica de las mujeres de Teruel en la Rep\u00fablica y la Guerra Civil\u00bb<\/span><\/a><\/p>\n","protected":false},"author":168,"featured_media":0,"comment_status":"open","ping_status":"open","sticky":false,"template":"","format":"standard","meta":{"ngg_post_thumbnail":0,"footnotes":""},"categories":[224388,224389,224397],"tags":[224421,224532,224637,224684,224772,224924],"aioseo_notices":[],"_links":{"self":[{"href":"https:\/\/blogsaverroes.juntadeandalucia.es\/aldeacordoba\/index.php?rest_route=\/wp\/v2\/posts\/1345"}],"collection":[{"href":"https:\/\/blogsaverroes.juntadeandalucia.es\/aldeacordoba\/index.php?rest_route=\/wp\/v2\/posts"}],"about":[{"href":"https:\/\/blogsaverroes.juntadeandalucia.es\/aldeacordoba\/index.php?rest_route=\/wp\/v2\/types\/post"}],"author":[{"embeddable":true,"href":"https:\/\/blogsaverroes.juntadeandalucia.es\/aldeacordoba\/index.php?rest_route=\/wp\/v2\/users\/168"}],"replies":[{"embeddable":true,"href":"https:\/\/blogsaverroes.juntadeandalucia.es\/aldeacordoba\/index.php?rest_route=%2Fwp%2Fv2%2Fcomments&post=1345"}],"version-history":[{"count":0,"href":"https:\/\/blogsaverroes.juntadeandalucia.es\/aldeacordoba\/index.php?rest_route=\/wp\/v2\/posts\/1345\/revisions"}],"wp:attachment":[{"href":"https:\/\/blogsaverroes.juntadeandalucia.es\/aldeacordoba\/index.php?rest_route=%2Fwp%2Fv2%2Fmedia&parent=1345"}],"wp:term":[{"taxonomy":"category","embeddable":true,"href":"https:\/\/blogsaverroes.juntadeandalucia.es\/aldeacordoba\/index.php?rest_route=%2Fwp%2Fv2%2Fcategories&post=1345"},{"taxonomy":"post_tag","embeddable":true,"href":"https:\/\/blogsaverroes.juntadeandalucia.es\/aldeacordoba\/index.php?rest_route=%2Fwp%2Fv2%2Ftags&post=1345"}],"curies":[{"name":"wp","href":"https:\/\/api.w.org\/{rel}","templated":true}]}}