{"id":1357,"date":"2020-11-06T09:04:00","date_gmt":"2020-11-06T08:04:00","guid":{"rendered":"https:\/\/jmoragahc.wordpress.com\/?p=1357"},"modified":"2020-11-06T09:04:00","modified_gmt":"2020-11-06T08:04:00","slug":"buchanan-el-peor-presidente-de-estados-unidos","status":"publish","type":"post","link":"https:\/\/blogsaverroes.juntadeandalucia.es\/aldeacordoba\/?p=1357","title":{"rendered":"Buchanan, el peor presidente de Estados Unidos"},"content":{"rendered":"\n<figure class=\"wp-block-image size-large\"><img decoding=\"async\" src=\"https:\/\/www.lavanguardia.com\/files\/image_948_465\/files\/fp\/uploads\/2020\/10\/23\/5f9289d1c3b27.r_d.2024-1520-2342.jpeg\" alt=\"\" \/><figcaption>James Buchanan, en el centro, de pie, rodeado por su gabinete, aproximadamente en 1860\u00a0<br>\u00a0Getty Images<\/figcaption><\/figure>\n\n\n\n<p><strong>Autor<\/strong>: Joaqu\u00edn Luna<\/p>\n\n\n\n<p><strong>Fuente<\/strong>: <em><a rel=\"noreferrer noopener\" href=\"https:\/\/www.lavanguardia.com\/historiayvida\/historia-contemporanea\/20201025\/33996\/peor-presidente-historia-estados-unidos.html\" target=\"_blank\">La Vanguardia<\/a><\/em> 25\/10\/2020<\/p>\n\n\n\n<blockquote class=\"wp-block-quote\"><p>El \u00fanico presidente soltero de la historia fue el rey del estropicio: fractur\u00f3 su partido, trat\u00f3 de adquirir Cuba en vano y leg\u00f3 a Lincoln la guerra civil<\/p><\/blockquote>\n\n\n\n<p>Visi\u00f3n, rumbo, determinaci\u00f3n. El abogado&nbsp;<strong>James Buchanan<\/strong>&nbsp;lleg\u00f3 a la&nbsp;<strong>Casa Blanca,<\/strong>&nbsp;pero careci\u00f3 de estas y otras virtudes pese a su experiencia diplom\u00e1tica y legislativa, por lo que su presidencia (1856-1860) est\u00e1 considerada&nbsp;<strong>la peor de la historia<\/strong>&nbsp;de Estados Unidos, seg\u00fan la mayor\u00eda de \u00edndices presidenciales. Lo suyo era el estropicio.<\/p>\n\n\n\n<p>\u201cBuchanan era perezoso, temeroso, pusil\u00e1nime y estaba confundido\u201d, se\u00f1ala el profesor<strong>\u00a0Paul Johnson<\/strong>\u00a0en su libro\u00a0<em>Estados Unidos. La historia\u00a0<\/em>(Ediciones B). M\u00e1s all\u00e1 de su preparaci\u00f3n y experiencia en los asuntos p\u00fablicos, cuesta dar con elogios sobre James Buchanan, dada la magnitud de los desastres que origin\u00f3, \u201csu inflexible visi\u00f3n de la Constituci\u00f3n\u201d y una\u00a0<strong>terquedad<\/strong>\u00a0que algunos bi\u00f3grafos atribuyen a su solter\u00eda.<\/p>\n\n\n\n<p>A\u00fan hoy, James Buchanan es el \u00fanico de los 45 presidentes de EE.UU. que nunca se cas\u00f3, como tampoco dej\u00f3 rumores sobre su sexualidad en una ciudad&nbsp;<strong>propicia al cotilleo<\/strong>&nbsp;sobre la Casa Blanca como Washington DC. Una de sus bi\u00f3grafas,&nbsp;<strong>Jean H. Baker<\/strong>, apunta que Buchanan era asexual y recoge la teor\u00eda de que buena parte de su<strong>&nbsp;torpeza pol\u00edtica<\/strong>&nbsp;guarda relaci\u00f3n con el t\u00f3pico de que un soltero ignora los mecanismos de los compromisos cotidianos.<\/p>\n\n\n\n<p>El estado civil de los presidentes, no obstante, no figura en ninguna de las casillas en las que&nbsp;<strong>historiadores, acad\u00e9micos y especialistas en la Casa Blanca<\/strong>&nbsp;punt\u00faan a cada presidente, las que permiten elaborar los llamados&nbsp;<strong>\u201c\u00edndices de los presidentes\u201d<\/strong>: una forma cient\u00edfica y con ambici\u00f3n de objetividad para situar a cada presidente en su lugar bajo el sol. El sol y la historia de Estados Unidos.<\/p>\n\n\n\n<blockquote class=\"wp-block-quote\"><p>Buchanan es el \u00fanico soltero entre los 45 presidentes de EE.UU.<\/p><\/blockquote>\n\n\n\n<p>Buchanan es el \u00faltimo de la fila en la mayor\u00eda de estos \u00edndices, y cuando no lo es \u2013caso de la lista de la cadena p\u00fablica C-Span\u2013<strong>nunca est\u00e1 fuera de los tres peores<\/strong>. El escalaf\u00f3n de esta cadena, por ejemplo, desbanc\u00f3 en 2017 a Buchanan para ceder el farolillo rojo a\u2026&nbsp;<strong>Donald Trump<\/strong>. Un panel de historiadores evaluaron conforme a diez cualidades que se asignan a un inquilino de la Casa Blanca. He aqu\u00ed algunos baremos: \u201cautoridad moral\u201d, \u201cliderazgo en tiempos de crisis\u201d, \u201cvisi\u00f3n y agenda\u201d\u2026<\/p>\n\n\n\n<p>Desde que, en 1948, Arthur M. Schlesinger Sr. elabor\u00f3 desde su atalaya en&nbsp;<strong>Harvard<\/strong>&nbsp;una lista con base en las puntuaciones de los m\u00e1s distinguidos historiadores, han sido numerosos los medios de comunicaci\u00f3n y centros docentes que han elaborado sus propias listas. Ya forman parte de la tradici\u00f3n pol\u00edtica de&nbsp;<strong>Estados Unidos<\/strong>&nbsp;y son una de sus particularidades (ning\u00fan pa\u00eds europeo las ha reproducido a similar escala).<\/p>\n\n\n\n<figure class=\"wp-block-image is-resized\"><img loading=\"lazy\" decoding=\"async\" src=\"https:\/\/www.lavanguardia.com\/files\/content_image_mobile_filter\/uploads\/2020\/10\/23\/5f92dba9cf27e.jpeg\" alt=\"Revuelta de transporte de esclavos con destino a Cuba, en 1839\" width=\"568\" height=\"242\" \/><figcaption>Revuelta de transporte de esclavos con destino a Cuba, en 1839&nbsp;Getty Images<\/figcaption><\/figure>\n\n\n\n<p>Hijo de un irland\u00e9s que hizo fortuna, Buchanan parec\u00eda preparado para el cargo. Hab\u00eda servido en el&nbsp;<strong>Capitolio<\/strong>, como representante de&nbsp;<strong>Pensilvania<\/strong>&nbsp;tanto en el Senado como en la C\u00e1mara baja, fue embajador ante la corte de los zares, secretario de Estado (1845-49) en una \u00e9poca de gran dinamismo y embajador en&nbsp;<strong>Londres,<\/strong>&nbsp;desde donde trat\u00f3 de<strong>&nbsp;comprar la isla de Cuba<\/strong>&nbsp;a Espa\u00f1a por las buenas o por las malas. Y lo hizo no s\u00f3lo por fidelidad a la doctrina del presidente&nbsp;<strong>Monroe<\/strong>&nbsp;\u2013\u201cAm\u00e9rica para los americanos\u201d, dijo un 2 de diciembre de 1823\u2013, sino tambi\u00e9n para contentar a los estados del Sur, partidarios de apropiarse del Caribe a fin de disponer de&nbsp;<strong>m\u00e1s esclavos y a mejores precios<\/strong>.<\/p>\n\n\n\n<p>La cristalizaci\u00f3n del apetito de Buchanan por Cuba se hizo patente en el manifiesto de Ostende (1854), en el que los principales embajadores de EE.UU. en Europa reunidos en la ciudad belga daban por leg\u00edtima una&nbsp;<strong>intervenci\u00f3n militar&nbsp;<\/strong>caso de que el Gobierno espa\u00f1ol no a se aviniese a pactar la venta. La declaraci\u00f3n tuvo un recorrido muy corto porque pretend\u00eda ser secreta y termin\u00f3 conoci\u00e9ndose en las capitales europeas, reacias al expansionismo territorial (tanto Gran Breta\u00f1a como Francia ten\u00edan colonias en el continente americano).<\/p>\n\n\n\n<blockquote class=\"wp-block-quote\"><p>Comprar la isla fue una obsesi\u00f3n a fin de contentar a los estados esclavistas<\/p><\/blockquote>\n\n\n\n<p>\u00bfPor qu\u00e9 ese apetito estadounidense a lo largo del siglo XIX y especialmente en los a\u00f1os en torno a la presidencia de Buchanan?&nbsp;<strong>Cuba<\/strong>&nbsp;formaba parte de la \u201cpol\u00edtica dom\u00e9stica\u201d. La cercana isla se presentaba como una atractiva cantera de esclavos (en 1850, la poblaci\u00f3n constaba de 651.000 ciudadanos libres y 322.514 esclavos). Para los estados sure\u00f1os, m\u00e1s desarrollados y ricos a principios del siglo XIX que los del norte de EE.UU., se trataba sencillamente de garantizar en el futuro la&nbsp;<strong>mano de obra para el algod\u00f3n y el tabaco<\/strong>. Washington y Madrid nunca llegar\u00edan a un acuerdo, y el mero hecho de negociar con el palo y la zanahoria despert\u00f3 el orgullo patrio en Espa\u00f1a, resumido en la altisonante respuesta del&nbsp;<a href=\"https:\/\/www.lavanguardia.com\/historiayvida\/historia-contemporanea\/20190813\/47311592253\/el-asesinato-del-general-prim.html\">general Prim<\/a>: \u201cVender Cuba ser\u00eda una deshonra. A Espa\u00f1a se la vence pero no se la deshonra\u201d.Lee tambi\u00e9n<\/p>\n\n\n\n<p>James Buchanan era un pol\u00edtico<strong>&nbsp;dem\u00f3crata del Norte<\/strong>&nbsp;que trat\u00f3 de&nbsp;<strong>conciliar el esclavismo de los estados del Sur<\/strong>&nbsp;\u2013y&nbsp;<a href=\"https:\/\/www.lavanguardia.com\/historiayvida\/historia-contemporanea\/20200616\/481792026349\/racismo-estados-unidos-guerra-sucesion-confederados-esclavistas.html\">apaciguarles<\/a>&nbsp;para ganar sus votos de cara a la elecci\u00f3n presidencial\u2013 con el pujante desarrollo industrial del Norte, plasmado en el liderazgo mundial de Nueva York y su regi\u00f3n en los a\u00f1os cincuenta del siglo XIX, coincidiendo con la presidencia de Buchanan.<\/p>\n\n\n\n<figure class=\"wp-block-image is-resized\"><img loading=\"lazy\" decoding=\"async\" src=\"https:\/\/www.lavanguardia.com\/files\/content_image_mobile_filter\/uploads\/2020\/10\/23\/5f92dab6ae0aa.jpeg\" alt=\"Left to Right: Photograph of Allan Pinkerton (1819-1884) President Abraham Lincoln (1809-1865) and John Alexander McClernand (1812-1900) during the Battle of Antietam. Dated 19th Century. (Photo by: Universal History Archive\/ Universal Images Group via Getty Images)\" width=\"569\" height=\"556\" \/><figcaption>Lincoln, en el centro, en la batalla de Antietam&nbsp;&nbsp;Universal Images Group via Getty<\/figcaption><\/figure>\n\n\n\n<p>Nuestro hombre see present\u00f3 a la elecci\u00f3n con la&nbsp;<strong>promesa<\/strong>&nbsp;de que ser\u00eda el presidente capaz de preservar la Uni\u00f3n y compaginar las reivindicaciones del Sur \u2013cuyo modelo era antag\u00f3nico al proteccionismo que reclamaba el Norte\u2013 con las del resto del pa\u00eds. \u201c<strong>La Guerra Civil<\/strong>, impensable una d\u00e9cada atr\u00e1s, se convirti\u00f3 en<strong>&nbsp;inevitable al acabar la presidencia de Buchanan<\/strong>\u201d, ha escrito la profesora Jane H. Baker. Hab\u00eda prometido ocupar la presidencia un \u00fanico mandato y cumpli\u00f3 pero su mayor fiasco fue acelerar irreversiblemente el camino a la guerra civil.<\/p>\n\n\n\n<p>Todos los historiadores acusan a James Buchanan de una&nbsp;<strong>grave inacci\u00f3n<\/strong>&nbsp;durante los meses de transici\u00f3n entre la elecci\u00f3n de Lincoln, el primer presidente republicano, en noviembre de 1860 y el relevo efectivo el 4 de marzo de 1861. Seis semanas despu\u00e9s de que&nbsp;<strong>Lincoln<\/strong>&nbsp;asumiese la presidencia, la guerra de Secesi\u00f3n estallaba como colof\u00f3n al secesionismo del Sur en cuanto se conoci\u00f3 la victoria electoral de Lincoln. \u201cUn fuerte despliegue de determinaci\u00f3n presidencial hubiese podido detener el crecimiento del sentimiento secesionista. Buchanan hizo lo contrario: se rindi\u00f3\u201d, se\u00f1al\u00f3 a la BBC&nbsp;<strong>David C. Eisenbach<\/strong>, experto en historia presidencial de EE.UU. de la Universidad de Columbia.<\/p>\n\n\n\n<blockquote class=\"wp-block-quote\"><p>Lleg\u00f3 a la Casa Blanca prometiendo reconciliaci\u00f3n y dej\u00f3 a EE.UU. en llamas<\/p><\/blockquote>\n\n\n\n<p>James Buchanan se pas\u00f3 el resto de sus d\u00edas \u2013falleci\u00f3 ocho a\u00f1os despu\u00e9s de abandonar la Casa Blanca\u2013 tratando de defender su gesti\u00f3n, a la vista de que sus contempor\u00e1neos le se\u00f1alaban como uno de los grandes responsables del desastre de la guerra civil. \u201cLos tiempos cr\u00edticos elevan a menudo a los mejores presidentes y a la inversa. James Buchanan fue uno de los que desaprovech\u00f3 la oportunidad\u201d, estima Baker. Su sucesor,&nbsp;<strong><a href=\"https:\/\/www.lavanguardia.com\/historiayvida\/historia-contemporanea\/20200130\/473197871006\/magnicidios-presidentes-eeuu-lincoln-garfield-mckinley-kennedy.html\">Abraham Lincoln<\/a><\/strong>, no. Todo o contrario: figura siempre&nbsp;<strong>entre los cinco mejores presidentes de la historia<\/strong>.<\/p>\n","protected":false},"excerpt":{"rendered":"<p>Autor: Joaqu\u00edn Luna Fuente: La Vanguardia 25\/10\/2020 El \u00fanico presidente soltero de la historia fue el rey del estropicio: fractur\u00f3 su partido, trat\u00f3 de adquirir Cuba en vano y leg\u00f3 a Lincoln la guerra civil Visi\u00f3n, rumbo, determinaci\u00f3n. El abogado&nbsp;James Buchanan&nbsp;lleg\u00f3 a la&nbsp;Casa Blanca,&nbsp;pero careci\u00f3 de estas y otras virtudes pese a su experiencia diplom\u00e1tica &hellip; <a href=\"https:\/\/blogsaverroes.juntadeandalucia.es\/aldeacordoba\/?p=1357\" class=\"more-link\">Continuar leyendo<span class=\"screen-reader-text\"> \u00abBuchanan, el peor presidente de Estados Unidos\u00bb<\/span><\/a><\/p>\n","protected":false},"author":168,"featured_media":0,"comment_status":"open","ping_status":"open","sticky":false,"template":"","format":"standard","meta":{"ngg_post_thumbnail":0,"footnotes":""},"categories":[224383],"tags":[224463,224560,224641,224744],"aioseo_notices":[],"_links":{"self":[{"href":"https:\/\/blogsaverroes.juntadeandalucia.es\/aldeacordoba\/index.php?rest_route=\/wp\/v2\/posts\/1357"}],"collection":[{"href":"https:\/\/blogsaverroes.juntadeandalucia.es\/aldeacordoba\/index.php?rest_route=\/wp\/v2\/posts"}],"about":[{"href":"https:\/\/blogsaverroes.juntadeandalucia.es\/aldeacordoba\/index.php?rest_route=\/wp\/v2\/types\/post"}],"author":[{"embeddable":true,"href":"https:\/\/blogsaverroes.juntadeandalucia.es\/aldeacordoba\/index.php?rest_route=\/wp\/v2\/users\/168"}],"replies":[{"embeddable":true,"href":"https:\/\/blogsaverroes.juntadeandalucia.es\/aldeacordoba\/index.php?rest_route=%2Fwp%2Fv2%2Fcomments&post=1357"}],"version-history":[{"count":0,"href":"https:\/\/blogsaverroes.juntadeandalucia.es\/aldeacordoba\/index.php?rest_route=\/wp\/v2\/posts\/1357\/revisions"}],"wp:attachment":[{"href":"https:\/\/blogsaverroes.juntadeandalucia.es\/aldeacordoba\/index.php?rest_route=%2Fwp%2Fv2%2Fmedia&parent=1357"}],"wp:term":[{"taxonomy":"category","embeddable":true,"href":"https:\/\/blogsaverroes.juntadeandalucia.es\/aldeacordoba\/index.php?rest_route=%2Fwp%2Fv2%2Fcategories&post=1357"},{"taxonomy":"post_tag","embeddable":true,"href":"https:\/\/blogsaverroes.juntadeandalucia.es\/aldeacordoba\/index.php?rest_route=%2Fwp%2Fv2%2Ftags&post=1357"}],"curies":[{"name":"wp","href":"https:\/\/api.w.org\/{rel}","templated":true}]}}