{"id":1371,"date":"2020-11-13T09:31:00","date_gmt":"2020-11-13T08:31:00","guid":{"rendered":"https:\/\/jmoragahc.wordpress.com\/?p=1371"},"modified":"2020-11-13T09:31:00","modified_gmt":"2020-11-13T08:31:00","slug":"argelia-la-independencia-que-paris-quiso-detener-a-toda-costa","status":"publish","type":"post","link":"https:\/\/blogsaverroes.juntadeandalucia.es\/aldeacordoba\/?p=1371","title":{"rendered":"Argelia, la independencia que Par\u00eds quiso detener a toda costa"},"content":{"rendered":"\n<figure class=\"wp-block-image size-large\"><img decoding=\"async\" src=\"https:\/\/www.lavanguardia.com\/files\/image_948_465\/files\/fp\/uploads\/2020\/10\/30\/5f9bbb01cbeca.r_d.519-274-9258.jpeg\" alt=\"\" \/><figcaption>Comando franc\u00e9s en la guerra de Argelia.<br>\u00a0Dominio p\u00fablico<\/figcaption><\/figure>\n\n\n\n<p><strong>Autor<\/strong>: Diego Carcedo<\/p>\n\n\n\n<p><strong>Fuente<\/strong>: <em><a rel=\"noreferrer noopener\" href=\"https:\/\/www.lavanguardia.com\/historiayvida\/historia-contemporanea\/20201101\/483815\/argelia-independencia-paris-quiso-detener-toda-costa.html\" target=\"_blank\">La Vanguardia<\/a><\/em> 1\/11\/2020<\/p>\n\n\n\n<p>El 1 de noviembre de 1954 se desataba una guerra dur\u00edsima que sumi\u00f3 a Francia en una complicada crisis pol\u00edtica<\/p>\n\n\n\n<p><strong>Argelia fue uno de los \u00faltimos pa\u00edses \u00e1rabes en acceder a la independencia<\/strong>&nbsp;y sin duda alguna el que m\u00e1s sufri\u00f3 para conseguirla. Francia, que se hab\u00eda desprendido de T\u00fanez y Marruecos sin ofrecer demasiada resistencia, emple\u00f3 con Argelia todos los medios \u2013y toda la fuerza\u2013 para retenerla como principal recuerdo de su imperio colonial en liquidaci\u00f3n.<\/p>\n\n\n\n<p>Para justificar la diferencia de trato con los distintos territorios que ten\u00eda bajo su control en el norte de \u00c1frica, Par\u00eds adujo unos argumentos jur\u00eddicamente s\u00f3lidos, pero pueriles en la pr\u00e1ctica. Meras estratagemas para mantener la teor\u00eda de que<strong>&nbsp;Argelia no era una colonia, sino una prolongaci\u00f3n de Francia.<\/strong><\/p>\n\n\n\n<p>Tanto Marruecos como T\u00fanez, a los que hab\u00eda concedido la independencia en 1956, eran protectorados, mientras que&nbsp;<strong>Argelia ten\u00eda estatus de departamento<\/strong>&nbsp;y, en consecuencia, consideraci\u00f3n de territorio soberano franc\u00e9s. As\u00ed hab\u00eda sido declarada en 1948 en un intento bald\u00edo por calmar las reivindicaciones independentistas surgidas en el pa\u00eds ya un decenio antes.<\/p>\n\n\n\n<figure class=\"wp-block-image is-resized\"><img loading=\"lazy\" decoding=\"async\" src=\"https:\/\/www.lavanguardia.com\/files\/content_image_mobile_filter\/uploads\/2020\/10\/30\/5f9bb0dc8bcf2.jpeg\" alt=\"Vista del puerto de Argel en 1921.\" width=\"576\" height=\"398\" \/><figcaption>Vista del puerto de Argel en 1921.&nbsp;Dominio p\u00fablico<\/figcaption><\/figure>\n\n\n\n<p>A finales de los a\u00f1os cincuenta, la frustraci\u00f3n argelina ante la falta de eco de sus deseos se convert\u00eda en rabia al ver c\u00f3mo&nbsp;<strong>otros pueblos de su misma cultura, religi\u00f3n e idioma lograban sus objetivos<\/strong>. La humillante derrota francesa en Indochina en 1954 tambi\u00e9n estaba contribuyendo a estimular sus ansias de emancipaci\u00f3n.<\/p>\n\n\n\n<p>El 1 de noviembre de 1954 varios l\u00edderes del llamado&nbsp;<strong>Comit\u00e9 Revolucionario de Unidad y Acci\u00f3n argelino (CRUA) decidieron dar un paso adelante<\/strong>&nbsp;en la lucha armada. Entre ellos figuraba Ahmed Ben Bella, quien con el tiempo se convertir\u00eda en el primer presidente de la Rep\u00fablica de Argelia.<\/p>\n\n\n\n<p><strong>Crearon el Frente de Liberaci\u00f3n Nacional (FLN)<\/strong>, una organizaci\u00f3n militar y pol\u00edtica que desde ese momento extender\u00eda sus redes por todo el pa\u00eds. Sus golpes, a menudo atentados contra instalaciones de valor estrat\u00e9gico, enseguida se convertir\u00edan en una seria amenaza.<\/p>\n\n\n\n<figure class=\"wp-block-image is-resized\"><img loading=\"lazy\" decoding=\"async\" src=\"https:\/\/www.lavanguardia.com\/files\/content_image_mobile_filter\/uploads\/2020\/10\/30\/5f9bb2241af9c.jpeg\" alt=\"Los seis l\u00edderes hist\u00f3ricos del FLN: Rabah Bitat, Mostefa Ben Boula\u00efd, Mourad Didouche, Mohammed Boudiaf, Krim Belkacem y Larbi Ben M'Hidi.\" width=\"574\" height=\"785\" \/><figcaption>Los seis l\u00edderes hist\u00f3ricos del FLN: Rabah Bitat, Mostefa Ben Boula\u00efd, Mourad Didouche, Mohammed Boudiaf, Krim Belkacem y Larbi Ben M&#8217;Hidi.&nbsp;Dominio p\u00fablico<\/figcaption><\/figure>\n\n\n\n<p>En Par\u00eds, la situaci\u00f3n argelina no tardar\u00eda en constituirse en el principal&nbsp;<strong>motivo de preocupaci\u00f3n y enfrentamiento pol\u00edtico<\/strong>. El conflicto, que cobraba virulencia por momentos, hizo caer de manera m\u00e1s o menos directa varios gobiernos.<\/p>\n\n\n\n<p>Eran gabinetes d\u00e9biles, sumidos a\u00fan en las secuelas de la guerra mundial y perdidos en&nbsp;<a href=\"https:\/\/www.lavanguardia.com\/historiayvida\/historia-contemporanea\/20200412\/48395517677\/truman-roosevelt-iigm-conferencia-postdam-bomba-atomica-guerra-fria.html\">las tensiones de la Guerra Fr\u00eda<\/a>. Y se mostraban adem\u00e1s indecisos ante la presi\u00f3n de los militares y ante&nbsp;<strong>la resistencia que ofrec\u00edan los centenares de miles de colonos franceses<\/strong>&nbsp;de varias generaciones que consideraban Argelia su tierra y su hogar y se opon\u00edan a cualquier g\u00e9nero de concesiones a la poblaci\u00f3n aut\u00f3ctona.<\/p>\n\n\n\n<p>Los independentistas argelinos un\u00edan a sus sentimientos patri\u00f3ticos otras ideas nuevas, las que irradiaba el nuevo r\u00e9gimen egipcio. Tras llegar al poder en 1959,\u00a0<strong>Nasser hab\u00eda desafiado a Gran Breta\u00f1a con la nacionalizaci\u00f3n del\u00a0<a href=\"https:\/\/www.lavanguardia.com\/historiayvida\/mas-historias\/20190719\/47314133755\/suez-un-canal-en-pleno-desierto.html\">canal de Suez<\/a><\/strong>\u00a0y propugnaba la unidad de los pueblos \u00e1rabes bajo un socialismo de corte pan\u00e1rabe que estaba prendiendo entre muchos intelectuales y gobiernos, como los de Irak y Siria. Y lo m\u00e1s preocupante para Occidente: que la Uni\u00f3n Sovi\u00e9tica estaba detr\u00e1s.<\/p>\n\n\n\n<p>No se puede decir que los independentistas argelinos constituyesen una pi\u00f1a ideol\u00f3gica, pero entre sus dirigentes predominaban los que luchaban con un doble objetivo: lograr la proclamaci\u00f3n de su propio estado y la puesta en marcha de&nbsp;<strong>una revoluci\u00f3n capaz de transformar las estructuras capitalistas&nbsp;<\/strong>en otras de corte colectivista.<\/p>\n\n\n\n<p>Esta pretensi\u00f3n, que acabar\u00eda triunfando en parte, constitu\u00eda un motivo m\u00e1s de&nbsp;<strong>temor y rechazo de los colonos franceses, propietarios de muchas tierras y negocios<\/strong>. Adem\u00e1s del respaldo de los militares, contaban con influencias y capacidad para presionar en Par\u00eds.<\/p>\n\n\n\n<h2 class=\"wp-block-heading\">Guerra sin cuartel<\/h2>\n\n\n\n<p><strong>La guerra, que se prolong\u00f3 de 1954 a 1962, fue larga y cruenta<\/strong>&nbsp;\u2013la cifra de v\u00edctimas ronda el medio mill\u00f3n o tal vez m\u00e1s\u2013. Tanto los militares franceses, imbuidos de un fanatismo impropio de una sociedad democr\u00e1tica, como los guerrilleros del FLN rivalizaron en el recurso a la violencia, la tortura y el asesinato a menudo indiscriminado.<\/p>\n\n\n\n<figure class=\"wp-block-image is-resized\"><img loading=\"lazy\" decoding=\"async\" src=\"https:\/\/www.lavanguardia.com\/files\/content_image_mobile_filter\/uploads\/2020\/10\/30\/5f9bb3b3db437.jpeg\" alt=\"Militantes del FLN.\" width=\"575\" height=\"423\" \/><figcaption>Militantes del FLN.&nbsp;Dominio p\u00fablico<\/figcaption><\/figure>\n\n\n\n<p>La cr\u00f3nica del conflicto est\u00e1 repleta de hechos terribles, como el asesinato de 123 colonos franceses en la provincia de Constantina en agosto de 1955 y la reacci\u00f3n de los soldados galos, que respondieron con&nbsp;<strong>la matanza de cerca de 12.000 argelinos.<\/strong><\/p>\n\n\n\n<p>Los intentos, siempre a remolque de los hechos, de los gobiernos franceses por&nbsp;<strong>encontrar una salida negociada fracasaban<\/strong>&nbsp;uno tras otro conforme evolucionaban los acontecimientos. Hab\u00eda pasado el tiempo del trapicheo de concesiones pol\u00edticas y los argelinos solo aspiraban a una: la soberan\u00eda.<\/p>\n\n\n\n<p>Las guerrillas del FLN, que en algunos momentos se daban ingenuamente por derrotadas en Par\u00eds, renac\u00edan con m\u00e1s fuerza de sus propias cenizas, sumaban m\u00e1s c\u00e9lulas y activistas,&nbsp;<strong>incrementaban su apoyo popular y manten\u00edan el control de amplias regiones<\/strong>.<\/p>\n\n\n\n<blockquote class=\"wp-block-quote\"><p>La batalla de Argel, en la que se cometieron incontables atrocidades, tuvo unos efectos devastadores para la imagen de los franceses<\/p><\/blockquote>\n\n\n\n<p>La&nbsp;<strong>desproporci\u00f3n entre 40.000 guerrilleros y 500.000 soldados regulares<\/strong>&nbsp;era enorme. Francia no parec\u00eda ver otra salida que la de las armas, y acababa atendiendo la demanda de m\u00e1s soldados y m\u00e1s armamento que formulaban sus generales.<\/p>\n\n\n\n<p>El env\u00edo de contingentes llevaba incluido equipamiento renovado, que le supon\u00eda al pa\u00eds una sangr\u00eda econ\u00f3mica insostenible. Y lo que finalmente iba a resultar m\u00e1s pernicioso para los intereses de Francia: disposiciones defensivas que&nbsp;<strong>permit\u00edan a los militares actuar sobre el terreno con una libertad ilimitada<\/strong>&nbsp;de movimientos.<\/p>\n\n\n\n<p>Las pusieron en pr\u00e1ctica&nbsp;<strong>sin el menor respeto a los derechos humanos.<\/strong>&nbsp;Sin embargo, lo \u00fanico que conseguir\u00edan ser\u00eda estimular el odio y el deseo de venganza. La llamada batalla de Argel, en la que fueron cometidas incontables atrocidades, tuvo unos efectos devastadores para la imagen de los franceses y de rechazo popular a su presencia.<\/p>\n\n\n\n<figure class=\"wp-block-image is-resized\"><img loading=\"lazy\" decoding=\"async\" src=\"https:\/\/www.lavanguardia.com\/files\/content_image_mobile_filter\/uploads\/2020\/10\/30\/5f9bb5220bd61.jpeg\" alt=\"Restos de una casa destruida en Argel tras una explosi\u00f3n.\" width=\"581\" height=\"348\" \/><figcaption>Restos de una casa destruida en Argel tras una explosi\u00f3n.&nbsp;Saber68 \/ CC BY-S.A 3.0<\/figcaption><\/figure>\n\n\n\n<h2 class=\"wp-block-heading\">Vecinos y aliados<\/h2>\n\n\n\n<p>En el \u00e1mbito internacional,&nbsp;<strong>la contienda de Argelia era seguida con desaz\u00f3n y pasividad al mismo tiempo<\/strong>. Al peso diplom\u00e1tico que ejerc\u00eda Francia se un\u00eda su condici\u00f3n de miembro permanente del Consejo de Seguridad de&nbsp;<a href=\"https:\/\/www.lavanguardia.com\/historiayvida\/mas-historias\/20190808\/47312116615\/para-que-sirve-la-onu.html\">la ONU<\/a>, lo que le conced\u00eda derecho de veto a las resoluciones.<\/p>\n\n\n\n<p>Incluso los pa\u00edses \u00e1rabes ya independientes se mostraban cautelosos. Los dos vecinos del conflicto,&nbsp;<strong>Marruecos y T\u00fanez, recibieron y alojaron con dificultades a decenas de miles de refugiados<\/strong>, entre ellos algunos cabecillas de la insurrecci\u00f3n. Pero ambos estados evitaban que actuasen desde su territorio.<\/p>\n\n\n\n<p>En 1958,&nbsp;<strong>el FLN cre\u00f3 un gobierno provisional (el GPRA) e instal\u00f3 su sede en T\u00fanez,<\/strong>&nbsp;aunque aceptando para ello muchas limitaciones a su capacidad de movimientos. Fue el presidente Burguiba quien inclin\u00f3 la balanza en ayuda de los argelinos. Pero sus iniciativas eran observadas con desconfianza desde Par\u00eds. El apoyo del resto del mundo \u00e1rabe, comedido al principio, aumentaba conforme se intu\u00eda que el final de la guerra estaba pr\u00f3ximo. En Marruecos, mientras tanto, empezaban a aflorar temores en torno al trazado de la frontera entre los dos pa\u00edses.<\/p>\n\n\n\n<div class=\"wp-block-image\"><figure class=\"aligncenter\"><img decoding=\"async\" src=\"https:\/\/www.lavanguardia.com\/files\/content_image_mobile_filter\/uploads\/2020\/10\/30\/5f9bb630e8a81.jpeg\" alt=\"El presidente de T\u00fanez Habib Burguiba\" \/><figcaption>El presidente de T\u00fanez Habib Burguiba&nbsp;Dominio p\u00fablico<\/figcaption><\/figure><\/div>\n\n\n\n<p><strong>El pa\u00eds \u00e1rabe que m\u00e1s apoy\u00f3 la lucha de Argelia fue Egipto<\/strong>. Nasser, enfrentado a Gran Breta\u00f1a y Francia, resentido por el apoyo occidental a la proclamaci\u00f3n de Israel y muy concienciado sobre la vejaci\u00f3n que supon\u00eda el colonialismo a la naci\u00f3n \u00e1rabe, proporcion\u00f3 armas, asesoramiento militar y cobertura diplom\u00e1tica a los l\u00edderes guerrilleros. Su r\u00e9gimen intentaba convertirse en la avanzadilla del nuevo mundo \u00e1rabe, y confiaba en que la Argelia independiente fuese el pa\u00eds abanderado de sus ideales en el Magreb.<\/p>\n\n\n\n<p>Estados Unidos y la Uni\u00f3n Sovi\u00e9tica no desaprovechaban la ocasi\u00f3n para criticarse rec\u00edprocamente, pero en cuestiones de descolonizaci\u00f3n respond\u00edan al mismo principio:&nbsp;<strong>las dos superpotencias apoyaban el final de los imperios coloniales&nbsp;<\/strong>existentes.<\/p>\n\n\n\n<p>Por lo que respecta a la URSS, cautelosa en \u00c1frica, canalizaba en muchos casos su actuaci\u00f3n&nbsp;<strong>a trav\u00e9s de iniciativas de sus sat\u00e9lites<\/strong>. Fue lo que ocurri\u00f3 en Argelia. Adem\u00e1s del apoyo de Egipto, pa\u00eds que contaba con la protecci\u00f3n de Mosc\u00fa, surgi\u00f3 el de&nbsp;<a href=\"https:\/\/www.lavanguardia.com\/historiayvida\/20200221\/473638940070\/fidel-castro-historia-absolvera-revolucion-cuba-26-de-julio-moncada.html\">la Cuba castrista<\/a>. Empez\u00f3 a proporcionar armamento a las guerrillas y apoyo diplom\u00e1tico a su gobierno en el exilio.<\/p>\n\n\n\n<blockquote class=\"wp-block-quote\"><p>El debate sobre el conflicto de Argelia desemboc\u00f3 en el desplome de la IV Rep\u00fablica<\/p><\/blockquote>\n\n\n\n<p><strong>Francia tard\u00f3 en percatarse de que el comunismo cubano estaba detr\u00e1s de abastecimientos<\/strong>, campa\u00f1as de propaganda y gesti\u00f3n de respaldos internacionales. Cuando decidi\u00f3 adoptar medidas, el proceso de soluci\u00f3n del conflicto, que no pod\u00eda ser otro que la independencia, ya estaba en marcha y casi podr\u00eda decirse que encarrilado.<\/p>\n\n\n\n<h2 class=\"wp-block-heading\">La salida de \u00abDe Gaulle\u00bb<\/h2>\n\n\n\n<p>La soluci\u00f3n lleg\u00f3 de la forma y de las manos m\u00e1s inesperadas.&nbsp;<strong>En 1958, las consecuencias del conflicto en la metr\u00f3poli menoscababan la moral ciudadana,<\/strong>&nbsp;que sufr\u00eda aterrada el horror del aumento de v\u00edctimas, muchas de ellas j\u00f3venes que cumpl\u00edan el servicio militar obligatorio. Afectaban tambi\u00e9n al clima pol\u00edtico y a la situaci\u00f3n econ\u00f3mica, sumergida en un grave deterioro.<\/p>\n\n\n\n<p>Y entonces estall\u00f3 la crisis. El 13 de mayo, el debate sobre el conflicto de Argelia, que ya se hab\u00eda llevado por delante varios gabinetes, desemboc\u00f3 en el desplome de la IV Rep\u00fablica. Ante la gravedad,&nbsp;<a href=\"https:\/\/www.lavanguardia.com\/historiayvida\/20191129\/471890587801\/de-gaulle-argelia-francia-independencia-evian-v-republica-autodeterminacion-discurso.html\">el general Charles de Gaulle<\/a>, el h\u00e9roe de la liberaci\u00f3n frente a los nazis, fue llamado para encabezar un gobierno capaz de sacar al pa\u00eds del atasco. Detr\u00e1s estaban los generales y la derecha colonialista, y con ellos&nbsp;<strong>la confianza puesta en que De Gaulle sabr\u00eda salvar a Francia de la derrota<\/strong>&nbsp;y mantener a Argelia bajo soberan\u00eda francesa.<\/p>\n\n\n\n<p>Consigui\u00f3 lo primero.&nbsp;<strong>Francia no pasar\u00eda por la humillaci\u00f3n de ser derrotada militarmente en Argelia<\/strong>. Pero se encontraba al borde, y De Gaulle, consciente de ello, reaccion\u00f3 contra todas las previsiones. Descart\u00f3 la escalada militar y abri\u00f3 el camino a negociaciones.<\/p>\n\n\n\n<figure class=\"wp-block-image\"><img decoding=\"async\" src=\"https:\/\/www.lavanguardia.com\/files\/content_image_mobile_filter\/uploads\/2020\/10\/30\/5f9bb7e2313fb.jpeg\" alt=\"Charles De Gaulle en 1961.\" \/><figcaption>Charles De Gaulle en 1961.&nbsp;Bundesarchiv, B 145 Bild-F010324-0002 \/ Steiner, Egon \/ CC-BY-SA 3.0<\/figcaption><\/figure>\n\n\n\n<p><strong>La iniciativa desat\u00f3 la ira sobre todo en la propia Argelia<\/strong>, donde varios generales del sector duro, respaldados por la poblaci\u00f3n colonial, encabezaron un pronunciamiento. Fracas\u00f3, pero dej\u00f3 como secuela la creaci\u00f3n de una organizaci\u00f3n clandestina, la OAS (Organizaci\u00f3n Armada Secreta), cuya actividad contra la nueva pol\u00edtica francesa complicar\u00eda m\u00e1s el desenlace.<\/p>\n\n\n\n<p>Los \u00faltimos meses de la guerra estuvieron fijados en cuatro frentes. Los franceses se hallaban divididos entre los que&nbsp;<strong>desde Par\u00eds propugnaban la descolonizaci\u00f3n y los que desde el interior luchaban por conservar el territorio.<\/strong>&nbsp;Los argelinos se encontraban igualmente enfrentados. Ante la independencia, unos ten\u00edan la mente puesta en una revoluci\u00f3n. Otros aspiraban a un pa\u00eds abierto al libre mercado y fiel a la cultura \u00e1rabe, a los principios del islam y a la tradici\u00f3n tribal, que segu\u00eda siendo un fundamento importante de poder en la regi\u00f3n.<\/p>\n\n\n\n<p>Las negociaciones de paz cristalizaron en 1962 con los llamados Acuerdos de Evian.&nbsp;<strong>La independencia formal fue proclamada en 1962.<\/strong>&nbsp;El gobierno provisional asumi\u00f3 el poder hasta que, un a\u00f1o despu\u00e9s, Ahmed Ben Bella fue nombrado presidente de la Rep\u00fablica.<\/p>\n\n\n\n<figure class=\"wp-block-image\"><img decoding=\"async\" src=\"https:\/\/www.lavanguardia.com\/files\/content_image_mobile_filter\/uploads\/2020\/10\/30\/5f9bb9ac09ba2.jpeg\" alt=\"Voluntario en la guerra de Argelia.\" \/><figcaption>Un harki, o combatiente alineado con los franceses, en la guerra de Argelia.&nbsp;Dominio p\u00fablico<\/figcaption><\/figure>\n\n\n\n<h2 class=\"wp-block-heading\">Un p\u00e9simo fin para los harkis<\/h2>\n\n\n\n<p><strong>Los argelinos que lucharon al lado de los franceses<\/strong>&nbsp;o respaldaron de alguna manera la perpetuaci\u00f3n del colonialismo tuvieron que pagar con dolor, desprecio, penurias y persecuci\u00f3n su posici\u00f3n en el conflicto. Se les conoc\u00eda y a\u00fan se les conoce como harkis. Su nombre deriva de la palabra \u00e1rabe&nbsp;<em>haraka<\/em>, que significa movimiento.<\/p>\n\n\n\n<p>Alrededor de&nbsp;<strong>150.000 estuvieron enrolados en las unidades militares aut\u00f3ctonas<\/strong>&nbsp;(harkas), otros eran funcionarios de la administraci\u00f3n, trabajadores en empresas francesas, miembros de familias mixtas&#8230;<\/p>\n\n\n\n<p>Los Acuerdos de Evian no contemplaron medidas de protecci\u00f3n para ellos, y las nuevas autoridades de Argel no mostraron contemplaci\u00f3n alguna.&nbsp;<strong>La consideraci\u00f3n de traidores se consolid\u00f3 con la independencia<\/strong>. Muchos fueron juzgados y condenados. Otros, probablemente m\u00e1s de 100.000, pagaron con su vida en acciones de venganza llevadas a cabo por los escuadrones de excombatientes incontrolados.<\/p>\n\n\n\n<p>Varias&nbsp;<strong>decenas de miles de harkis se exiliaron a pa\u00edses europeos<\/strong>, especialmente a Francia, donde a\u00fan subsiste una numerosa colonia de descendientes.<\/p>\n","protected":false},"excerpt":{"rendered":"<p>Autor: Diego Carcedo Fuente: La Vanguardia 1\/11\/2020 El 1 de noviembre de 1954 se desataba una guerra dur\u00edsima que sumi\u00f3 a Francia en una complicada crisis pol\u00edtica Argelia fue uno de los \u00faltimos pa\u00edses \u00e1rabes en acceder a la independencia&nbsp;y sin duda alguna el que m\u00e1s sufri\u00f3 para conseguirla. Francia, que se hab\u00eda desprendido de &hellip; <a href=\"https:\/\/blogsaverroes.juntadeandalucia.es\/aldeacordoba\/?p=1371\" class=\"more-link\">Continuar leyendo<span class=\"screen-reader-text\"> \u00abArgelia, la independencia que Par\u00eds quiso detener a toda costa\u00bb<\/span><\/a><\/p>\n","protected":false},"author":168,"featured_media":0,"comment_status":"open","ping_status":"open","sticky":false,"template":"","format":"standard","meta":{"ngg_post_thumbnail":0,"footnotes":""},"categories":[224392],"tags":[224428,224607,224782],"aioseo_notices":[],"_links":{"self":[{"href":"https:\/\/blogsaverroes.juntadeandalucia.es\/aldeacordoba\/index.php?rest_route=\/wp\/v2\/posts\/1371"}],"collection":[{"href":"https:\/\/blogsaverroes.juntadeandalucia.es\/aldeacordoba\/index.php?rest_route=\/wp\/v2\/posts"}],"about":[{"href":"https:\/\/blogsaverroes.juntadeandalucia.es\/aldeacordoba\/index.php?rest_route=\/wp\/v2\/types\/post"}],"author":[{"embeddable":true,"href":"https:\/\/blogsaverroes.juntadeandalucia.es\/aldeacordoba\/index.php?rest_route=\/wp\/v2\/users\/168"}],"replies":[{"embeddable":true,"href":"https:\/\/blogsaverroes.juntadeandalucia.es\/aldeacordoba\/index.php?rest_route=%2Fwp%2Fv2%2Fcomments&post=1371"}],"version-history":[{"count":0,"href":"https:\/\/blogsaverroes.juntadeandalucia.es\/aldeacordoba\/index.php?rest_route=\/wp\/v2\/posts\/1371\/revisions"}],"wp:attachment":[{"href":"https:\/\/blogsaverroes.juntadeandalucia.es\/aldeacordoba\/index.php?rest_route=%2Fwp%2Fv2%2Fmedia&parent=1371"}],"wp:term":[{"taxonomy":"category","embeddable":true,"href":"https:\/\/blogsaverroes.juntadeandalucia.es\/aldeacordoba\/index.php?rest_route=%2Fwp%2Fv2%2Fcategories&post=1371"},{"taxonomy":"post_tag","embeddable":true,"href":"https:\/\/blogsaverroes.juntadeandalucia.es\/aldeacordoba\/index.php?rest_route=%2Fwp%2Fv2%2Ftags&post=1371"}],"curies":[{"name":"wp","href":"https:\/\/api.w.org\/{rel}","templated":true}]}}