{"id":1379,"date":"2020-11-17T09:44:00","date_gmt":"2020-11-17T08:44:00","guid":{"rendered":"https:\/\/jmoragahc.wordpress.com\/?p=1379"},"modified":"2020-11-17T09:44:00","modified_gmt":"2020-11-17T08:44:00","slug":"el-gran-expolio-nazi-en-segovia-los-tesoros-visigodos-que-himmler-se-llevo-a-alemania","status":"publish","type":"post","link":"https:\/\/blogsaverroes.juntadeandalucia.es\/aldeacordoba\/?p=1379","title":{"rendered":"El gran expolio nazi en Segovia: los tesoros visigodos que Himmler se llev\u00f3 a Alemania"},"content":{"rendered":"\n<figure class=\"wp-block-image size-large\"><img decoding=\"async\" src=\"https:\/\/s1.eestatic.com\/2020\/10\/28\/cultura\/historia\/Historia-Arqueologia-Segunda_Guerra_Mundial-Segovia_-Provincia-Expolios-Historia_531707976_163750561_1706x960.jpg\" alt=\"\" \/><figcaption>Himmler orden\u00f3 llevarse varias de las joyas excavadas en la necr\u00f3polis de Castiltierra (Segovia)<\/figcaption><\/figure>\n\n\n\n<p><strong>Autor<\/strong>: Julen Berrueta<\/p>\n\n\n\n<p><strong>Fuente<\/strong>: <a rel=\"noreferrer noopener\" href=\"https:\/\/www.elespanol.com\/cultura\/historia\/20201029\/expolio-segovia-tesoros-visigodos-himmler-llevo-alemania\/531697256_0.html\" target=\"_blank\">elespanol.com <\/a>2020\/10\/29 <\/p>\n\n\n\n<p id=\"paragraph_1\"><strong>Castiltierra<\/strong>&nbsp;es una peque\u00f1a localidad de Segovia que pertenece al municipio de&nbsp;Fresno de Cantespino y que no llega a 300 habitantes. Pese a su reducido tama\u00f1o, su historia alberga&nbsp;<strong>un gran pasado que no reluce; al menos no en la superficie<\/strong>. Para comprender la relevancia hist\u00f3rica de este rec\u00f3ndito lugar se ha de retroceder hasta el a\u00f1o 1247, primera vez que es citada como&nbsp;<em>Castiel de Tierra<\/em>. Sin embargo, sus secretos anteriores tardar\u00edan siete siglos m\u00e1s en salir a la luz.<\/p>\n\n\n\n<p id=\"paragraph_2\">Hasta la d\u00e9cada de 1930, Castiltierra era conocida por la peque\u00f1a ermita del Sant\u00edsimo Cristo del Corporario. No obstante, mientras se constru\u00eda una carretera que enlazaba la localidad con Fresno de Cantespino, emergieron unos restos arqueol\u00f3gicos&nbsp;que posteriormente se catalogar\u00edan como&nbsp;<strong>una gran necr\u00f3polis&nbsp;<a href=\"https:\/\/www.elespanol.com\/cultura\/historia\/20201002\/saqueadores-roma-convertir-hispania-potencia-occidental-visigodos\/524948953_0.html\">de la era visigoda<\/a><\/strong>.<\/p>\n\n\n\n<p id=\"paragraph_3\">Hasta aquel momento, \u00fanicamente los habitantes de Castiltierra ten\u00edan conocimiento de ciertos elementos enterrados cuando araban el campo. Tras un proceso de expolio por parte de los vecinos, el historiador Joaqu\u00edn Mar\u00eda de Navascu\u00e9s y el arque\u00f3logo Emilio Camps Cazorla acudieron a la provincia de Segovia para examinar el terreno. Entre 1932 y 1935, en plena\u00a0<a href=\"https:\/\/www.elespanol.com\/cultura\/historia\/20190127\/censura-no-franco-reprimia-segunda-republica-critica\/371213926_0.html\">Segunda Rep\u00fablica<\/a>, dirigieron la excavaci\u00f3n de aquella necr\u00f3polis datada entre los\u00a0<strong>siglos VI y VII<\/strong>.<\/p>\n\n\n\n<figure class=\"wp-block-image size-large\"><img decoding=\"async\" src=\"https:\/\/s1.eestatic.com\/2020\/10\/28\/actualidad\/Actualidad_531707893_163747888_1706x1262.jpg\" alt=\"\" \/><figcaption>Croquis de la necr\u00f3polis. Diario, 6 de septiembre de 1933.\u00a0MAN<\/figcaption><\/figure>\n\n\n\n<p id=\"paragraph_4\">La campa\u00f1a se llev\u00f3 a cabo en distintos procesos y, en total, los expertos documentaron un total de 469 tumbas. Adem\u00e1s, junto a las sepulturas se hallaron\u00a0<strong>todo tipo de joyas y reliquias pertenecientes<\/strong>\u00a0al pueblo germano que cruz\u00f3 los Pirineos para\u00a0<a href=\"https:\/\/www.elespanol.com\/cultura\/historia\/20200424\/calzadas-romanas-peninsula-mapa-detalle-carreteras-imperio\/484702531_0.html\">asentarse en la Pen\u00ednsula Ib\u00e9rica<\/a>. Cuando en 1936 estall\u00f3 la Guerra Civil, Camps deposit\u00f3 algunos materiales en el Instituto de Valencia Don Juan, con el fin de protegerlas.<\/p>\n\n\n\n<h3 class=\"wp-block-heading\">Regalo para Himmler<\/h3>\n\n\n\n<p id=\"paragraph_5\">Al termin\u00f3 de la contienda, la excavaci\u00f3n, que se hab\u00eda detenido por motivos evidentes, se reanud\u00f3. Esta vez, los protagonistas eran diferentes. La necr\u00f3polis visigoda, una de las m\u00e1s extensas e importantes halladas en tierras hispanas, quedaba en manos de&nbsp;<strong>Julio Mart\u00ednez Santa-Olalla<\/strong>, un arque\u00f3logo german\u00f3filo que hab\u00eda militado en la Falange durante la Guerra Civil espa\u00f1ola.<\/p>\n\n\n\n<p id=\"paragraph_6\">Tal y como se explica en una publicaci\u00f3n del Museo Arqueol\u00f3gico Nacional sobre el sitio, se precis\u00f3 \u00abla realizaci\u00f3n urgente de una breve campa\u00f1a en el yacimiento que dejase visibles varias decenas de sepulturas, para mostrarlas a la delegaci\u00f3n alemana de alto nivel, que se dispon\u00eda a visitar Espa\u00f1a\u00bb. Aquella delegaci\u00f3n estaba liderada, nada m\u00e1s y nada menos, que por&nbsp;<strong>Heinrich Himmler,<\/strong>&nbsp;oficial nazi de alto rango y mano derecha de&nbsp;<strong>Adolf Hitler<\/strong>.<\/p>\n\n\n\n<p id=\"paragraph_7\"><a href=\"https:\/\/www.elespanol.com\/cultura\/historia\/20190929\/odisea-himmler-espana-santo-grial-toledo-barcelona\/432206940_0.html\">Himmler viaj\u00f3 a Espa\u00f1a en octubre de 1940<\/a>&nbsp;\u2014apenas una semana antes de la reuni\u00f3n entre Hitler y Franco en Hendaya\u2014. Realmente la visita del oficial nazi fue principalmente tur\u00edstica aunque se interes\u00f3 por conocer ciertos monumentos que pod\u00edan estar relacionados con el Santo Grial, una de las grandes obsesiones del alem\u00e1n.<img decoding=\"async\" src=\"https:\/\/s1.eestatic.com\/2020\/10\/28\/actualidad\/Actualidad_531707903_163748184_1024x576.jpg\" alt=\"Mart\u00ednez Santa-Olalla al lado de Himmler en El Escorial.\"><\/p>\n\n\n\n<p>Mart\u00ednez Santa-Olalla al lado de Himmler en El Escorial.&nbsp;Archivo General de la Administraci\u00f3n<\/p>\n\n\n\n<p id=\"paragraph_8\">Santa-Olalla, por su parte, tambi\u00e9n estaba obsesionado por demostrar que Espa\u00f1a era un pueblo ario influenciado por civilizaciones como la c\u00e9ltica. De esta forma,&nbsp;<strong>adem\u00e1s de Burgos, Madrid o Barcelona, el itinerario marcado para Himmler contaba con una breve visita a Castiltierra<\/strong>. Sin embargo, la apretada agenda y&nbsp;la intensa lluvia que se descarg\u00f3 sobre la zona central de la Meseta en esos d\u00edas impidi\u00f3 que el nazi observara con sus propios ojos la necr\u00f3polis visigoda.<\/p>\n\n\n\n<p id=\"paragraph_9\">De todas formas, eso no signific\u00f3 que los hallazgos de Castiltierra permanecieran en Espa\u00f1a. Varios ajuares y elementos de bronce y hierro encontrados en las excavaciones<strong>&nbsp;fueron enviados a Alemania para que se restaurasen restauradas<\/strong>. Sin embargo, jam\u00e1s regresaron.<\/p>\n\n\n\n<p id=\"paragraph_10\">En este sentido, las valiosas piezas visigodas que se hab\u00edan excavado gracias a la intervenci\u00f3n de Joachim Werner, subdirector del Instituto Romano-Germ\u00e1nico de Frankfurt en 1941, se repartieron por toda Alemania&nbsp;<strong>con el visto bueno de Franco<\/strong>. El prop\u00f3sito era restaurar los ajuares, organizar conferencias y, en general, teorizar sobre los hallazgos visigodos en suelo espa\u00f1ol. El transcurso de la guerra, empero, dificult\u00f3 que las intenciones se materializaran.<img decoding=\"async\" src=\"https:\/\/s1.eestatic.com\/2020\/10\/28\/actualidad\/Actualidad_531707925_163748940_1024x576.jpg\" alt=\"Hebilla de un cintur\u00f3n visigodo hallado en Castiltierra (actualmente en Nuremberg).\"><\/p>\n\n\n\n<p>Hebilla de un cintur\u00f3n visigodo hallado en Castiltierra (actualmente en Nuremberg).<\/p>\n\n\n\n<p id=\"paragraph_11\">Poco a poco,&nbsp;<a href=\"https:\/\/www.elespanol.com\/cultura\/historia\/20200430\/muerte-hitler-monstruo-nunca-llego-poder-democraticamente\/485951931_0.html\">Espa\u00f1a comenz\u00f3 a alejarse del nazismo<\/a>&nbsp;\u2014aunque siempre mantendr\u00edan las relaciones diplom\u00e1ticas\u2014 y Alemania se interes\u00f3 por los yacimientos visigodos del frente del este. De alguna manera, el r\u00e9gimen de Franco dej\u00f3 olvidar todo un tesoro que hab\u00eda sido entregado a los alemanes.<\/p>\n\n\n\n<p id=\"paragraph_12\">Desde que Werner ordenara trasladar joyas de la necr\u00f3polis a Alemania, con el benepl\u00e1cito de Himmler, han pasado casi 80 a\u00f1os.&nbsp;<strong>La ca\u00edda del Tercer Reich no deriv\u00f3 en el regreso de las joyas visigodas de Castiltierra<\/strong>. A d\u00eda de hoy, habr\u00eda que demostrar que aquellos materiales viajaron a Alemania temporalmente para que se ordenara su vuelta definitiva a Espa\u00f1a. Seg\u00fan se expresa en el Bolet\u00edn del Museo Arqueol\u00f3gico Nacional, \u00abde estos materiales no han regresado a Espa\u00f1a sino los de inferior calidad, permaneciendo los mejores dispersos en varios museos alemanes, como los de Nurember, Berl\u00edn y Colonia entre otros\u00bb.<\/p>\n\n\n\n<p id=\"paragraph_13\">Por su parte, el MAN preserva todav\u00eda varios de los materiales encontrados en las primeras campa\u00f1as realizadas en la d\u00e9cada de los treinta&nbsp;\u2014antes de que los nazis llegaran a Espa\u00f1a para llev\u00e1rselo\u2014. Actualmente, diferentes tejidos fr\u00e1giles, f\u00edbulas y dem\u00e1s materiales se encuentran tras los muros del Museo Arqueol\u00f3gico Nacional, a falta de la colecci\u00f3n completa que permanece amputada en Alemania.<\/p>\n","protected":false},"excerpt":{"rendered":"<p>Autor: Julen Berrueta Fuente: elespanol.com 2020\/10\/29 Castiltierra&nbsp;es una peque\u00f1a localidad de Segovia que pertenece al municipio de&nbsp;Fresno de Cantespino y que no llega a 300 habitantes. Pese a su reducido tama\u00f1o, su historia alberga&nbsp;un gran pasado que no reluce; al menos no en la superficie. Para comprender la relevancia hist\u00f3rica de este rec\u00f3ndito lugar se &hellip; <a href=\"https:\/\/blogsaverroes.juntadeandalucia.es\/aldeacordoba\/?p=1379\" class=\"more-link\">Continuar leyendo<span class=\"screen-reader-text\"> \u00abEl gran expolio nazi en Segovia: los tesoros visigodos que Himmler se llev\u00f3 a Alemania\u00bb<\/span><\/a><\/p>\n","protected":false},"author":168,"featured_media":0,"comment_status":"open","ping_status":"open","sticky":false,"template":"","format":"standard","meta":{"ngg_post_thumbnail":0,"footnotes":""},"categories":[224390,224397],"tags":[224431,224587,224655,224952],"aioseo_notices":[],"_links":{"self":[{"href":"https:\/\/blogsaverroes.juntadeandalucia.es\/aldeacordoba\/index.php?rest_route=\/wp\/v2\/posts\/1379"}],"collection":[{"href":"https:\/\/blogsaverroes.juntadeandalucia.es\/aldeacordoba\/index.php?rest_route=\/wp\/v2\/posts"}],"about":[{"href":"https:\/\/blogsaverroes.juntadeandalucia.es\/aldeacordoba\/index.php?rest_route=\/wp\/v2\/types\/post"}],"author":[{"embeddable":true,"href":"https:\/\/blogsaverroes.juntadeandalucia.es\/aldeacordoba\/index.php?rest_route=\/wp\/v2\/users\/168"}],"replies":[{"embeddable":true,"href":"https:\/\/blogsaverroes.juntadeandalucia.es\/aldeacordoba\/index.php?rest_route=%2Fwp%2Fv2%2Fcomments&post=1379"}],"version-history":[{"count":0,"href":"https:\/\/blogsaverroes.juntadeandalucia.es\/aldeacordoba\/index.php?rest_route=\/wp\/v2\/posts\/1379\/revisions"}],"wp:attachment":[{"href":"https:\/\/blogsaverroes.juntadeandalucia.es\/aldeacordoba\/index.php?rest_route=%2Fwp%2Fv2%2Fmedia&parent=1379"}],"wp:term":[{"taxonomy":"category","embeddable":true,"href":"https:\/\/blogsaverroes.juntadeandalucia.es\/aldeacordoba\/index.php?rest_route=%2Fwp%2Fv2%2Fcategories&post=1379"},{"taxonomy":"post_tag","embeddable":true,"href":"https:\/\/blogsaverroes.juntadeandalucia.es\/aldeacordoba\/index.php?rest_route=%2Fwp%2Fv2%2Ftags&post=1379"}],"curies":[{"name":"wp","href":"https:\/\/api.w.org\/{rel}","templated":true}]}}