{"id":1391,"date":"2020-11-24T09:27:00","date_gmt":"2020-11-24T08:27:00","guid":{"rendered":"https:\/\/jmoragahc.wordpress.com\/?p=1391"},"modified":"2020-11-24T09:27:00","modified_gmt":"2020-11-24T08:27:00","slug":"los-acuerdos-tripartitos-de-madrid-papel-mojado","status":"publish","type":"post","link":"https:\/\/blogsaverroes.juntadeandalucia.es\/aldeacordoba\/?p=1391","title":{"rendered":"Los acuerdos tripartitos de Madrid: papel mojado"},"content":{"rendered":"\n<figure class=\"wp-block-image size-large\"><img decoding=\"async\" src=\"https:\/\/www.elsaltodiario.com\/uploads\/fotos\/rs600\/b5566692\/IMG_4432_general.jpg\" alt=\"\" \/><figcaption>Soldados marroqu\u00edes y de la Minurso observan con prism\u00e1ticos desde el muro militar levantado por Marruecos en el Sahara Occidental.\u00a0<a href=\"https:\/\/www.elsaltodiario.com\/autor\/christian-martinez\">CHRISTIAN MART\u00cdNEZ<\/a><\/figcaption><\/figure>\n\n\n\n<p><strong>Autor<\/strong>: <a href=\"https:\/\/www.elsaltodiario.com\/autor\/equipe-media-sahara\">Equipe Media Sahara<\/a><\/p>\n\n\n\n<p><strong>Fuente<\/strong>: <a rel=\"noreferrer noopener\" href=\"https:\/\/www.elsaltodiario.com\/sahara-occidental\/los-acuerdos-tripartitos-de-madrid-papel-mojado-\" target=\"_blank\">elsaltodiario.com <\/a> 15\/11\/2020<\/p>\n\n\n\n<p>A 45 a\u00f1os de la firma de los acuerdos entre Marruecos, Mauritania y Espa\u00f1a, con los que las potencias negaron el derecho de autodeterminaci\u00f3n del pueblo Saharaui, Rabat insiste en su papel colonial violando el alto al fuego en la regi\u00f3n fronteriza de Guerguerat.<\/p>\n\n\n\n<p>l 14 de noviembre se conmemora el cuadrag\u00e9simo quinto aniversario de la firma de los denominados acuerdos tripartitos de Madrid, que fueron el resultado de dos d\u00edas de negociaciones entre Espa\u00f1a, Marruecos y Mauritania, y terminaron condenando al pueblo del Sahara Occidental al desplazamiento forzado,&nbsp; &nbsp;obstaculizando su desarrollo durante medio siglo.<\/p>\n\n\n\n<p>Las potencias imperiales compet\u00edan a contra reloj, tras la resoluci\u00f3n del Tribunal Internacional de Justicia dictada el 16 de octubre de 1975, para desvincularse de sus responsabilidades y conseguir ventajas pol\u00edticas y econ\u00f3micas; para soslayar el enfrentamiento con un movimiento revolucionario de liberaci\u00f3n que empezaba a desarrollarse y fortalecerse en el terreno del Sahara Occidental.<\/p>\n\n\n\n<p>Pese al dictamen del Tribunal Internacional de Justicia que establece la necesidad de posibilitar al pueblo saharaui conseguir su inalienable derecho a la autodeterminaci\u00f3n, y otorgarle la palabra para decidir su futuro, Espa\u00f1a estaba enfrascada en la formulaci\u00f3n de un acuerdo a trav\u00e9s del cual otorgaba lo que no le pertenec\u00eda a quien no se lo merec\u00eda.<\/p>\n\n\n\n<p>Pese al dictamen del Tribunal Internacional de Justicia que establece el derecho saharaui a decidir sobre su autodeterminaci\u00f3n, Espa\u00f1a estaba enfrascada en el que otorgaba lo que no le pertenec\u00eda a quien no se lo merec\u00eda<a><\/a><\/p>\n\n\n\n<p>Los acuerdos de Madrid no ten\u00edan ning\u00fan valor legal porque se firmaron en ausencia de la parte saharaui; y no establec\u00edan el traslado de la soberan\u00eda sobre el territorio a dos pa\u00edses vecinos, solo establec\u00edan el traslado de la administraci\u00f3n del mismo. Seg\u00fan lo dispuesto en los acuerdos de Madrid, la administraci\u00f3n del territorio depend\u00eda de una serie de medidas cuya vigencia terminar\u00eda el 26 de febrero de 1976. Adem\u00e1s, la Organizaci\u00f3n de las Naciones Unidas, que no reconoce los acuerdos de Madrid, tiene una postura diferente acerca del estatus del Sahara Occidental; ya que lo incluye en la lista de los territorios no aut\u00f3nomos y pendientes de descolonizaci\u00f3n.<\/p>\n\n\n\n<figure class=\"wp-block-image\"><a href=\"https:\/\/www.elsaltodiario.com\/sahara-occidental\/el-conflicto-del-sahara-occidental-cuando-la-dignidad-se-hace-protesta-\" target=\"_blank\" rel=\"noreferrer noopener\"><img decoding=\"async\" src=\"https:\/\/www.elsaltodiario.com\/uploads\/fotos\/h600\/ad8f20e9\/Gdeim_Izik_03.jpg?v=63772041400\" alt=\"Campamento Gdeim Izik\" \/><\/a><\/figure>\n\n\n\n<p>Durante la guerra entre el Frente Polisario, por un lado, y las dos potencias invasoras \u2014Marruecos y Mauritania\u2014, por otro lado, el vecino del sur se vio obligado a retirarse dadas la grandes p\u00e9rdidas sufridas a causa del conflicto b\u00e9lico, firmando un acuerdo de paz con la Rep\u00fablica \u00c1rabe Saharaui Democr\u00e1tica. Este hecho. que deja sin valor los acuerdos tripartitos de Madrid, dej\u00f3 al descubierto otra vertiente de la naturaleza de la pol\u00edtica expansionista de Marruecos, un estado que apuesta por la creaci\u00f3n de guerras y tensiones para garantizar la existencia de una corona construida sobre las cad\u00e1veres de humildes personas que fueron esclavizadas y humilladas.<\/p>\n\n\n\n<p>Ante los escollos que obstaculizan la resoluci\u00f3n de la causa saharaui, que se deben en gran medida a la conspiraci\u00f3n de Francia, Espa\u00f1a y Marruecos, el Frente Polisario, obligado a dolorosas cesiones, moder\u00f3 sus objetivos pasando de reclamar directamente la liberaci\u00f3n de la patria a la defender el derecho de su pueblo a decidir libre y democr\u00e1ticamente mediante un justo y trasparente refer\u00e9ndum de autodeterminaci\u00f3n.&nbsp;<\/p>\n\n\n\n<p>En este escenario, surgieron soluciones y propuestas pol\u00edticas entre las que se destacan el Plan de Paz para la autodeterminaci\u00f3n del pueblo del Sahara Occidental, o el Plan Beker II que fue enterrado a pesar de ser admitido por el Consejo de Seguridad Internacional de la ONU, y el ayudante del exsecretario General de la ONU Hans Corriel, quien llam\u00f3 a Espa\u00f1a a asumir sus responsabilidades en la administraci\u00f3n del territorio en una fase transitoria tal y como pas\u00f3 en la resoluci\u00f3n del conflicto de Timor.<\/p>\n\n\n\n<p>En una flagrante violaci\u00f3n del alto el fuego, las fuerzas de ocupaci\u00f3n marroqu\u00edes abrieron este viernes tres nuevas brechas en el muro marroqu\u00ed de la verg\u00fcenza para dispersar y atacar a los manifestantes pac\u00edficos saharauis que cerraron de forma pac\u00edfica en Guerguerat<a><\/a><\/p>\n\n\n\n<p>Durante el aniversario de la firma de los acuerdos tripartitos, el pueblo saharaui, m\u00e1s organizado y m\u00e1s armado, hace frente a los intereses de las potencias imperiales que no quieren permitirle ejercer su soberan\u00eda sobre sus tierras. As\u00ed, el pueblo saharaui reitera, sus reivindicaciones legitimas conforme a los principios de las reglas del derecho internacional, tendiendo una mano para la paz y otra para la defensa armada.&nbsp;<\/p>\n\n\n\n<p>Por otra parte. en una flagrante violaci\u00f3n del alto el fuego, las fuerzas de ocupaci\u00f3n marroqu\u00edes abrieron este viernes tres nuevas brechas en el muro marroqu\u00ed de la verg\u00fcenza para dispersar y atacar a los manifestantes pac\u00edficos saharauis que que bloqueaban de forma pac\u00edfica Guerguerat.<\/p>\n\n\n\n<p>Las fuerzas del Ej\u00e9rcito Popular de Liberaci\u00f3n saharaui respondieron a este ataque con firmeza para proteger a los civiles saharauis de esta agresi\u00f3n militar marroqu\u00ed.<\/p>\n\n\n\n<p>En respuesta a la brutal violaci\u00f3n del Alto el fuego, el Frente Polisario declara la guerra necesaria de todo el pueblo.Seg\u00fan el Ministerio de Defensa de la RASD el ej\u00e9rcito de liberaci\u00f3n ha lanzado distintos ataques contra las bases marroqu\u00edes apostadas a lo largo del \u201cmuro de la verg\u00fcenza\u201d, causando bajas y destruyendo las instalaciones en los sectores de Mahbes, Hausa, Auserd y Farsia, como respuesta a la violaci\u00f3n del alto el fuego por parte de Marruecos en el Guerguerat.<\/p>\n","protected":false},"excerpt":{"rendered":"<p>Autor: Equipe Media Sahara Fuente: elsaltodiario.com 15\/11\/2020 A 45 a\u00f1os de la firma de los acuerdos entre Marruecos, Mauritania y Espa\u00f1a, con los que las potencias negaron el derecho de autodeterminaci\u00f3n del pueblo Saharaui, Rabat insiste en su papel colonial violando el alto al fuego en la regi\u00f3n fronteriza de Guerguerat. l 14 de noviembre &hellip; <a href=\"https:\/\/blogsaverroes.juntadeandalucia.es\/aldeacordoba\/?p=1391\" class=\"more-link\">Continuar leyendo<span class=\"screen-reader-text\"> \u00abLos acuerdos tripartitos de Madrid: papel mojado\u00bb<\/span><\/a><\/p>\n","protected":false},"author":168,"featured_media":0,"comment_status":"open","ping_status":"open","sticky":false,"template":"","format":"standard","meta":{"ngg_post_thumbnail":0,"footnotes":""},"categories":[224392,224395,224397],"tags":[224408,224496,224610,224760,224886],"aioseo_notices":[],"_links":{"self":[{"href":"https:\/\/blogsaverroes.juntadeandalucia.es\/aldeacordoba\/index.php?rest_route=\/wp\/v2\/posts\/1391"}],"collection":[{"href":"https:\/\/blogsaverroes.juntadeandalucia.es\/aldeacordoba\/index.php?rest_route=\/wp\/v2\/posts"}],"about":[{"href":"https:\/\/blogsaverroes.juntadeandalucia.es\/aldeacordoba\/index.php?rest_route=\/wp\/v2\/types\/post"}],"author":[{"embeddable":true,"href":"https:\/\/blogsaverroes.juntadeandalucia.es\/aldeacordoba\/index.php?rest_route=\/wp\/v2\/users\/168"}],"replies":[{"embeddable":true,"href":"https:\/\/blogsaverroes.juntadeandalucia.es\/aldeacordoba\/index.php?rest_route=%2Fwp%2Fv2%2Fcomments&post=1391"}],"version-history":[{"count":0,"href":"https:\/\/blogsaverroes.juntadeandalucia.es\/aldeacordoba\/index.php?rest_route=\/wp\/v2\/posts\/1391\/revisions"}],"wp:attachment":[{"href":"https:\/\/blogsaverroes.juntadeandalucia.es\/aldeacordoba\/index.php?rest_route=%2Fwp%2Fv2%2Fmedia&parent=1391"}],"wp:term":[{"taxonomy":"category","embeddable":true,"href":"https:\/\/blogsaverroes.juntadeandalucia.es\/aldeacordoba\/index.php?rest_route=%2Fwp%2Fv2%2Fcategories&post=1391"},{"taxonomy":"post_tag","embeddable":true,"href":"https:\/\/blogsaverroes.juntadeandalucia.es\/aldeacordoba\/index.php?rest_route=%2Fwp%2Fv2%2Ftags&post=1391"}],"curies":[{"name":"wp","href":"https:\/\/api.w.org\/{rel}","templated":true}]}}