{"id":1398,"date":"2020-11-27T09:08:00","date_gmt":"2020-11-27T08:08:00","guid":{"rendered":"https:\/\/jmoragahc.wordpress.com\/?p=1398"},"modified":"2020-11-27T09:08:00","modified_gmt":"2020-11-27T08:08:00","slug":"por-navidad-todos-a-casa","status":"publish","type":"post","link":"https:\/\/blogsaverroes.juntadeandalucia.es\/aldeacordoba\/?p=1398","title":{"rendered":"Por Navidad, todos a casa"},"content":{"rendered":"\n<figure class=\"wp-block-image size-large\"><img decoding=\"async\" src=\"https:\/\/www.nuevatribuna.es\/media\/nuevatribuna\/images\/2020\/11\/20\/2020112013425626615.jpg\" alt=\"\" \/><figcaption>Soldados brit\u00e1nicos en la I GM<\/figcaption><\/figure>\n\n\n\n<p><strong>Autor<\/strong>: <a href=\"https:\/\/www.nuevatribuna.es\/opinion\/autor\/951\/jesus-espelosin\">JES\u00daS ESPELOS\u00cdN<\/a><\/p>\n\n\n\n<p><strong>Fuente<\/strong>: <a rel=\"noreferrer noopener\" href=\"https:\/\/www.nuevatribuna.es\/opinion\/jesus-espelosin\/navidad-todos-casa\/20201120134437181452.html\" target=\"_blank\"> nuevatribuna.es <\/a> 20\/11\/2020<\/p>\n\n\n\n<p>Julio 1914. Europa se encuentra en m\u00e1xima tensi\u00f3n despu\u00e9s de varios a\u00f1os de&nbsp;<strong>prolongaci\u00f3n de aquella paz que Bismarck<\/strong>&nbsp;hab\u00eda propiciado manteniendo el equilibrio entre las cinco potencias europeas. Pero aquello no se sosten\u00eda y la guerra parec\u00eda inevitable, adem\u00e1s de que, se pensaba, pod\u00eda ser una soluci\u00f3n. \u00ab<em>La guerra que acabar\u00eda con todas las guerras<\/em>\u00bb lleg\u00f3 a decirse.<\/p>\n\n\n\n<p>Por otra parte, la experiencia de las guerras del siglo XIX, despu\u00e9s de las napole\u00f3nicas, dec\u00eda que una guerra era cosa de pocos meses, no m\u00e1s de seis en el peor de los casos. Por eso, en Reino Unido se hizo famosa la frase de \u00ab<em>Por Navidad, todos a casa<\/em>\u00ab. Se refer\u00eda a&nbsp;<strong>la vuelta de los muchachos que hab\u00eda enviado al frente en tierras francesas y belgas<\/strong>. Despu\u00e9s, es sabido que, dividido en dos guerras mundiales, aquello no acab\u00f3 hasta 1944.<\/p>\n\n\n\n<blockquote class=\"wp-block-quote\"><p>La guerra contra el coronavirus, que debiera ser m\u00e1s mundial que las dos tan famosas del siglo pasado, no la estamos tratando como tal, los norteamericanos, al igual que en las dos guerras mundiales ya mencionadas, entraron tarde<\/p><\/blockquote>\n\n\n\n<p>Misma preocupaci\u00f3n, la Navidad de 2020, parece existir hoy en la guerra contra el&nbsp; coronavirus. Puede leerse que se est\u00e1n haciendo planes para que el virus nos d\u00e9 una tregua en Navidad que permita a las familias reunirse en torno al bel\u00e9n, al abeto y, sobre todo, al pavo, en esos d\u00edas tan entra\u00f1ablemente distintos en los que hasta los cu\u00f1ados son bien recibidos. Pero resulta que el coronavirus no es como aquellos soldados franceses y alemanes que en la noche del 24 de diciembre de 1914 salieron moment\u00e1neamente de las trincheras y dejaron de dispararse durante unas horas para pasar su Navidad. El virus, como no tiene sentimientos, no puede ponerse sentimental y, por tanto, no va a dar una tregua navide\u00f1a. Mas bien, es de esperar que, favorecido por la cercan\u00eda de las personas, la concentraci\u00f3n de las mismas y cierta efusividad, derivada de la situaci\u00f3n, el virus haga su agosto en diciembre.<\/p>\n\n\n\n<p>El hombre, y tambi\u00e9n la mujer desde las leyes de igualdad, es el \u00fanico animal que tropieza dos veces en la misma piedra y, parece, que estamos dispuestos a tropezar nuevamente con esta piedra navide\u00f1a pensando que la realidad va a ser como la deseamos sin hacer mucho para que as\u00ed sea. Porque, adem\u00e1s, esto de la Navidad no es lo \u00fanico que no hemos aprendido.<\/p>\n\n\n\n<p>La guerra contra el coronavirus, que debiera ser m\u00e1s mundial que las dos tan famosas del siglo pasado, no la estamos tratando como tal. Primero, porque hemos renunciado a tener un Estado Mayor. La Organizaci\u00f3n Mundial de la Salud, que debiera haber cumplido ese papel, est\u00e1 tan desprestigiada que nadie hace caso de sus recomendaciones. Debido a eso, cada cual hace la guerra por su cuenta, y nunca mejor empleada la frase. Frente a la unidad de acci\u00f3n del virus, cuya \u00fanica estrategia, t\u00e1ctica, actividad y ocupaci\u00f3n es reproducirse, cosa que hace con enorme facilidad y eficacia, los dem\u00e1s utilizamos multitud de respuestas.<\/p>\n\n\n\n<p>Los norteamericanos, al igual que en las dos guerras mundiales ya mencionadas, entraron tarde. Esta vez no les podemos atribuir la \u00abzona cero\u00bb de la gripe llamada \u00abespa\u00f1ola\u00bb de 1918, pero el que el virus haya podido extenderse en una poblaci\u00f3n de m\u00e1s de 300 millones de personas antes de que Trump se enterase del problema, no ha ayudado al caso. Y, mas, habida cuenta del papel de l\u00edder del mundo occidental que tienen atribuido. Quiz\u00e1s ese papel de liderazgo ha podido influir en que paises como M\u00e9xico o Brasil, con gobernantes&nbsp;<em>trumpistas&nbsp;<\/em>y poblaciones millonarias, siguieran su ejemplo de negar la evidencia.<\/p>\n\n\n\n<p>Pero es que, en Europa la respuesta ha sido, aunque temprana, dispersa. Habr\u00e1 mucha reuni\u00f3n telem\u00e1tica entre responsables sanitarios y\/o pol\u00edticos pero la falta de unas directivas de Bruselas tan precisas como las que marcan el tama\u00f1o de las naranjas, por ejemplo, ha evitado la acci\u00f3n conjunta. Luego, la soberan\u00eda de cada pa\u00eds se ha encargado de que la lucha europea contra el coronavirus pueda recordarnos al gran Pancho Villa de sus mejores tiempos.<\/p>\n\n\n\n<p>Excepto en Espa\u00f1a donde, adem\u00e1s, el coronavirus nos pill\u00f3 con el pie cambiado de una sanidad descentralizada en 17 responsables de su gesti\u00f3n, una por cada una de las comunidades aut\u00f3nomas en que est\u00e1 dividido nuestro pa\u00eds. Eso ha hecho que S\u00e1nchez no haya podido actuar como la admirada Merkel, la ciudadana prusiana que no ten\u00eda que convencer a 17 personas de lo que deb\u00eda hacerse y ha actuado con la determinaci\u00f3n de sus antecesores, no voy a decir como Hitler (que no era prusiano) pero si como Bismarck. Y he empezado por decir que excepto en Espa\u00f1a porque, estoy escribiendo de memoria, creo que somos la excepci\u00f3n en esa forma de proceder.<\/p>\n\n\n\n<p>Eso de tomar decisiones por comunidades se ha llevado, no solo hasta el nivel territorial del municipio, si no al de barrios y, en alg\u00fan sitio como Madrid, hasta la divisi\u00f3n administrativa de \u00abzona sanitaria\u00bb. Bien, no voy a ser yo, desde mi ignorancia en la materia, quien diga c\u00f3mo debe hacerse, pero me extra\u00f1ar\u00eda mucho que una pandemia mundial se combatiese como se hace en el mus cuando las cosas van mal: cada uno con las suyas.<\/p>\n\n\n\n<p>Y, desde luego, que nadie piense en una tregua viral navide\u00f1a. Podemos empe\u00f1arnos en levantar las restricciones una vez que se enciendan las luces multicolores de muchas calles espa\u00f1olas, pero, en ese caso, quien se va a dar un atrac\u00f3n en esas fiestas va a ser el virus.<\/p>\n\n\n\n<p>Ah, y ya que estamos, Feliz Navidad.<\/p>\n","protected":false},"excerpt":{"rendered":"<p>Autor: JES\u00daS ESPELOS\u00cdN Fuente: nuevatribuna.es 20\/11\/2020 Julio 1914. Europa se encuentra en m\u00e1xima tensi\u00f3n despu\u00e9s de varios a\u00f1os de&nbsp;prolongaci\u00f3n de aquella paz que Bismarck&nbsp;hab\u00eda propiciado manteniendo el equilibrio entre las cinco potencias europeas. Pero aquello no se sosten\u00eda y la guerra parec\u00eda inevitable, adem\u00e1s de que, se pensaba, pod\u00eda ser una soluci\u00f3n. \u00abLa guerra que &hellip; <a href=\"https:\/\/blogsaverroes.juntadeandalucia.es\/aldeacordoba\/?p=1398\" class=\"more-link\">Continuar leyendo<span class=\"screen-reader-text\"> \u00abPor Navidad, todos a casa\u00bb<\/span><\/a><\/p>\n","protected":false},"author":168,"featured_media":0,"comment_status":"open","ping_status":"open","sticky":false,"template":"","format":"standard","meta":{"ngg_post_thumbnail":0,"footnotes":""},"categories":[224385,224396,224397],"tags":[224516,224573,224659,224677],"aioseo_notices":[],"_links":{"self":[{"href":"https:\/\/blogsaverroes.juntadeandalucia.es\/aldeacordoba\/index.php?rest_route=\/wp\/v2\/posts\/1398"}],"collection":[{"href":"https:\/\/blogsaverroes.juntadeandalucia.es\/aldeacordoba\/index.php?rest_route=\/wp\/v2\/posts"}],"about":[{"href":"https:\/\/blogsaverroes.juntadeandalucia.es\/aldeacordoba\/index.php?rest_route=\/wp\/v2\/types\/post"}],"author":[{"embeddable":true,"href":"https:\/\/blogsaverroes.juntadeandalucia.es\/aldeacordoba\/index.php?rest_route=\/wp\/v2\/users\/168"}],"replies":[{"embeddable":true,"href":"https:\/\/blogsaverroes.juntadeandalucia.es\/aldeacordoba\/index.php?rest_route=%2Fwp%2Fv2%2Fcomments&post=1398"}],"version-history":[{"count":0,"href":"https:\/\/blogsaverroes.juntadeandalucia.es\/aldeacordoba\/index.php?rest_route=\/wp\/v2\/posts\/1398\/revisions"}],"wp:attachment":[{"href":"https:\/\/blogsaverroes.juntadeandalucia.es\/aldeacordoba\/index.php?rest_route=%2Fwp%2Fv2%2Fmedia&parent=1398"}],"wp:term":[{"taxonomy":"category","embeddable":true,"href":"https:\/\/blogsaverroes.juntadeandalucia.es\/aldeacordoba\/index.php?rest_route=%2Fwp%2Fv2%2Fcategories&post=1398"},{"taxonomy":"post_tag","embeddable":true,"href":"https:\/\/blogsaverroes.juntadeandalucia.es\/aldeacordoba\/index.php?rest_route=%2Fwp%2Fv2%2Ftags&post=1398"}],"curies":[{"name":"wp","href":"https:\/\/api.w.org\/{rel}","templated":true}]}}