{"id":1403,"date":"2020-12-01T09:16:00","date_gmt":"2020-12-01T08:16:00","guid":{"rendered":"https:\/\/jmoragahc.wordpress.com\/?p=1403"},"modified":"2020-12-01T09:16:00","modified_gmt":"2020-12-01T08:16:00","slug":"la-pandemia-franquista-de-la-que-nadie-habla","status":"publish","type":"post","link":"https:\/\/blogsaverroes.juntadeandalucia.es\/aldeacordoba\/?p=1403","title":{"rendered":"La pandemia franquista de la que nadie habla"},"content":{"rendered":"\n<figure class=\"wp-block-image size-large\"><img decoding=\"async\" src=\"https:\/\/www.elsaltodiario.com\/uploads\/fotos\/r1500\/6db9b4ec\/polio_franquismo.jpg?v=63772933962\" alt=\"\" \/><figcaption>La poliomielitis adquiri\u00f3 car\u00e1cter pand\u00e9mico a finales de los a\u00f1os 40, y alcanz\u00f3 mayor intensidad entre los 50 y principios de los 60.<\/figcaption><\/figure>\n\n\n\n<p><strong>Autor<\/strong>: Javier Merino<\/p>\n\n\n\n<p><strong>Fuente<\/strong>: <a rel=\"noreferrer noopener\" href=\"https:\/\/www.elsaltodiario.com\/coronavirus\/polio-pandemia-franquista-nadie-habla\" target=\"_blank\">elsaltodiario.com<\/a> 19\/11\/2020<\/p>\n\n\n\n<p>La dictadura nacionalcat\u00f3lica ocult\u00f3 deliberadamente la pandemia de poliomielitis, acaecida entre los a\u00f1os 50 y 60, en aras de construir una artificiosa raza espa\u00f1ola. Hoy viven en el Estado espa\u00f1ol entre 40.000 y 50.000 supervivientes de una enfermedad hoy dada pr\u00e1cticamente por erradicada. Reclaman un reconocimiento como v\u00edctimas del franquismo.<\/p>\n\n\n\n<blockquote class=\"wp-block-quote\"><p>\u201cDios mat\u00f3 a mi madre cuando estaba dando a luz. Dios me dio un ladr\u00f3n por padre.\u00a0Cuando era veintea\u00f1ero, Dios me dio la polio, que contagi\u00e9 una vez a una docena de\u00a0ni\u00f1os, probablemente m\u00e1s, incluida la hermana de Marcia, incluido usted, casi con\u00a0toda seguridad. (\u2026) \u00bfHasta d\u00f3nde deber\u00eda llegar mi amargura? D\u00edgamelo usted\u201d.<\/p><p>Philip Roth,\u00a0<em>N\u00e9mesis<\/em>.<\/p><\/blockquote>\n\n\n\n<p>A finales del pasado mes de agosto, los medios de comunicaci\u00f3n pasaron de puntillas por una noticia de una importancia hist\u00f3rica considerable: se hab\u00eda logrado erradicar la poliomielitis en \u00c1frica, un virus que mata la musculatura. Hubo quien lo hizo notar en redes sociales con excesiva euforia creyendo que lo hab\u00edamos vencido definitivamente \u2014entre los que me incluyo\u2014 pero&nbsp;<a href=\"https:\/\/maldita.es\/malditaciencia\/2020\/08\/28\/polio-africa-erradicada-mundo-vacunacion\/\">lo cierto es que el virus todav\u00eda no ha sido erradicado totalmente en el mundo<\/a>. A\u00fan hay casos en Afganist\u00e1n y Pakist\u00e1n. No obstante, es una noticia de enorme relevancia, puesto que se trata de una enfermedad de consecuencias terribles para la que no existe cura y a la que solo es posible eliminar mediante la prevenci\u00f3n, es decir, con una vacuna que es efectiva al 100%.<\/p>\n\n\n\n<p>La poliomielitis siempre ha estado entre nosotros y, como en muchas otras cosas, los egipcios fueron los primeros en dejarnos una clara evidencia de su existencia en una estela del Reino Nuevo. Pero entre los siglos XVIII y XIX se comenzaron a experimentar brotes hasta que en el siglo XX se declar\u00f3 una pandemia. A lo largo de la historia, grandes personajes han sido v\u00edctimas de ella, entre ellos, el emperador Claudio, Franklin Delano Roosevelt, Frida Kahlo, Arthur C. Clarke, Francis Ford Coppola o el f\u00edsico Robert Oppenheimer.<\/p>\n\n\n\n<p>Ahora todo es covid-19. Yo suelo decir que, incluso quienes no hemos padecido el virus (o eso creemos), sufrimos las consecuencias de su existencia. Desde marzo, ni un solo d\u00eda hemos dejado de hablar de ello; ni un solo d\u00eda hemos podido ver un programa en televisi\u00f3n en el que no se hable de ello; ni un solo d\u00eda hemos podido leer un peri\u00f3dico o revista que no mencione el virus; ni un solo d\u00eda sin temor. El virus nos ha infectado doblemente, y su impacto ha sido tan grande que, r\u00e1pidamente, se buscaron precedentes de pandemias en la historia, apareciendo al momento la peste negra del siglo XIV, la gripe de 1918 o la viruela. Pero apenas ning\u00fan medio ha rescatado la pandemia de poliomielitis que hubo en la Espa\u00f1a franquista entre finales de los a\u00f1os 50 y principios de los 60 del siglo pasado. \u00bfPor qu\u00e9 motivo? Puedo entender que esto lo omita el panfleto que dirige Jim\u00e9nez Losantos, pero no concibo que los grandes medios de comunicaci\u00f3n se lo hayan callado.<\/p>\n\n\n\n<blockquote class=\"wp-block-quote\"><p>Al ser de pago, la mayor parte de la poblaci\u00f3n no pudo permit\u00edrse la vacuna<\/p><\/blockquote>\n\n\n\n<p>La poliomielitis pod\u00eda matar fulminantemente y, en el mejor de los casos, dejaba grav\u00edsimas secuelas paral\u00edticas. En nuestra memoria quedan los famosos pulmones de acero, que se convirtieron en una c\u00e1rcel de la que muchos no pod\u00edan salir si quer\u00edan seguir vivos. Ahora vemos por las calles personas en sillas de ruedas, con muletas, con bastones, con \u00f3rtesis o pr\u00f3tesis en las piernas que les son absolutamente imprescindibles para desplazarse. Forman parte del paisaje, son las v\u00edctimas vivientes de la polio, un virus que ha afectado a uno de los grupos poblacionales m\u00e1s vulnerables: los ni\u00f1os. A modo de comparaci\u00f3n, podemos decir que el&nbsp;n\u00famero reproductivo b\u00e1sico (R0, variable por la que se estima la velocidad con que una enfermedad puede propagarse) de la covid-19 oscila entre 1 y 3,5, mientras que el de la polio oscila entre 5 y 7. La poliomielitis pas\u00f3 a ser el problema de salud p\u00fablica m\u00e1s aterrador de la \u00e9poca de la posguerra, tanto en EE UU como en Europa. Sobran las palabras.<\/p>\n\n\n\n<p>Espa\u00f1a, con la instauraci\u00f3n de la dictadura franquista, qued\u00f3 excluida hasta 1950 de varios organismos internacionales. A consecuencia de ello, hubo un retroceso cient\u00edfico y en la modernizaci\u00f3n sanitaria por los efectos de la contienda y por el exilio forzoso de grandes figuras de la ciencia y de la medicina. Adem\u00e1s, la pobreza y las condiciones de posguerra provocaron una elevaci\u00f3n de la morbilidad y mortalidad por enfermedades infecciosas. La poliomielitis adquiri\u00f3 car\u00e1cter pand\u00e9mico a finales de los a\u00f1os 40, y alcanz\u00f3 mayor intensidad entre los 50 y principios de los 60 hasta la primera campa\u00f1a de inmunizaci\u00f3n; casi nueve a\u00f1os despu\u00e9s de disponerse de la vacuna inyectable Salk, y tres despu\u00e9s de contarse con la vacuna oral Sabin. Este hecho refleja la resistencia del r\u00e9gimen franquista a reconocer que la polio constitu\u00eda un importante problema de salud p\u00fablica en nuestro pa\u00eds. No lo hizo hasta 1958, en la inauguraci\u00f3n del V Simposio de la Asociaci\u00f3n Europea contra la Poliomielitis celebrado en Madrid.<\/p>\n\n\n\n<p>A partir de ese a\u00f1o, la&nbsp;Direcci\u00f3n General de Sanidad (DGS) dio comienzo a una campa\u00f1a de vacunaci\u00f3n enga\u00f1osa. A pesar de que Salk se neg\u00f3 a hacerse multimillonario patentando la vacuna (su respuesta \u201cno hay patente, \u00bfacaso se puede patentar el sol?\u201d, ha quedado para los anales de la historia), los dirigentes espa\u00f1oles consideraron que las caracter\u00edsticas de la vacuna complicaban la labor, tanto por administrarse en tres dosis inyectables \u2014lo que implicaba tiempo y personal\u2014 como por la necesidad de conservaci\u00f3n \u2014lo que se traduc\u00eda en un encarecimiento para su traslado y aplicaci\u00f3n\u2014. Este fue el motivo esgrimido por el Gobierno para que la vacunaci\u00f3n no fuese gratuita. Como consecuencia, al ser de pago, la mayor parte de la poblaci\u00f3n no pudo permit\u00edrsela.<\/p>\n\n\n\n<blockquote class=\"wp-block-quote\"><p>No hubo ninguna tipo de ayuda a las v\u00edctimas de la poliomielitis, ni durante la pandemia ni en los a\u00f1os que siguieron<\/p><\/blockquote>\n\n\n\n<p>Agobiado por las presiones internacionales, el 26 de enero de 1963 el Ministerio de Gobernaci\u00f3n espa\u00f1ol dictaba las pautas para proceder a la vacunaci\u00f3n antipoliomiel\u00edtica en los ni\u00f1os a trav\u00e9s de una Orden enmascarada bajo el t\u00edtulo Normas en cuanto a las obligaciones y facultades de la Direcci\u00f3n General de Sanidad en materia de Medicina Preventiva (vacunaci\u00f3n antipoliomiel\u00edtica). Nuestra dictadura fascista dictaba pol\u00edticas para la \u201cprotecci\u00f3n de la infancia\u201d \u2014interpretada por el franquismo como bien social antes que como sujetos\u2014, que hab\u00edan derivado m\u00e1s hacia la ense\u00f1anza y el adoctrinamiento que hacia una mejora de la sanidad p\u00fablica. En este contexto, la enfermedad y sus secuelas fueron un desaf\u00edo al discurso del r\u00e9gimen pronatalista y regeneracionista; el ni\u00f1o poliomiel\u00edtico chocaba con el pueblo sano y fuerte concebido para forjar una Espa\u00f1a imperial, grande y libre.<\/p>\n\n\n\n<p>No hubo ninguna tipo de ayuda a las v\u00edctimas de la poliomielitis, ni durante la pandemia ni en los a\u00f1os que siguieron. Los afectados tuvieron que utilizar sus propios medios econ\u00f3micos, por un lado, para salir adelante, encontrar la informaci\u00f3n necesaria y acceder a medidas de rehabilitaci\u00f3n; y, por otro, para mejorar su calidad de vida mediante la adquisici\u00f3n de aparatos ortop\u00e9dicos, la realizaci\u00f3n de adaptaciones en su vivienda, as\u00ed como procurarse una formaci\u00f3n profesional que les permitiera su integraci\u00f3n en la sociedad y su independencia econ\u00f3mica.<\/p>\n\n\n\n<p>No existe estad\u00edstica fiable sobre cu\u00e1ntos sobrevivientes de la poliomielitis de mediados del siglo pasado existen en la actualidad. En el mundo se estima que pueden ser unos 20 millones de personas, distribuidas por todos los pa\u00edses. En Espa\u00f1a cabe pensar entre 40.000 y 50.000. Por tanto, podemos concluir que la cantidad de contagiados fue mayor, pero los datos son imposibles de contrastar puesto que con la modernizaci\u00f3n sanitaria llevada a cabo con el advenimiento de la democracia, muchos expedientes e informes fueron destruidos en hospitales y centros sanitarios. Lo cierto es que se desconoce el n\u00famero de muertos reales en estos \u00faltimos 70 a\u00f1os.<\/p>\n\n\n\n<p>Pero esto no es todo, desgraciadamente no hemos llegado a\u00fan al final de este v\u00eda crucis. La enfermedad produce unas secuelas que deterioran gravemente la calidad de vida durante el proceso de envejecimiento. Es el llamado S\u00edndrome Pospolio (SPP). El t\u00e9rmino hace referencia al desarrollo de nuevos s\u00edntomas neurol\u00f3gicos, en especial debilidad muscular, atrofia y fatiga musculares nuevas que no son explicables por ninguna otra causa m\u00e9dica, y que aparecen despu\u00e9s de m\u00e1s de 15 a\u00f1os de la infecci\u00f3n aguda. Se estima que afecta del 20% al 85% de individuos con antecedentes de poliomielitis en la infancia. Las secuelas son terribles: los afectados experimentan una mayor sensibilidad al fr\u00edo y los dolores en espalda, extremidades superiores e inferiores, zona lumbar y zona del cuello son el pan nuestro de cada d\u00eda. Otras partes del cuerpo que en principio se vieron libres del virus, ahora tambi\u00e9n experimentan dolor y deterioro al haber tenido que ser utilizadas m\u00e1s de la cuenta para auxiliar a las partes infectadas. Nada mejor que ver el&nbsp;<a href=\"https:\/\/www.ccma.cat\/tv3\/alacarta\/programa\/Version-en-castellano-del-documental-Polio-cronica-de-una-negligencia\/video\/4900033\/\">documental de la TV3&nbsp;<em>Polio, cr\u00f3nica de una negligencia<\/em><\/a>&nbsp;para comprender el alcance de la pandemia.<\/p>\n\n\n\n<p>La dictadura impidi\u00f3 la vacunaci\u00f3n universal gratuita, y cuando se vio forzada a actuar, era demasiado tarde. Miles de ni\u00f1os vieron sus vidas truncadas<a><\/a><\/p>\n\n\n\n<p>Traer estos terribles hechos aqu\u00ed y ahora tiene una doble motivaci\u00f3n. En primer lugar, reflejar en qu\u00e9 consiste exactamente la responsabilidad de un gobierno en cuanto a la salud de los ciudadanos. Estamos viendo y oyendo a diario, tanto en los medios de comunicaci\u00f3n como en las redes sociales, hablar de la actuaci\u00f3n criminal del actual gobierno. Soy el primero que admite, sin reservas ni concesiones, que ni este ni ning\u00fan otro gobierno en el mundo han actuado de la mejor manera posible en la lucha contra la pandemia. Pero esto se ha debido m\u00e1s a la facilidad con la que se contagia el virus, a que la movilidad es un elemento catalizador de su propagaci\u00f3n, a nuestra propia irresponsabilidad personal que deriva en actitudes insolidarias, y a que nos enfrentamos a algo para lo que no existe ant\u00eddoto.<\/p>\n\n\n\n<p>M\u00e1s que negligencia ha habido desconocimiento. M\u00e1s que premeditaci\u00f3n o alevos\u00eda, ha habido improvisaci\u00f3n. Pero con lo ocurrido en Espa\u00f1a con la pandemia de polio tenemos un claro ejemplo de lo que es una actitud claramente criminal. La dictadura impidi\u00f3 la vacunaci\u00f3n universal gratuita, y cuando se vio forzada a actuar, era demasiado tarde. Miles de ni\u00f1os vieron sus vidas truncadas.<\/p>\n\n\n\n<p>En segundo lugar, evidenciar p\u00fablicamente algo que quienes contrajimos la enfermedad ya sabemos: somos, afortunadamente, una especie en v\u00edas de extinci\u00f3n. Cuando nosotros hayamos desaparecido del mapa, el virus ya habr\u00e1 sido totalmente derrotado y no habr\u00e1 m\u00e1s enfermos de polio. Y no queremos indemnizaciones, no queremos compasi\u00f3n, no buscamos venganza, ni siquiera justicia porque eso ya es imposible. Lo que nos gustar\u00eda a muchos como yo es que se nos reconozca como v\u00edctimas del franquismo. Porque a pesar de que los partidarios de la Rep\u00fablica asistimos con resignaci\u00f3n a la muerte o desaparici\u00f3n de nuestros padres o abuelos, con la polio tambi\u00e9n sufrieron las consecuencias muchos partidarios del r\u00e9gimen, convirti\u00e9ndonos as\u00ed a todos en una secuela viviente de aquella infame dictadura nacionalcat\u00f3lica que ocult\u00f3 deliberadamente el problema en aras de construir una artificiosa raza espa\u00f1ola. Los anticuerpos espa\u00f1oles no funcionaron y dieron pie a una prolongaci\u00f3n en el tiempo de la Leyenda Negra.<\/p>\n","protected":false},"excerpt":{"rendered":"<p>Autor: Javier Merino Fuente: elsaltodiario.com 19\/11\/2020 La dictadura nacionalcat\u00f3lica ocult\u00f3 deliberadamente la pandemia de poliomielitis, acaecida entre los a\u00f1os 50 y 60, en aras de construir una artificiosa raza espa\u00f1ola. Hoy viven en el Estado espa\u00f1ol entre 40.000 y 50.000 supervivientes de una enfermedad hoy dada pr\u00e1cticamente por erradicada. Reclaman un reconocimiento como v\u00edctimas del &hellip; <a href=\"https:\/\/blogsaverroes.juntadeandalucia.es\/aldeacordoba\/?p=1403\" class=\"more-link\">Continuar leyendo<span class=\"screen-reader-text\"> \u00abLa pandemia franquista de la que nadie habla\u00bb<\/span><\/a><\/p>\n","protected":false},"author":168,"featured_media":0,"comment_status":"open","ping_status":"open","sticky":false,"template":"","format":"standard","meta":{"ngg_post_thumbnail":0,"footnotes":""},"categories":[224391,224397],"tags":[224520,224609,224659,224813],"aioseo_notices":[],"_links":{"self":[{"href":"https:\/\/blogsaverroes.juntadeandalucia.es\/aldeacordoba\/index.php?rest_route=\/wp\/v2\/posts\/1403"}],"collection":[{"href":"https:\/\/blogsaverroes.juntadeandalucia.es\/aldeacordoba\/index.php?rest_route=\/wp\/v2\/posts"}],"about":[{"href":"https:\/\/blogsaverroes.juntadeandalucia.es\/aldeacordoba\/index.php?rest_route=\/wp\/v2\/types\/post"}],"author":[{"embeddable":true,"href":"https:\/\/blogsaverroes.juntadeandalucia.es\/aldeacordoba\/index.php?rest_route=\/wp\/v2\/users\/168"}],"replies":[{"embeddable":true,"href":"https:\/\/blogsaverroes.juntadeandalucia.es\/aldeacordoba\/index.php?rest_route=%2Fwp%2Fv2%2Fcomments&post=1403"}],"version-history":[{"count":0,"href":"https:\/\/blogsaverroes.juntadeandalucia.es\/aldeacordoba\/index.php?rest_route=\/wp\/v2\/posts\/1403\/revisions"}],"wp:attachment":[{"href":"https:\/\/blogsaverroes.juntadeandalucia.es\/aldeacordoba\/index.php?rest_route=%2Fwp%2Fv2%2Fmedia&parent=1403"}],"wp:term":[{"taxonomy":"category","embeddable":true,"href":"https:\/\/blogsaverroes.juntadeandalucia.es\/aldeacordoba\/index.php?rest_route=%2Fwp%2Fv2%2Fcategories&post=1403"},{"taxonomy":"post_tag","embeddable":true,"href":"https:\/\/blogsaverroes.juntadeandalucia.es\/aldeacordoba\/index.php?rest_route=%2Fwp%2Fv2%2Ftags&post=1403"}],"curies":[{"name":"wp","href":"https:\/\/api.w.org\/{rel}","templated":true}]}}