{"id":219,"date":"2014-10-21T11:39:08","date_gmt":"2014-10-21T09:39:08","guid":{"rendered":"http:\/\/geohistoria92.260mb.net\/wp\/?p=77"},"modified":"2014-10-21T11:39:08","modified_gmt":"2014-10-21T09:39:08","slug":"somos-la-revolucion","status":"publish","type":"post","link":"https:\/\/blogsaverroes.juntadeandalucia.es\/aldeacordoba\/?p=219","title":{"rendered":"Somos la revoluci\u00f3n."},"content":{"rendered":"<p><a href=\"http:\/\/procomun.educalab.es\/comunidad\/procomun\/recurso\/somos-la-revolucion\/eca4dfac-2729-492e-8572-cbe819edc7f3\"><img decoding=\"async\" src=\"http:\/\/content.procomun.educalab.es\/imagenes\/Documentos\/imgsem\/ec\/eca4\/eca4dfac-2729-492e-8572-cbe819edc7f3\/a4f5d4a0-7d74-49bf-8871-071675f56b57_240.jpg\" alt=\"\" \/><\/a><\/p>\n<p><a href=\"http:\/\/procomun.educalab.es\/comunidad\/procomun\/recurso\/somos-la-revolucion\/eca4dfac-2729-492e-8572-cbe819edc7f3\">Somos la Revoluci\u00f3n. <\/a>Una propuesta contenida en<a href=\"http:\/\/procomun.educalab.es\/comunidad\/procomun\/recurso\/somos-la-revolucion\/eca4dfac-2729-492e-8572-cbe819edc7f3\"> Procom\u00fan<\/a> en la que se pretende trabajar el concepto de Revoluci\u00f3n <span class=\"values\"><span class=\"value\">basado en la metodolog\u00eda de aprendizaje por proyectos. Est\u00e1 realizado por Ana Basterra Coss\u00edo, Manuel Jes\u00fas Fern\u00e1ndez Naranjo y V\u00edctor Mar\u00edn Navarro.<\/span><\/span><\/p>\n<p>&nbsp;<\/p>\n<p>&nbsp;<\/p>\n","protected":false},"excerpt":{"rendered":"<p>Somos la Revoluci\u00f3n. Una propuesta contenida en Procom\u00fan en la que se pretende trabajar el concepto de Revoluci\u00f3n basado en la metodolog\u00eda de aprendizaje por proyectos. Est\u00e1 realizado por Ana Basterra Coss\u00edo, Manuel Jes\u00fas Fern\u00e1ndez Naranjo y V\u00edctor Mar\u00edn Navarro. &nbsp; &nbsp;<\/p>\n","protected":false},"author":168,"featured_media":0,"comment_status":"open","ping_status":"open","sticky":false,"template":"","format":"standard","meta":{"ngg_post_thumbnail":0,"footnotes":""},"categories":[224380],"tags":[224426,224865],"aioseo_notices":[],"_links":{"self":[{"href":"https:\/\/blogsaverroes.juntadeandalucia.es\/aldeacordoba\/index.php?rest_route=\/wp\/v2\/posts\/219"}],"collection":[{"href":"https:\/\/blogsaverroes.juntadeandalucia.es\/aldeacordoba\/index.php?rest_route=\/wp\/v2\/posts"}],"about":[{"href":"https:\/\/blogsaverroes.juntadeandalucia.es\/aldeacordoba\/index.php?rest_route=\/wp\/v2\/types\/post"}],"author":[{"embeddable":true,"href":"https:\/\/blogsaverroes.juntadeandalucia.es\/aldeacordoba\/index.php?rest_route=\/wp\/v2\/users\/168"}],"replies":[{"embeddable":true,"href":"https:\/\/blogsaverroes.juntadeandalucia.es\/aldeacordoba\/index.php?rest_route=%2Fwp%2Fv2%2Fcomments&post=219"}],"version-history":[{"count":0,"href":"https:\/\/blogsaverroes.juntadeandalucia.es\/aldeacordoba\/index.php?rest_route=\/wp\/v2\/posts\/219\/revisions"}],"wp:attachment":[{"href":"https:\/\/blogsaverroes.juntadeandalucia.es\/aldeacordoba\/index.php?rest_route=%2Fwp%2Fv2%2Fmedia&parent=219"}],"wp:term":[{"taxonomy":"category","embeddable":true,"href":"https:\/\/blogsaverroes.juntadeandalucia.es\/aldeacordoba\/index.php?rest_route=%2Fwp%2Fv2%2Fcategories&post=219"},{"taxonomy":"post_tag","embeddable":true,"href":"https:\/\/blogsaverroes.juntadeandalucia.es\/aldeacordoba\/index.php?rest_route=%2Fwp%2Fv2%2Ftags&post=219"}],"curies":[{"name":"wp","href":"https:\/\/api.w.org\/{rel}","templated":true}]}}