{"id":224,"date":"2014-12-11T16:23:41","date_gmt":"2014-12-11T16:23:41","guid":{"rendered":"http:\/\/jmoragahc.wordpress.com\/?p=94"},"modified":"2014-12-11T16:23:41","modified_gmt":"2014-12-11T16:23:41","slug":"fernando-vii-el-felon","status":"publish","type":"post","link":"https:\/\/blogsaverroes.juntadeandalucia.es\/aldeacordoba\/?p=224","title":{"rendered":"Fernando VII el fel\u00f3n."},"content":{"rendered":"<p><img loading=\"lazy\" decoding=\"async\" class=\"alignleft\" style=\"margin-bottom:10px;margin-right:10px\" src=\"http:\/\/www.nuevatribuna.es\/media\/nuevatribuna\/images\/2014\/12\/10\/2014121011180970941.jpg\" alt=\"\" width=\"257\" height=\"429\" \/>Art\u00edculo sobre <a href=\"http:\/\/www.nuevatribuna.es\/articulo\/cultura---ocio\/fernando-vii-felon\/20141210105141110157.html\" target=\"_blank\" rel=\"noopener noreferrer\">Fernando VII<\/a>, uno de los reyes m\u00e1s odiados y odiosos de la Historia de Espa\u00f1a.<\/p>\n<p>Fuente: <a href=\"http:\/\/www.nuevatribuna.es\/articulo\/cultura---ocio\/fernando-vii-felon\/20141210105141110157.html\" target=\"_blank\" rel=\"noopener noreferrer\">Nuevatribuna.es<\/a><\/p>\n<p>Autor: Edmundo Fayanas<\/p>\n<p>Art\u00edculo completo.<\/p>\n<div class=\"span-16 last title-subtitle-legend\">\n<div class=\"inner-article-subtitle\">\n<p>Fernando VII padec\u00eda macrosom\u00eda genital, siendo esta enfermedad consecuencia de la costumbre borb\u00f3nica de casarse primos con primos para as\u00ed preservar la sangre real.<\/p>\n<\/div>\n<\/div>\n<div class=\"span-16 inner-article-content clearfix\">\n<div id=\"inner-article-body\" class=\"span-16\">\n<div class=\"span-12 inner-article-other-contents\">\n<div class=\"inner-article-image\">\n<div class=\"photo-subtitle\">\u00a0Nace el 14 de octubre de 1784. Era hijo de Carlos IV y de Mar\u00eda Luisa de Parma. Fue el noveno hijo de los catorce que tuvo su madre. Creci\u00f3 aborreciendo a su madre y al favorito Manuel Godoy. Tuvo una educaci\u00f3n adecuada para lo que iba ser, el futuro rey de Espa\u00f1a. Tambi\u00e9n tuvo malas relaciones con su padre, pues no se entend\u00edan.<\/div>\n<div class=\"photo-subtitle\"><\/div>\n<p><!--more--><\/p>\n<div>\n<p>F\u00edsicamente era gordo, teniendo siempre tendencia a la obesidad. Adem\u00e1s era poco agraciado y de salud d\u00e9bil. Era un fumador empedernido y com\u00eda much\u00edsima carne, siendo su plato favorito el cocido.Era llano en el trato personal, pero destaca por su astucia y con humor cruel. Sumamente introvertido, hablaba y re\u00eda poco. Los comentarios generalizados de todos aquellos que le conoc\u00edan eran sus falacias, doblez, cobard\u00eda, y no mostraba inter\u00e9s alguno por los Asuntos de Estado, que dejaba en manos de sus ministros. Era profundamente conservador y absolutista.<\/p>\n<p>Le gustaba rodearse de gente ordinaria y vulgar. Era un espectador asiduo del mundo de los toros.\u00a0\u00a0 Tambi\u00e9n le gustaba la m\u00fasica, la lectura, el teatro y tocaba muy bien la guitarra. Una de sus principales actividades era jugar al billar, que practicaba asiduamente con sus cercanos. Deseando agradar al Rey, procuraban fallar y hacer que las bolas le quedasen siempre en buena posici\u00f3n para que as\u00ed siempre ganar\u00e1. De la pr\u00e1ctica del billar, viene la conocida frase \u201cAs\u00ed se las pon\u00edan a Fernando VII\u201d.<\/p>\n<p>&nbsp;<\/p>\n<p><img loading=\"lazy\" decoding=\"async\" class=\" alignleft\" style=\"margin-top:10px;margin-bottom:10px;margin-right:10px\" src=\"http:\/\/www.nuevatribuna.es\/media\/nuevatribuna\/images\/2014\/12\/10\/\/2014121011180943634.jpg\" alt=\"\" width=\"328\" height=\"249\" align=\"undefined\" \/><\/p>\n<p><span style=\"text-decoration:underline\">SUS MATRIMONIOS<\/span><\/p>\n<p>Fernando VII en sus cuarenta y ocho a\u00f1os que vivi\u00f3 contrajo cuatro matrimonios. Veamos<\/p>\n<p>En el a\u00f1o 1802, se cas\u00f3 con su prima Mar\u00eda Antonia de N\u00e1poles, que era hija de Fernando IV de N\u00e1poles y Mar\u00eda Carolina de Austria. Tuvo dos abortos y muri\u00f3 en 1806, sin dejar descendencia.<\/p>\n<p>Su segundo matrimonio fue en el a\u00f1o 1816 con su sobrina Mar\u00eda Isabel de Braganza, que era hija de su hermana mayor Carlota Joaquina y de Juan IV de Portugal. Dio a luz a una hija, que s\u00f3lo vivi\u00f3 cuatro meses. Posteriormente qued\u00f3 embarazada pero abort\u00f3 y falleci\u00f3. Dicho matrimonio dur\u00f3 dos a\u00f1os.<\/p>\n<p>Su tercer matrimonio fue en el a\u00f1o 1819 se casa con Mar\u00eda Josefa Amelia de Sajonia, que ten\u00eda entonces diecis\u00e9is a\u00f1os mientras que Fernando VII ten\u00eda treinta y cinco. Sus padres eran Maximiliano de Sajonia y Carolina de Borb\u00f3n-Parma. No tuvieron descendencia en los diez a\u00f1os de matrimonio.<\/p>\n<p>Es sabido, que Fernando VII padec\u00eda macrosom\u00eda genital, siendo esta enfermedad consecuencia de la costumbre borb\u00f3nica de casarse primos con primos para as\u00ed preservar la sangre real. El conocido escritor franc\u00e9s Prosper M\u00e9rim\u00e9e describe el miembro viril del rey de esta forma \u201ctan gordo como el pu\u00f1o en su extremidad\u201d. A ello hay que unirle una gran largura de su miembro.<\/p>\n<p>Seg\u00fan sus cr\u00f3nicas, parece ser que las heridas internas que produc\u00edan el miembro viril del rey pudieran ser la causa de la muerte de sus esposas. Para intentar solucionar este problema\u00a0 de deformaci\u00f3n del miembro viril de Fernando VII se le confeccion\u00f3 un coj\u00edn con agujero que hiciera tope en medio del apogeo sexual del rey.<\/p>\n<p><img loading=\"lazy\" decoding=\"async\" class=\" alignleft\" src=\"http:\/\/www.nuevatribuna.es\/media\/nuevatribuna\/images\/2014\/12\/10\/\/2014121011180949482.jpg\" alt=\"\" width=\"367\" height=\"185\" align=\"undefined\" \/><br \/>\n<em>Aunque el original no se ha conservado, aqu\u00ed tenemos una reconstrucci\u00f3n de la cumbre en I+D del S. XIX espa\u00f1ol.<\/em><\/p>\n<p>El propio Prosper M\u00e9rim\u00e9e describe de esta forma la noche de bodas entre Fernando VII y Mar\u00eda Josefa Amalia de Sajonia, que entonces ten\u00eda diecis\u00e9is a\u00f1os.<\/p>\n<p>\u201c<em>Entra su Majestad. Fig\u00farese a un hombre gordo con aspecto de s\u00e1tiro, moren\u00edsimo, con el labio inferior colg\u00e1ndole. Seg\u00fan la dama por quien se la historia, su miembro viril es fino como una barra de lacre en la base, y tan gordo como el pu\u00f1o en su extremidad; adem\u00e1s, tan largo como un taco de billar. Es por a\u00f1adidura, el rijoso m\u00e1s grosero y desvergonzado de su reino. Ante esta horrible vista, la Reina crey\u00f3 desvanecerse, y fue mucho peor cuando Su Majestad Cat\u00f3lica comenz\u00f3 a toquetearla sin miramientos, y es que la reina se escapa de la cama y corre por la habitaci\u00f3n dando gritos. El Rey la persigue; pero, como ella es joven y \u00e1gil, y el Rey es gordo, pesado y gotoso, el Monarca se ca\u00eda de narices, tropezaba con los suelos. En resumen, el rey encontr\u00f3 ese juego muy tonto y mont\u00f3 en espantosa c\u00f3lera.<\/em><\/p>\n<p><em>Llama, pregunta por su cu\u00f1ada y por la camarera mayor, y las trata de Putains y de Brutes con una elocuencia muy propia de \u00e9l, y por \u00faltimo les ordena que preparen a la Reina dej\u00e1ndoles un cuarto de hora para ese negocio. Luego, se pasea, en camisa y zapatillas, por una galer\u00eda fum\u00e1ndose un cigarro. No s\u00e9 qu\u00e9 demonios dijeron esas mujeres a la Reina; lo cierto es que le metieron tanto miedo que su digesti\u00f3n se vio perturbada. Cuando volvi\u00f3 el Rey y quiso reanudar la conversaci\u00f3n en el punto que la hab\u00eda dejado, ya no encontr\u00f3 resistencia; pero, a su primer esfuerzo para abrir una puerta, abri\u00f3se con toda la naturalidad la de al lado y manch\u00f3 las s\u00e1banas con un olor muy distinto al que se espera despu\u00e9s de una noche de bodas. Olor espantoso, pues las Reinas no gozan de las mismas propiedades que la algalia \u00bfQu\u00e9 habr\u00eda hecho usted en lugar del Rey? Se fue jurando y estuvo ocho d\u00edas sin querer tocar a su real esposa y de hecho nunca tuvieron hijos<\/em>\u201d.<\/p>\n<p><img loading=\"lazy\" decoding=\"async\" class=\"alignleft\" style=\"margin-top:10px;margin-bottom:10px;margin-right:10px\" src=\"http:\/\/www.nuevatribuna.es\/media\/nuevatribuna\/images\/2014\/12\/10\/\/2014121011182366769.jpg\" alt=\"\" width=\"318\" height=\"264\" align=\"undefined\" \/><\/p>\n<p>Ante la negativa de Mar\u00eda Josefa Amalia de Sajonia a tener relaciones con Fernando VII, hasta al Papa le hicieron intervenir, haci\u00e9ndole mandar una carta para convencerla de que el sexo con el monarca era necesario a los ojos de Dios. Este matrimonio dur\u00f3 diez a\u00f1os, hasta el inici\u00f3 de 1829, donde muri\u00f3 la Reina. Nunca tuvo descendencia.<\/p>\n<p>Su cuarto y \u00faltimo matrimonio fue con su sobrina Mar\u00eda Cristina de las Dos Sicilias, que era hija de su hermana menor Mar\u00eda Isabel de Borb\u00f3n y Francisco I de las Dos Sicilias. Tuvieron dos hijas:<\/p>\n<p>Isabel I (1830-1904), reina de Espa\u00f1a durante veinticinco a\u00f1os.<\/p>\n<p>Luisa Fernanda (1832-1897), infanta de Espa\u00f1a, casada con el duque de Montpensier.<\/p>\n<p><span style=\"text-decoration:underline\">EL MOT\u00cdN DE ARANJUEZ<\/span><\/p>\n<p>Desde muy joven, Fernando hab\u00eda conspirado en contra de los reyes y de\u00a0Godoy, alentado por su preceptor. En torno al joven pr\u00edncipe de Asturias se hab\u00eda formado un n\u00facleo opositor formado por miembros de la alta nobleza, heredero del antiguo<em>\u00a0partido aragon\u00e9s<\/em>, que persegu\u00eda la ca\u00edda de\u00a0Godoy.<\/p>\n<p>En este enfrentamiento real entre padre e hijo se produce el llamado mot\u00edn de Aranjuez. Hecho este que se produce mientras se est\u00e1 produciendo la ocupaci\u00f3n de las tropa napole\u00f3nicas. Como consecuencia de dicho mot\u00edn se produce\u00a0 la renuncia al trono de Carlos IV y la ca\u00edda de Manuel Godoy y la llegada al trono de Fernando VII.<\/p>\n<p><img loading=\"lazy\" decoding=\"async\" class=\"alignleft\" style=\"margin-right:10px\" src=\"http:\/\/www.nuevatribuna.es\/media\/nuevatribuna\/images\/2014\/12\/10\/\/2014121011182295833.jpg\" alt=\"\" width=\"414\" height=\"284\" align=\"undefined\" \/><\/p>\n<p><span style=\"text-decoration:underline\">LA RECLUSI\u00d3N EN VALENCAY (1808-1813)<\/span><\/p>\n<p>Tras el mot\u00edn de Aranjuez y la renuncia de Carlos IV y la consecuente ca\u00edda de su valido Manuel Godoy, hubo una gran explosi\u00f3n de alegr\u00eda en el pueblo, a pesar de que las tropas de Napole\u00f3n se encontraban en pleno proceso de ocupaci\u00f3n del pa\u00eds.<\/p>\n<p>El emperador Napole\u00f3n hizo que Fernando VII acudiera a Bayona a una entrevista con \u00e9l y donde su padre Carlos IV se encontraba exiliado. La intenci\u00f3n de Napole\u00f3n era que Fernando VII renunciase a la corona espa\u00f1ola. El mariscal Mural al mando de las tropas francesas en Espa\u00f1a ten\u00eda la orden de llevar al resto de la familia real a Francia para as\u00ed proceder a la sustituci\u00f3n de los Borbones por los Bonaparte. Napole\u00f3n nombr\u00f3 rey de Espa\u00f1a a su hermano Jos\u00e9, que reinar\u00eda en Espa\u00f1a como Jos\u00e9 I desde 1808 a 1813. En este reinado fue cuando se dio la guerra de la Independencia.<\/p>\n<p>Desde Bayona, Fernando VII fue trasladado al pueblo de Valencay, situado en el centro del pa\u00eds. Sus condiciones de cautiverio no fueron severas. El Rey y su hermano recib\u00edan clases de baile y m\u00fasica, pod\u00edan montar a caballo y pescar. Sin embargo a partir de septiembre de 1808, Napole\u00f3n se neg\u00f3 a sufragar los 400.000 francos anuales de rentas prometidas, lo que hizo que su nivel de vida fuera m\u00e1s austero.<\/p>\n<p>Fernando VII pensaba que no se pod\u00eda hacer nada ante el poder\u00edo de Francia,\u00a0 por lo cual pretendi\u00f3 unir sus intereses a los de Napole\u00f3n, teniendo una actitud servil. As\u00ed lo recuerda Napole\u00f3n desde su destierro en la isla de Santa Elena.<\/p>\n<p><img loading=\"lazy\" decoding=\"async\" class=\"alignleft\" style=\"margin-right:10px\" src=\"http:\/\/www.nuevatribuna.es\/media\/nuevatribuna\/images\/2014\/12\/10\/\/2014121011182377524.jpg\" alt=\"\" width=\"381\" height=\"259\" align=\"undefined\" \/><\/p>\n<p>\u201c<em>No cesaba Fernando de pedirme una esposa de mi elecci\u00f3n: me escrib\u00eda espont\u00e1neamente para cumplimentarme siempre que yo consegu\u00eda alguna victoria; expidi\u00f3 proclamas a los espa\u00f1oles para que se sometiesen, y reconoci\u00f3 a Jos\u00e9, lo que quiz\u00e1s se habr\u00e1 considerado hijo de la fuerza, sin serlo; pero adem\u00e1s me pidi\u00f3 su gran banda, me ofreci\u00f3 a su hermano Carlos para mandar los regimientos espa\u00f1oles que iban a Rusia, cosas todas que de ning\u00fan modo ten\u00eda precisi\u00f3n de hacer. En fin, me inst\u00f3 vivamente para que le dejase ir a mi Corte de Par\u00eds, y si yo no me prest\u00e9 a un espect\u00e1culo que hubiera llamado a atenci\u00f3n de Europa, probando de esta manera toda la estabilidad de mi poder, fue porque la gravedad de las circunstancias me llamaba fuera del Imperio y mis frecuentes ausencias de la capital no me proporcionaban ocasi\u00f3n<\/em>\u201d.<\/p>\n<p>Napole\u00f3n hizo publicar en Le Moniteur toda la correspondencia de Fernando VII, para que todos, en especial los espa\u00f1oles, vieran su actuaci\u00f3n. Sin embargo, Fernando VII se apresur\u00f3 a agradecer al emperador que hubiese hecho p\u00fablico esta correspondencia donde le demostraba el gran amor que le profesaba.<\/p>\n<p>Sin embargo, la condici\u00f3n de prisionero de Napole\u00f3n cre\u00f3 en Espa\u00f1a el mito de Fernando el Deseado, v\u00edctima de la tiran\u00eda de Napole\u00f3n. El Consejo de Castilla anulo el 11 de agosto de 1808 la abdicaci\u00f3n de Bayona y el 24 de agosto proclam\u00f3 rey\u00a0 en ausencia de Fernando VII. Las Cortes de C\u00e1diz que redactaron la Constituci\u00f3n de 1812 no cuestionaron en ning\u00fan momento la persona del monarca y lo declararon como \u00fanico y legitimo rey de Espa\u00f1a.<\/p>\n<p>Por el Tratado de Valencay de once de diciembre de 1813, Napole\u00f3n reconoce a Fernando VII como Rey de Espa\u00f1a. De esta forma recupera el Trono y todos los territorios y propiedades de la Corona.\u00a0\u00a0\u00a0 Junto a esto se firmaba la paz con Francia, y se declaraba la neutralidad espa\u00f1ola y la salida brit\u00e1nica del pa\u00eds. Dicho Tratado nunca fue ratificado por la Regencia espa\u00f1ola<\/p>\n<p><span style=\"text-decoration:underline\">EL PERIODO ABSOLUTISTA<\/span><\/p>\n<p>Fernando VII es liberado el siete de marzo de 1814. En su regreso a Espa\u00f1a pasa por Toulouse, Perpi\u00f1\u00e1n y cruza la frontera por Figueras, siendo recibido por el general Copons.<\/p>\n<p><img loading=\"lazy\" decoding=\"async\" class=\"alignleft\" style=\"margin-right:10px\" src=\"http:\/\/www.nuevatribuna.es\/media\/nuevatribuna\/images\/2014\/12\/10\/\/2014121011180954907.jpg\" alt=\"\" width=\"431\" height=\"324\" align=\"undefined\" \/><\/p>\n<p>Las Cortes espa\u00f1olas promulgaron un Decreto que dec\u00eda \u201cno se reconocer\u00e1 pro libre al Rey, ni por tanto se le prestar\u00e1 obediencia, hasta que en el seno del Congreso Nacional preste el juramento prescrito en el art\u00edculo 173 de la Constituci\u00f3n de 1812\u201d.<\/p>\n<p>Sin embargo, Fernando VII no sigui\u00f3 el camino de regreso dispuesto por la Regencia y paso por Gerona, Tarragona, Reus, para desviarse hacia Zaragoza donde paso la Semana Santa invitado por el general Palafox. Posteriormente sigui\u00f3 camino hacia Teruel para i a Valencia, donde le esperaba el cardenal arzobispo de Toledo, Luis de Borb\u00f3n, presidente de la Regencia y que era de tendencia liberal.<\/p>\n<p>En Valencia una representaci\u00f3n de 69 diputados absolutistas de las Cortes, dirigidos por Bernardo Mozo de Rosales, le hace entrega del llamado \u201cManifiesto de los Persas\u201d, que propugnaba la supresi\u00f3n de la Constituci\u00f3n de 1812 y justificaban la la restauraci\u00f3n del Antiguo R\u00e9gimen.<\/p>\n<p>El general Elio, jefe del segundo ej\u00e9rcito se subleva y pone a disposici\u00f3n del Rey sus fuerzas para recobrar sus derechos. Este es el primer pronunciamiento militar en la historia de Espa\u00f1a. El catorce de mayo de 1814, Fernando VII promulga un Decreto, por el que se restablece la monarqu\u00eda absoluta y declara nula la Constituci\u00f3n de 1812. Dicho Decreto dec\u00eda:<\/p>\n<p><img loading=\"lazy\" decoding=\"async\" class=\"alignleft\" style=\"margin-right:10px\" src=\"http:\/\/www.nuevatribuna.es\/media\/nuevatribuna\/images\/2014\/12\/10\/\/2014121011182344765.jpg\" alt=\"\" width=\"407\" height=\"306\" align=\"undefined\" \/><\/p>\n<p>\u201c\u2026 <em>Mi real \u00e1nimo es no solamente no jurar ni acceder a dicha Constituci\u00f3n, ni a decreto alguno de las Cortes\u2026, sino el de declarar sin efecto, ahora ni en tiempo alguno, como si no hubiesen pasado jam\u00e1s tales actos y se quitasen de en medio del tiempo, y sin obligaci\u00f3n\u00a0 en mis pueblos y s\u00fabditos de cualquier clase y condici\u00f3n a cumplirlos ni guardarlos<\/em>\u201d.<\/p>\n<p>Fernando VII se encontr\u00f3 un pa\u00eds devastado por seis a\u00f1os de guerra, pero no cont\u00f3 con personajes brillantes en su gobierno, lo que origin\u00f3 una inestabilidad total y un gobierno ineficiente.\u00a0\u00a0 Fue un periodo caracterizado por la persecuci\u00f3n de los liberales, que contaban con amplios apoyos en el ej\u00e9rcito, la burgues\u00eda y la masoner\u00eda.<\/p>\n<p>Durante estos seis a\u00f1os desapareci\u00f3 la prensa libre, las diputaciones y ayuntamientos constitucionales y se cerraron Universidades. Se restableci\u00f3 la organizaci\u00f3n gremial y se devolvieron las propiedades confiscadas a la Iglesia.<\/p>\n<p><span style=\"text-decoration:underline\">EL TRIENIO LIBERAL (1820-1823)<\/span><\/p>\n<p>En enero de 1820, se subleva en C\u00e1diz el ej\u00e9rcito destinado a sofocar la insurrecci\u00f3n de las colonias americanas. Esta sublevaci\u00f3n estaba encabezada por el general Rafael de Riego, y poco a poco va triunfando por toda Espa\u00f1a. Fernando VII acab\u00f3\u00a0 a pesar de sus reticencias jurando la Constituci\u00f3n de 1812, haci\u00e9ndolo el diez de marzo de 1820. Diciendo<\/p>\n<p>\u201cMarchemos francamente, y yo el primero, por la senda constitucional\u201d<\/p>\n<p>Fue uno de los periodos hist\u00f3ricos m\u00e1s din\u00e1micos y de progreso del pa\u00eds. Se tomaron medidas en contra del absolutismo con la supresi\u00f3n de los se\u00f1or\u00edos y de la temida Inquisici\u00f3n. En todo este periodo, no dej\u00f3 de conspirar contra los liberales, y acabando pidiendo la intervenci\u00f3n de la Santa Alianza, que mand\u00f3 un ej\u00e9rcito franc\u00e9s llamado los Cien Mil hijos de San Luis, que restablecieron la monarqu\u00eda absoluta en octubre de 1823.<\/p>\n<p><img loading=\"lazy\" decoding=\"async\" class=\"alignleft\" style=\"margin-right:10px\" src=\"http:\/\/www.nuevatribuna.es\/media\/nuevatribuna\/images\/2014\/12\/10\/\/2014121011182357232.jpg\" alt=\"\" width=\"409\" height=\"299\" align=\"undefined\" \/><br \/>\n<em>Caricatura inglesa sobre el gusto taurino de Fernando VII<\/em><\/p>\n<p><span style=\"text-decoration:underline\">LA D\u00c9CADA OMINOSA (1823-1833)<\/span><\/p>\n<p>Se restablecen los privilegios de los se\u00f1or\u00edos y mayorazgos. Sin embargo la Inquisici\u00f3n no es restablecida. Se produce una dur\u00edsima represi\u00f3n al movimiento liberal, acompa\u00f1ado de cierres de peri\u00f3dicos y de universidades.<\/p>\n<p>Por\u00a0 Real C\u00e9dula de uno de agosto de 1824, quedan prohibidas en Espa\u00f1a y las Indias las sociedades de francmasones y otras sociedades secretas. Se empiezan a producir levantamientos de corte m\u00e1s tradicionalistas y conservadores de los partidarios del infante Carlos Mar\u00eda Isidro, hermano de Fernando VII, en defensa de sus derechos din\u00e1sticos y para ello cuenta tambi\u00e9n con el apoyo de un amplio sector del clero.<\/p>\n<p>Fue en esta \u00e9poca donde Fernando VII fue incapaz de impedir la desaparici\u00f3n del Imperio espa\u00f1ol y la mayor parte de los territorios americanos declararon la independencia. Solo Cuba, Puerto Rico, Filipinas, las islas Marianas y La Carolinas en el oc\u00e9ano Pac\u00edfico permanecieron bajo el dominio de Espa\u00f1a.<\/p>\n<p><span style=\"text-decoration:underline\">LA SUCESI\u00d3N DE FERNANDO VII<\/span><\/p>\n<p>El 31 de marzo de 1839, se promulga la Pragm\u00e1tica Sanci\u00f3n, que hab\u00eda sido aprobada el 30 de septiembre de 1789.por el rey Carlos IV, pero que nunca se hab\u00eda hecho p\u00fablica.<\/p>\n<p>La Pragm\u00e1tica establece, que si el Rey no tiene heredero var\u00f3n, heredar\u00eda la hija mayor. Esto significaba la exclusi\u00f3n como sucesor de Carlos Mar\u00eda Isidro como futuro rey de Espa\u00f1a. Isabel naci\u00f3 poco despu\u00e9s, en consecuencia ella ser\u00eda la Reina de Espa\u00f1a.<\/p>\n<p><img loading=\"lazy\" decoding=\"async\" class=\"alignleft\" style=\"margin-right:10px\" src=\"http:\/\/www.nuevatribuna.es\/media\/nuevatribuna\/images\/2014\/12\/10\/\/2014121011180917116.jpg\" alt=\"\" width=\"346\" height=\"168\" align=\"undefined\" \/><\/p>\n<p>Encontr\u00e1ndose muy enfermo Fernando VII en el palacio de la Granja, consiguieron que fuera derogada la Pragm\u00e1tica por medio de enga\u00f1os, pero una vez restablecido en su salud fue puesta en vigor. Esto significa que Carlos Mar\u00eda Isidro se marcha a Portugal y esto ser\u00e1 el inici\u00f3 del problema din\u00e1stico del carlismo en nuestro pa\u00eds que costo tres guerras civiles.<\/p>\n<p>Fernando VII muere en Madrid el 29 de septiembre de 1833, encontr\u00e1ndose enterrado en la cripta real del monasterio del Escorial.<\/p>\n<p>FERNANDO VII Y LAS ARTES<\/p>\n<p>La \u00e9poca de su reinado coincide con grandes pintores como Francisco de Goya, Jos\u00e9 Madrazo o Vicente L\u00f3pez Porta\u00f1o. Cre\u00f3 el Museo Real de Pinturas y convirti\u00f3 el edificio de Juan de Villanueva en el Museo del Prado.<\/p>\n<p>En el a\u00f1o 1815, orden\u00f3 la restauraci\u00f3n del Observatorio Astron\u00f3mico y fund\u00f3 el Conservatorio de Artes.<\/p>\n<p>Fernando VII globalmente puede considerarse un rey nefasto que\u00a0 impidi\u00f3 con su conservadurismo cualquier atisbo de progreso econ\u00f3mico, pol\u00edtico y social, que ya empezaba a darse en toda Europa, lo que ha sido una de las causas del atraso hist\u00f3rico de Espa\u00f1a respecto a muchos pa\u00edses europeos.<\/p>\n<hr \/>\n<p>BIBLIOGRAFIA<\/p>\n<p>Artola, Miguel. \u201cLa Espa\u00f1a de Fernando VII\u201c. Espasa Calpe. Madrid. 1999.<br \/>\nArtola, Miguel. \u201cMemorias de tiempos de Fernando VII\u201d. Atlas. Madrid. 1957.<br \/>\nAvil\u00e9s Fern\u00e1ndez, Miguel. \u201cLa Espa\u00f1a de Fernando VII\u201d. Edaf. Madrid. 1973.<br \/>\nD\u00efaz Plaja, Fernando. \u201cFernando VII: el m\u00e1s querido y el m\u00e1s odiado de los reyes espa\u00f1oles\u201d. Planeta Agostini. Barcelona.\u00a0 1996<br \/>\nFontana, Josep. \u201cLa crisis del Antiguo R\u00e9gimen 1808-1833\u201d. Madrid. 1979.<br \/>\nFontana, Josep. La quiebra de la monarqu\u00eda absoluta 1814-1820\u201d. Ariel. Barcelona. 1987,<br \/>\nGil Novales, A. \u201cEl trienio liberal\u201d.\u00a0\u00a0 Madrid.\u00a0\u00a0 1980.<br \/>\nL\u00f3pez Cord\u00f3n, Mar\u00eda Victoria. \u201cLa Espa\u00f1a de Fernando VII. Espsa Calpe. Madrid. 2001.<br \/>\nMoral Roncal, Antonio Manuel \u201cEl reinado de Fernando VII en sus documentos\u201d. Ariel. Barcelona.\u00a0\u00a0 1998.<br \/>\nS\u00e1nchez Almeida, Ang\u00e9lica. \u201cFernando VII: el deseado\u201d. Alderab\u00e1n. Madrid. 1999.<br \/>\nVoltes Bou, P. \u201cFernando VII. Vida y obra\u201d. Barcelona. 1985.<\/p>\n<\/div>\n<\/div>\n<\/div>\n<\/div>\n<\/div>\n","protected":false},"excerpt":{"rendered":"<p>Art\u00edculo sobre Fernando VII, uno de los reyes m\u00e1s odiados y odiosos de la Historia de Espa\u00f1a. Fuente: Nuevatribuna.es Autor: Edmundo Fayanas Art\u00edculo completo. Fernando VII padec\u00eda macrosom\u00eda genital, siendo esta enfermedad consecuencia de la costumbre borb\u00f3nica de casarse primos con primos para as\u00ed preservar la sangre real. \u00a0Nace el 14 de octubre de 1784. &hellip; <a href=\"https:\/\/blogsaverroes.juntadeandalucia.es\/aldeacordoba\/?p=224\" class=\"more-link\">Continuar leyendo<span class=\"screen-reader-text\"> \u00abFernando VII el fel\u00f3n.\u00bb<\/span><\/a><\/p>\n","protected":false},"author":168,"featured_media":0,"comment_status":"open","ping_status":"open","sticky":false,"template":"","format":"standard","meta":{"ngg_post_thumbnail":0,"footnotes":""},"categories":[224378,224380],"tags":[224423,224600,224659,224862,224898],"aioseo_notices":[],"_links":{"self":[{"href":"https:\/\/blogsaverroes.juntadeandalucia.es\/aldeacordoba\/index.php?rest_route=\/wp\/v2\/posts\/224"}],"collection":[{"href":"https:\/\/blogsaverroes.juntadeandalucia.es\/aldeacordoba\/index.php?rest_route=\/wp\/v2\/posts"}],"about":[{"href":"https:\/\/blogsaverroes.juntadeandalucia.es\/aldeacordoba\/index.php?rest_route=\/wp\/v2\/types\/post"}],"author":[{"embeddable":true,"href":"https:\/\/blogsaverroes.juntadeandalucia.es\/aldeacordoba\/index.php?rest_route=\/wp\/v2\/users\/168"}],"replies":[{"embeddable":true,"href":"https:\/\/blogsaverroes.juntadeandalucia.es\/aldeacordoba\/index.php?rest_route=%2Fwp%2Fv2%2Fcomments&post=224"}],"version-history":[{"count":0,"href":"https:\/\/blogsaverroes.juntadeandalucia.es\/aldeacordoba\/index.php?rest_route=\/wp\/v2\/posts\/224\/revisions"}],"wp:attachment":[{"href":"https:\/\/blogsaverroes.juntadeandalucia.es\/aldeacordoba\/index.php?rest_route=%2Fwp%2Fv2%2Fmedia&parent=224"}],"wp:term":[{"taxonomy":"category","embeddable":true,"href":"https:\/\/blogsaverroes.juntadeandalucia.es\/aldeacordoba\/index.php?rest_route=%2Fwp%2Fv2%2Fcategories&post=224"},{"taxonomy":"post_tag","embeddable":true,"href":"https:\/\/blogsaverroes.juntadeandalucia.es\/aldeacordoba\/index.php?rest_route=%2Fwp%2Fv2%2Ftags&post=224"}],"curies":[{"name":"wp","href":"https:\/\/api.w.org\/{rel}","templated":true}]}}