{"id":240,"date":"2015-01-16T09:23:44","date_gmt":"2015-01-16T08:23:44","guid":{"rendered":"https:\/\/jmoragahc.wordpress.com\/?p=143"},"modified":"2015-01-16T09:23:44","modified_gmt":"2015-01-16T08:23:44","slug":"albania-recorrido-por-la-ex-corea-del-norte-europea","status":"publish","type":"post","link":"https:\/\/blogsaverroes.juntadeandalucia.es\/aldeacordoba\/?p=240","title":{"rendered":"Albania, recorrido por la ex-Corea del Norte Europea."},"content":{"rendered":"<p><img loading=\"lazy\" decoding=\"async\" class=\" aligncenter\" src=\"http:\/\/revistadehistoria.es\/wp-content\/uploads\/2014\/11\/albanian-bs-enver-hoxha-500x400.jpg\" alt=\"\" width=\"500\" height=\"400\" \/><\/p>\n<p>Fuente: <a href=\"http:\/\/revistadehistoria.es\" target=\"_blank\" rel=\"noopener noreferrer\"><em><strong>Revista de Historia.<\/strong><\/em><\/a> Publicado el 27\/11\/2014.<\/p>\n<p>Autor: <strong>David Garc\u00eda Guti\u00e9rrez.<\/strong><\/p>\n<div id=\"contentwrap\">\n<div id=\"content\" class=\"list-post\">\n<article id=\"post-2737\" class=\"post-2737 post type-post status-publish format-standard has-post-thumbnail hentry category-historia-contemporanea clearfix cat-32 has-post-title has-post-date has-post-category has-post-tag has-post-comment no-post-author\">\n<div class=\"post-content\">\n<div class=\"entry-content\">\n<p class=\"wp-image-3308 size-full\">En 1991, la Albania de <a title=\"Enver Hoxha\" href=\"http:\/\/es.wikipedia.org\/wiki\/Enver_Hoxha\" target=\"_blank\" rel=\"noopener noreferrer\">Enver Hoxha<\/a> ten\u00eda un PNB (Producto Nacional Bruto) por habitante que se situaba en torno al puesto 150 mundial; en otras palabras, un pa\u00eds al nivel de Yemen, Costa de Marfil, Mongolia o Zambia. En cuanto a la mortalidad infantil, indicador cl\u00e1sico de desarrollo socioecon\u00f3mico, Albania, con un 44% se manten\u00eda a una considerable distancia de la media europea, el 11%.<\/p>\n<p><!--more--><\/p>\n<p>Ese mismo a\u00f1o de 1991, <a title=\"Albania\" href=\"http:\/\/es.wikipedia.org\/wiki\/Albania\" target=\"_blank\" rel=\"noopener noreferrer\">Albania<\/a> se despide de un gobierno con el que hab\u00eda convivido durante cuarenta y siete a\u00f1os, desde la etapa final de la Segunda Guerra Mundial. De un r\u00e9gimen que restring\u00eda cualquier actividad econ\u00f3mica por peque\u00f1a que sea, en el cual no se pod\u00eda comerciar ni pedir limosna.<\/p>\n<p><a href=\"http:\/\/revistadehistoria.es\/wp-content\/uploads\/2014\/11\/hoxha-en-monte.jpg\" target=\"_blank\" rel=\"noopener noreferrer\"><img loading=\"lazy\" decoding=\"async\" class=\"wp-image-2754 size-medium\" style=\"border:1px solid #000000;margin-top:10px;margin-bottom:10px\" src=\"http:\/\/revistadehistoria.es\/wp-content\/uploads\/2014\/11\/hoxha-en-monte-300x268.jpg\" alt=\"Enver Hoxha\" width=\"300\" height=\"268\" \/><\/a><\/p>\n<p class=\"wp-caption-text\">Enver Hoxha<\/p>\n<\/div>\n<p>Un r\u00e9gimen que prohib\u00eda la caza y la pesca, as\u00ed como el tener posesi\u00f3n de un arma de fuego, hecho habitual en los albaneses antes de 1945. Tambi\u00e9n, por pura coherencia, se penalizaba el uso de instrumentos de pesca. Un r\u00e9gimen que denegaba la existencia de coches privados, y, peor a\u00fan, de una barca personal, pues pod\u00eda ser interpretado por el Estado como un intento de huida hacia el extranjero. Muy habitual en los \u00faltimos a\u00f1os, especialmente a la cercana Italia. Un r\u00e9gimen que reprim\u00eda cualquier pr\u00e1ctica religiosa; eran fundamentalistas ateos. Por \u00faltimo, un r\u00e9gimen que atacaba todo aquel osado con cabellos largos, barba, gafas de sol, minifalda. Cualquier moda occidental.<\/p>\n<p>Hacemos referencia al r\u00e9gimen comunista de uno de los mayores d\u00e9spotas del siglo XX, Enver Hoxha, el autoproclamado \u201c\u00faltimo sostenedor del aut\u00e9ntico marxismo-leninismo\u201d. No se equivocaba, como veremos.<\/p>\n<h2><strong>La Albania\u00a0anterior al comunismo<\/strong><\/h2>\n<p>Albania, el pa\u00eds de las \u00e1guilas, hist\u00f3ricamente una de las naciones m\u00e1s pobres y rec\u00f3nditas de Europa, la percibimos desde nuestra imagen occidental como un peque\u00f1o rinc\u00f3n de Europa abandonado y desamparado. Aunque, en definitiva, nos resulta un pa\u00eds totalmente irreconocible. Irreconocible es tambi\u00e9n su lengua, ni eslava ni griega, cuya antig\u00fcedad solo es comparable a la del euskera, as\u00ed como su origen \u00e9tnico incierto; los albanases, por otra parte, dicen ser descendientes directos de los <a title=\"Ilirios\" href=\"http:\/\/es.wikipedia.org\/wiki\/Ilirios\" target=\"_blank\" rel=\"noopener noreferrer\">ilirios<\/a>, pueblo indoeuropeo procedente de los Balcanes. Dada su situaci\u00f3n geopol\u00edtica, en la pen\u00ednsula balc\u00e1nica, con acceso al mar Adri\u00e1tico y J\u00f3nico, el territorio alban\u00e9s fue ocupado por el imperio otomano durante cinco siglos, motivo por el cual grupos de albaneses se convirtieron del cristianismo al islam. Actualmente, el 58% de la poblaci\u00f3n se declara musulm\u00e1n, mientras que el 17% es cristiano. Todo ello hace de los albanases un pueblo singular en los Balcanes.<\/p>\n<div class=\"mceTemp\">\n<figure id=\"attachment_2757\" aria-describedby=\"caption-attachment-2757\" style=\"width: 304px\" class=\"wp-caption aligncenter\"><a href=\"http:\/\/revistadehistoria.es\/wp-content\/uploads\/2014\/11\/albano_soldado.jpg\"><img loading=\"lazy\" decoding=\"async\" class=\"wp-image-2757\" src=\"http:\/\/revistadehistoria.es\/wp-content\/uploads\/2014\/11\/albano_soldado-215x300.jpg\" alt=\"Soldados Albanos\" width=\"304\" height=\"424\" \/><\/a><figcaption id=\"caption-attachment-2757\" class=\"wp-caption-text\">Soldados Albanos<\/figcaption><\/figure>\n<\/div>\n<p>Para comprender la Albania comunista de Enver Hoxha es necesario rememorar la historia de los albaneses, donde la\u00a0 subyugaci\u00f3n a fuerzas externas ha sido una constante. A los otomanos tenemos que sumar, en el siglo XX \u2013una vez constituido el Estado alban\u00e9s-, el inter\u00e9s de yugoslavos, griegos, italianos y, finalmente, alemanes, en ocupar las tierras albanesas.<\/p>\n<p>Ello explica el esp\u00edritu belicoso del pueblo alban\u00e9s y su consciencia de pueblo constantemente amenazado, aunque tenemos que a\u00f1adir un factor sustancial para comprenderlo en su totalidad. Albania, al igual que los dem\u00e1s pueblos balc\u00e1nicos, reivindica un espacio soberano m\u00e1s extenso \u00e9tnicamente homog\u00e9neo: la <a title=\"La Gran Albania\" href=\"http:\/\/es.wikipedia.org\/wiki\/Gran_Albania\" target=\"_blank\" rel=\"noopener noreferrer\">Gran Albania<\/a>. En 1944, los partisanos comunistas liderados por Hoxha tomar\u00edan el control de Tirana, capital de Albania; un pa\u00eds, al finalizar la Segunda Guerra Mundial, eminentemente rural y analfabeto. Nacer\u00eda un Estado comunista que, debido a su historia sumisa y a su realidad m\u00edsera, protagonizar\u00eda un peculiar sistema de alianzas y una evoluci\u00f3n pol\u00edtica hacia el hermetismo que merece un an\u00e1lisis.<\/p>\n<div class=\"mceTemp\">\n<figure id=\"attachment_2742\" aria-describedby=\"caption-attachment-2742\" style=\"width: 222px\" class=\"wp-caption aligncenter\"><a href=\"http:\/\/revistadehistoria.es\/wp-content\/uploads\/2014\/11\/Ethnic_albania.jpg\"><img loading=\"lazy\" decoding=\"async\" class=\"wp-image-2742 size-medium\" src=\"http:\/\/revistadehistoria.es\/wp-content\/uploads\/2014\/11\/Ethnic_albania-222x300.jpg\" alt=\"Mapa de La Gran Albania\" width=\"222\" height=\"300\" \/><\/a><figcaption id=\"caption-attachment-2742\" class=\"wp-caption-text\">Mapa de La Gran Albania<\/figcaption><\/figure>\n<\/div>\n<h2><strong>Albania comunista<\/strong><\/h2>\n<p>Yugoslavia, situada al norte de Albania, tambi\u00e9n hab\u00eda vencido a las fuerzas externas gracias a los partisanos comunistas yugoslavos dirigidos por <a title=\"Josip Broz Tito\" href=\"http:\/\/es.wikipedia.org\/wiki\/Josip_Broz_Tito\" target=\"_blank\" rel=\"noopener noreferrer\">Josip Broz Tito<\/a>. La decisiva ayuda que \u00e9stos ofrecieron a sus camaradas albaneses sirvi\u00f3 de pretexto para que la reci\u00e9n creada Rep\u00fablica Popular de Albania se constituyera como un pa\u00eds sat\u00e9lite de Yugoslavia. Ambos pa\u00edses compart\u00edan un sistema monetario y una uni\u00f3n aduanera; incluso, se empez\u00f3 a estudiar serbo-croata en las escuelas albanesas. R\u00e1pidamente, dentro del reci\u00e9n organizado Partido del Trabajo de Albania surgieron las primeras diferencias entorno a las pretensiones reales del vecino norte\u00f1o. Altos cargos del partido ve\u00edan con buenos ojos la progresiva influencia yugoslava, llegando a contemplar la anexi\u00f3n a \u00e9sta como una s\u00e9ptima rep\u00fablica, objetivo que Tito estimulaba. Por otra parte, el otro bando, liderado por Enver Hoxha, era contrario a esta posible uni\u00f3n, recalcando que el prop\u00f3sito de Yugoslavia con Albania era el de su aprovechamiento econ\u00f3mico.<\/p>\n<div class=\"mceTemp\">\n<figure id=\"attachment_2750\" aria-describedby=\"caption-attachment-2750\" style=\"width: 453px\" class=\"wp-caption aligncenter\"><a href=\"http:\/\/revistadehistoria.es\/wp-content\/uploads\/2014\/11\/Albania_Stalin.jpg\"><img loading=\"lazy\" decoding=\"async\" class=\"wp-image-2750\" src=\"http:\/\/revistadehistoria.es\/wp-content\/uploads\/2014\/11\/Albania_Stalin-300x147.jpg\" alt=\"Ensalzamiento alban\u00e9s de Stalin\" width=\"453\" height=\"222\" \/><\/a><figcaption id=\"caption-attachment-2750\" class=\"wp-caption-text\">Ensalzamiento alban\u00e9s de Stalin<\/figcaption><\/figure>\n<\/div>\n<p>El liderazgo de Hoxha era discutido ante el despliegue pol\u00edtico de la facci\u00f3n pro-yugoslava, pero en 1948 tuvo lugar un acontecimiento que significar\u00eda su salvaci\u00f3n: Yugoslavia fue expulsada de la Kominform dadas las desavenencias entre Stalin y Tito, el cual quer\u00eda formar una Federaci\u00f3n Balc\u00e1nica independiente a la que el l\u00edder sovi\u00e9tico se opon\u00eda. Enver Hoxha se hall\u00f3 con el suficiente apoyo pol\u00edtico, en este caso sovi\u00e9tico, para anular los acuerdos econ\u00f3micos bilaterales con Belgrado y poner en marcha una campa\u00f1a anti-yugoslava con la finalidad de transformar a <a title=\"Jos\u00e9 Stalin\" href=\"http:\/\/es.wikipedia.org\/wiki\/I%C3%B3sif_Stalin\" target=\"_blank\" rel=\"noopener noreferrer\">I\u00f3sif Stalin<\/a> en un h\u00e9roe nacional alban\u00e9s, a Hoxha en un guerrero contra la agresi\u00f3n extranjera y a Tito en un monstruo imperialista. As\u00ed pues, para no ser devorados por Tito, Albania sigui\u00f3 el camino sovi\u00e9tico-estalinista.<\/p>\n<p>Pero en marzo de 1953 la coyuntura volver\u00eda a dar un giro tras la muerte de Stalin, a los 73 a\u00f1os de edad, al perder Enver Hoxha a su emblema pol\u00edtico. El sucesor sovi\u00e9tico, <a title=\"Nikita Kruschev\" href=\"http:\/\/es.wikipedia.org\/wiki\/Nikita_Jrushchov\" target=\"_blank\" rel=\"noopener noreferrer\">Nikita Kruschev<\/a>, no calmar\u00eda la ansiedad del l\u00edder alban\u00e9s. En primer lugar, porque Kruschev crey\u00f3 oportuno reconducir las relaciones entre Mosc\u00fa y Belgrado. En segundo lugar, porque el nuevo l\u00edder sovi\u00e9tico, en su intento por acabar con todo resquicio posible de estalinismo, insisti\u00f3 en los \u201cdiferentes caminos hacia el socialismo\u201d, as\u00ed como en la \u201cpol\u00edtica de coexistencia pac\u00edfica\u201d, a la vez que acusaba a Stalin de una \u201ccrueldad arbitraria\u201d. Para Hoxha, todo ello significaba una amenaza para la seguridad de su Estado, por lo que el deterioro del v\u00ednculo entre Tirana y Mosc\u00fa fue agrav\u00e1ndose, pese a los esfuerzos de Kruschev de mantener a su \u2013a\u00fan- aliado. Si Yugoslavia y la URSS no pod\u00edan ser socios de Albania, \u00bfqu\u00e9 pa\u00eds pod\u00eda serlo? Evidentemente, deber\u00eda de tratarse de un pa\u00eds marcadamente estalinista. Lo encontrar\u00edan en el extremo oriente.<\/p>\n<h2>Girando hacia el modelo Chino<\/h2>\n<p>Tras la muerte de Stalin, la crisis entre la URSS y la China comunista de <a title=\"Mao Zedong\" href=\"http:\/\/es.wikipedia.org\/wiki\/Mao_Zedong\" target=\"_blank\" rel=\"noopener noreferrer\">Mao Z\u00e9dong <\/a>se hizo patente. Mao, adepto de Stalin pese a su diferente interpretaci\u00f3n del marxismo, no pod\u00eda tolerar la desestalinizaci\u00f3n y el revisionismo marxista que se estaba produciendo en la URSS; Kruschev, por su parte, critic\u00f3 la eficacia del Gran Salto Adelante chino.<\/p>\n<div class=\"mceTemp\">\n<figure id=\"attachment_2749\" aria-describedby=\"caption-attachment-2749\" style=\"width: 415px\" class=\"wp-caption aligncenter\"><a href=\"http:\/\/revistadehistoria.es\/wp-content\/uploads\/2014\/11\/Mao-Hoxha_CR_Poster.jpg\"><img loading=\"lazy\" decoding=\"async\" class=\"wp-image-2749\" src=\"http:\/\/revistadehistoria.es\/wp-content\/uploads\/2014\/11\/Mao-Hoxha_CR_Poster-300x208.jpg\" alt=\"Mao y Hoxha\" width=\"415\" height=\"288\" \/><\/a><figcaption id=\"caption-attachment-2749\" class=\"wp-caption-text\">Mao y Hoxha<\/figcaption><\/figure>\n<\/div>\n<p>En 1960, cuando este enfrentamiento se hizo manifiestamente p\u00fablico, Enver Hoxha vio el momento oportuno de cambiar nuevamente de aliado apoyando al r\u00e9gimen de Pek\u00edn, lo que signific\u00f3 la cancelaci\u00f3n de cualquier acuerdo por parte de Mosc\u00fa. Para China, Albania era su \u00fanica voz en la Europa oriental y, de mayor importancia aun, en la ONU, por lo que le interesaba establecer esta coalici\u00f3n. Pese al inicial entusiasmo alban\u00e9s tras su acuerdo con una potencia mundial estalinista, los cr\u00e9ditos de China ascendieron s\u00f3lo a una quinta parte de los cr\u00e9ditos sovi\u00e9ticos anteriores, por lo que el impacto causado por la ruptura con Mosc\u00fa en las finanzas de Albania fue severo, lo que oblig\u00f3 al gobierno a adoptar una pol\u00edtica de estricta austeridad. Cosas de la Historia, la barrera del idioma oblig\u00f3 a los t\u00e9cnicos chinos y albaneses a comunicarse en ruso, en el idioma del pa\u00eds del que se hab\u00edan disociado. Finalmente, en 1970 las relaciones sino-albanesas se estancaron, y vieron su fin en 1978 tras una d\u00e9cada de distanciamiento. Esta vez el motivo \u00faltimo fue el progresivo acercamiento entre China y EEUU, promovido por Mao como contrapeso \u00fatil ante la amenaza sovi\u00e9tica. Enver Hoxha no pod\u00eda consentirlo.<\/p>\n<h2>Hacia la Albania actual<\/h2>\n<p>As\u00ed pues, a partir de 1978, la Rep\u00fablica Popular de Albania se convertir\u00eda en un Estado aislado internacionalmente, pese a los intentos fracasados de expandir sus lazos diplom\u00e1ticos con otras naciones de la Europa Occidental y con pa\u00edses no alineados del Tercer Mundo. Imposible mencionar un caso de reclusi\u00f3n pol\u00edtico y, por consiguiente, de m\u00e1xima autosuficiencia, como el que implant\u00f3 Albania parecido en Europa, y solo se nos ocurre uno en el mundo: en la Corea del Norte presente.<\/p>\n<figure style=\"width: 300px\" class=\"wp-caption aligncenter\"><img loading=\"lazy\" decoding=\"async\" src=\"http:\/\/revistadehistoria.es\/wp-content\/uploads\/2014\/11\/871-Vlora-Independence-Monument-01-28-11-11-300x225.jpg\" alt=\"\" width=\"300\" height=\"225\" \/><figcaption class=\"wp-caption-text\">Monumento a la Independencia de Albania<\/figcaption><\/figure>\n<p>&nbsp;<\/p>\n<p>Entre 1978 y 1991, a\u00f1o en que tienen lugar las primeras elecciones multipartidistas de la historia de Albania, la situaci\u00f3n social y econ\u00f3mica es la que hemos intentado mostrar en los dos primeros p\u00e1rrafos del art\u00edculo: de rezagamiento y escasez. Enver Hoxha, que muri\u00f3 en 1985 \u2013siendo su sustituto <a title=\"Ramiz Alia\" href=\"http:\/\/es.wikipedia.org\/wiki\/Ramiz_Alia\" target=\"_blank\" rel=\"noopener noreferrer\">Ramiz Alia<\/a> entre 1985 y 1991-, fue v\u00edctima de su preocupaci\u00f3n por la soberan\u00eda nacional, siendo el hecho de querer mantener su autoridad el factor clave para determinar la pol\u00edtica exterior de Albania. La ansiedad, inquietud y recelo del l\u00edder alban\u00e9s, pues, est\u00e1 auto-justificada por la amenaza potencial de sus vecinos depredadores; Albania, se convirti\u00f3, as\u00ed, en el estandarte estalinista que recelaba de los imperialista del Oeste y de los revisionistas del Este. Como dec\u00edamos anteriormente, \u00e9l es heredero de una historia sumisa y una realidad m\u00edsera.<\/p>\n<h2>Albania Hoy<\/h2>\n<p class=\"wp-image-3308 size-full\">En la actualidad Albania es una democracia parlamentaria con una econom\u00eda en estado de transici\u00f3n, cuyas reformas para crear un mercado libre han abierto por fin el pa\u00eds a la inversi\u00f3n extranjera, empezando a desarrollar ya infraestructuras tanto energ\u00e9ticas como de transporte y siendo ya candidata para la adhesi\u00f3n a la Uni\u00f3n Europea, cuyo ingreso solicit\u00f3 formalmente en abril de 2009.<\/p>\n<\/div>\n<\/div>\n<\/article>\n<\/div>\n<\/div>\n<p>&nbsp;<\/p>\n","protected":false},"excerpt":{"rendered":"<p>Fuente: Revista de Historia. Publicado el 27\/11\/2014. Autor: David Garc\u00eda Guti\u00e9rrez. En 1991, la Albania de Enver Hoxha ten\u00eda un PNB (Producto Nacional Bruto) por habitante que se situaba en torno al puesto 150 mundial; en otras palabras, un pa\u00eds al nivel de Yemen, Costa de Marfil, Mongolia o Zambia. En cuanto a la mortalidad &hellip; <a href=\"https:\/\/blogsaverroes.juntadeandalucia.es\/aldeacordoba\/?p=240\" class=\"more-link\">Continuar leyendo<span class=\"screen-reader-text\"> \u00abAlbania, recorrido por la ex-Corea del Norte Europea.\u00bb<\/span><\/a><\/p>\n","protected":false},"author":168,"featured_media":0,"comment_status":"open","ping_status":"open","sticky":false,"template":"","format":"standard","meta":{"ngg_post_thumbnail":0,"footnotes":""},"categories":[224394],"tags":[224414,224499,224572,224755,224914],"aioseo_notices":[],"_links":{"self":[{"href":"https:\/\/blogsaverroes.juntadeandalucia.es\/aldeacordoba\/index.php?rest_route=\/wp\/v2\/posts\/240"}],"collection":[{"href":"https:\/\/blogsaverroes.juntadeandalucia.es\/aldeacordoba\/index.php?rest_route=\/wp\/v2\/posts"}],"about":[{"href":"https:\/\/blogsaverroes.juntadeandalucia.es\/aldeacordoba\/index.php?rest_route=\/wp\/v2\/types\/post"}],"author":[{"embeddable":true,"href":"https:\/\/blogsaverroes.juntadeandalucia.es\/aldeacordoba\/index.php?rest_route=\/wp\/v2\/users\/168"}],"replies":[{"embeddable":true,"href":"https:\/\/blogsaverroes.juntadeandalucia.es\/aldeacordoba\/index.php?rest_route=%2Fwp%2Fv2%2Fcomments&post=240"}],"version-history":[{"count":0,"href":"https:\/\/blogsaverroes.juntadeandalucia.es\/aldeacordoba\/index.php?rest_route=\/wp\/v2\/posts\/240\/revisions"}],"wp:attachment":[{"href":"https:\/\/blogsaverroes.juntadeandalucia.es\/aldeacordoba\/index.php?rest_route=%2Fwp%2Fv2%2Fmedia&parent=240"}],"wp:term":[{"taxonomy":"category","embeddable":true,"href":"https:\/\/blogsaverroes.juntadeandalucia.es\/aldeacordoba\/index.php?rest_route=%2Fwp%2Fv2%2Fcategories&post=240"},{"taxonomy":"post_tag","embeddable":true,"href":"https:\/\/blogsaverroes.juntadeandalucia.es\/aldeacordoba\/index.php?rest_route=%2Fwp%2Fv2%2Ftags&post=240"}],"curies":[{"name":"wp","href":"https:\/\/api.w.org\/{rel}","templated":true}]}}