{"id":246,"date":"2015-02-07T12:06:47","date_gmt":"2015-02-07T11:06:47","guid":{"rendered":"https:\/\/jmoragahc.wordpress.com\/?p=163"},"modified":"2015-02-07T12:06:47","modified_gmt":"2015-02-07T11:06:47","slug":"ucrania-de-la-independencia-de-rusia-a-la-invasion-sovietica-de-1919","status":"publish","type":"post","link":"https:\/\/blogsaverroes.juntadeandalucia.es\/aldeacordoba\/?p=246","title":{"rendered":"Ucrania, de la independencia de Rusia a la invasi\u00f3n sovi\u00e9tica de 1919."},"content":{"rendered":"<p><img loading=\"lazy\" decoding=\"async\" class=\" aligncenter\" src=\"http:\/\/estaticos04.elmundo.es\/assets\/multimedia\/imagenes\/2015\/02\/03\/14229667968117.jpg\" alt=\"\" width=\"657\" height=\"451\" \/><\/p>\n<p>&nbsp;<\/p>\n<p>Fuente: El Mundo, 5\/02\/2015.<\/p>\n<p>Autor: FRANCISCO HERRANZ. Este art\u00edculo de Francisco Herranz fue publicado en el n\u00famero 192 de <em>La aventura de la historia<\/em><\/p>\n<p>&nbsp;<\/p>\n<div id=\"tamano\" class=\"tamano\">\n<p>Como dijo Kant \u00abla guerra es nefanda, porque hace m\u00e1s hombres malos que los que mata\u00bb. Este adagio es perfectamente aplicable a los protagonistas, an\u00f3nimos o no, del conflicto armado que se est\u00e1 desarrollando en el este de Ucrania entre las tropas regulares ucranianas y las milicias prorrusas secesionistas establecidas en Donetsk y Luhansk.<\/p>\n<p><!--more--><\/p>\n<p>Una de las causas m\u00e1s evidentes de esta guerra es la propia historia contempor\u00e1nea de Ucrania, <strong>un territorio <em>buffer<\/em> encajonado entre distintos imperios<\/strong> europeos -Austria-Hungr\u00eda, Rusia, Alemania, la Uni\u00f3n Sovi\u00e9tica- que ha ido pasando de mano en mano de unos y otros a lo largo de los a\u00f1os, fruto de guerras, alianzas contra natura y acuerdos de paz.<\/p>\n<div class=\"sumario col-2b izquierda\">\n<blockquote><p>Pueden observarse paralelismos entre los acontecimientos actuales y el per\u00edodo de 1917 a 1922.<\/p><\/blockquote>\n<\/div>\n<p>Examinando el tumultuoso periodo que se extiende <strong>desde 1917 hasta 1922<\/strong>, podemos entender un poco mejor sus antecedentes hist\u00f3ricos e incluso apreciar curiosos paralelismos con los acontecimientos actuales.<\/p>\n<p>Cuando arranca la nueva centuria, la <strong>regi\u00f3n oriental <\/strong>de la actual Ucrania forma parte del <strong>Imperio Ruso<\/strong>, mientras que una <strong>gran parte de la Galitzia<\/strong> -el territorio occidental de la moderna Ucrania, cuya capital se asienta en Lviv (en ucraniano) Lvov (en ruso), Lw\u00f3w (en polaco) y Lemberg (en alem\u00e1n)- pertenece a los <strong>austro-h\u00fangaros<\/strong>, quienes a su vez la hab\u00edan &#8216;heredado&#8217; de los polacos en el XVIII. El reino de Galitzia y Lodomeria, cuyos l\u00edmites ahora se reparten, adem\u00e1s de Ucrania, tambi\u00e9n Polonia y Ruman\u00eda, ya hab\u00eda disfrutado de cierto grado de autonom\u00eda en relaci\u00f3n con el Gobierno de Viena.<\/p>\n<p>Con la <strong>I Guerra Mundial <\/strong>como violento tel\u00f3n de fondo y espoleados por la Revoluci\u00f3n de Febrero de 1917 en Rusia, que supone la abdicaci\u00f3n de Nicol\u00e1s II, los ucranianos de Kiev exigen de Petrogrado m\u00e1s independencia, y en marzo de ese a\u00f1o constituyen la <strong>Tseltralnaya Rada<\/strong> (Rada o Parlamento Central), una <strong>c\u00e1mara legislativa ucraniana <\/strong>controlada por grupos socialistas. Mientras paralelamente se liquidan los \u00f3rganos del poder zarista y se forma el embri\u00f3n del Ej\u00e9rcito nacional ucraniano, la Rada Central da algunos pasos normativos fundamentales.<\/p>\n<div class=\"sumario col-2b derecha\">\n<blockquote><p>La Tercera Proclama Universal constituye la Rep\u00fablica Popular de Ucrania.<\/p><\/blockquote>\n<\/div>\n<p>As\u00ed, la <strong>Primera Proclama Universal<\/strong> (del 23 de junio de 1917) establece la autonom\u00eda de Ucrania dentro de Rusia. Pero en Petrogrado se desata un golpe de Estado: es la Revoluci\u00f3n de Octubre.<\/p>\n<p>Los bolcheviques toman el poder en algunas ciudades ucranianas del frente y comienza una<strong> guerra civil <\/strong>entre los simpatizantes del poder sovi\u00e9tico y los partidarios del gobierno provisional ruso.<\/p>\n<p>Al principio la Rada Central se declara neutral, pero pronto opta por desempe\u00f1ar un papel mucho m\u00e1s activo y consigue mantener bajo su control a la mayor\u00eda de las regiones de Ucrania. En l\u00ednea con la creaci\u00f3n de un Estado propio, la Rada establece el 20 de noviembre de 1917 la <strong>Tercera Proclama Universal<\/strong>, que crea la <strong>Rep\u00fablica Popular de Ucrania<\/strong>, a\u00fan sin romper los lazos federativos con Rusia.<\/p>\n<p>Tambi\u00e9n se establecen una serie de <strong>principios democr\u00e1ticos<\/strong> como la libertad de expresi\u00f3n, prensa, credo, reuni\u00f3n, asociaci\u00f3n y huelga; se deroga la pena de muerte y la propiedad privada de la tierra que pasa a ser nacionalizada; se decreta una jornada laboral de ocho horas diarias. Dentro de su territorio se configuran nueve <em>gubernias<\/em>, sin incluir la pen\u00ednsula de Crimea.<\/p>\n<h2 class=\"ladillo\">\u00abAgresi\u00f3n\u00bb bolchevique<\/h2>\n<p>Despu\u00e9s de que los bolcheviques apoyaran militarmente a sus camaradas ucranianos y crearan una rep\u00fablica ucraniana rival con sede en la ciudad oriental de Jarkov (Jarkiv en ucraniano), los diputados de Kiev declaran, con fecha del 22 de enero de 1918, la independencia y la soberan\u00eda de la Rep\u00fablica Popular de Ucrania, <strong>rompen sus v\u00ednculos con Rusia<\/strong>, condenan la \u00abagresi\u00f3n\u00bb bolchevique, movilizan sus tropas y dan al poder ejecutivo poderes para iniciar negociaciones de paz \u00abcompletamente independientes\u00bb con Alemania y sus aliados.<\/p>\n<p>Los uniformados adeptos al parlamento ucraniano tienen <strong>muy poca potencia de choque<\/strong> frente al empuje de las tropas del gobierno de Jarkiv, que cuenta con hombres y pertrechos procedentes de la Rusia sovi\u00e9tica. Ceden terreno en Poltava y las actuales Zaporizhia y Dniepropetrovsk. El 9 de febrero de 1918 los Guardias Rojos entran en las calles de Kiev y la Rada Central tiene que ser evacuada a Zhytomyr.<\/p>\n<p>Conscientes de la inminente derrota, la Rada busca desesperadamente una <strong>tregua con Alemania<\/strong> e incluso negocia una alianza que es aceptada por Berl\u00edn en el <strong>Primer Tratado de Brest-Litovsk<\/strong>, firmado el 9 de febrero de 1918. Armisticio, a cambio de suministros expropiados a los campesinos.<\/p>\n<div class=\"sumario col-2b izquierda\">\n<blockquote><p>En 1918 los diputados de Kiev rompen sus v\u00ednculos con Rusia e intentan negociar la paz con Alemania.<\/p><\/blockquote>\n<\/div>\n<p>Las tropas germanas y austro-h\u00fangaras atacan a los bolcheviques y recuperan Kiev el 1 de marzo. Dos d\u00edas despu\u00e9s,<strong> Lenin suscribe el Tratado de Brest-Litovsk<\/strong> que pone fin a las hostilidades en el Frente Oriental y deja a Ucrania bajo control alem\u00e1n.<\/p>\n<p>Mientras las regiones orientales siguen viviendo disturbios, el ex general zarista de orientaci\u00f3n conservadora <strong>Pavlo Skoropadsky<\/strong> lidera el 29 de abril un golpe de Estado contra la Rada que es apoyado por los alemanes ocupantes. Skoropadsky proclama el llamado Atamanato y recorta libertades y derechos hasta entonces promulgados.<\/p>\n<p>La aventura dura hasta noviembre cuando <strong>Alemania sucumbe derrotada en el Frente Occidental<\/strong>, lo que implica su repliegue de Kiev. Eso desencadena la ca\u00edda en desgracia de Skoropadsky -quien sol\u00eda vestir como un cosaco- y el triunfo de un Directorio de corte socialista, que restablece la Rep\u00fablica Popular de Ucrania. Pero <strong>Lenin<\/strong> entonces anula el Tratado de Brest-Litovsk e<strong> invade de nuevo Ucrania<\/strong>.<\/p>\n<p>El <strong>desmoronamiento de Alemania<\/strong> tiene efectos casi inmediatos en la provincia austro-h\u00fangara de Galitzia, habitada mayoritariamente por ucranianos y polacos. Los primeros proclaman la Rep\u00fablica Popular de Ucrania Occidental en la Galitzia oriental y sue\u00f1an con unirse a la <strong>Rep\u00fablica Popular de Ucrania<\/strong>; los segundos, sin embargo, muestran su lealtad a la reci\u00e9n creada <strong>Rep\u00fablica de Polonia<\/strong>.<\/p>\n<p>Las dos entidades ucranianas firman la llamada<strong> Acta de Uni\u00f3n<\/strong> el 22 de enero de 1919, una decisi\u00f3n casi simb\u00f3lica pues a ambos territorios s\u00f3lo les une en realidad el idioma y las tradiciones: se rigen por normativas distintas, tienen gobiernos y ej\u00e9rcitos diferentes y combaten a enemigos separados.<\/p>\n<h2 class=\"ladillo\">Est\u00e9riles guerrillas<\/h2>\n<p>A principios de 1919, los bolcheviques lanzan una nueva y potente ofensiva en el este y el centro del pa\u00eds. Kiev vuelve a caer en manos del Ej\u00e9rcito Rojo en febrero, donde <strong>se restaura la Rep\u00fablica Socialista Sovi\u00e9tica de Ucrania<\/strong> ya en marzo.<\/p>\n<p>Vi\u00e9ndose perdido, el Directorio ucraniano se vuelve hacia sus antiguos adversarios, esta vez los polacos, con quienes firman en 1920 un <strong>acuerdo militar <\/strong>para atacar de forma conjunta a las fuerzas sovi\u00e9ticas. As\u00ed, logran recuperar Kiev en la abril de ese a\u00f1o.<\/p>\n<p>Entre el 12 y el 25 de agosto se produce la<strong> batalla de Varsovia<\/strong>, decisiva en la guerra ruso-polaca, pues los sovi\u00e9ticos sufren a las puertas de la ciudad un aparatosa derrota que asegurar\u00eda la independencia de Polonia y delimitar\u00eda sus fronteras en el periodo de entreguerras.<\/p>\n<div class=\"sumario col-6\">\n<div class=\"foto\">\n<figure style=\"width: 545px\" class=\"wp-caption aligncenter\"><img loading=\"lazy\" decoding=\"async\" class=\"\" style=\"border:1px solid #000000;margin-top:10px;margin-bottom:10px\" src=\"http:\/\/estaticos01.elmundo.es\/assets\/multimedia\/imagenes\/2015\/02\/03\/14229770957727.jpg\" alt=\"\" width=\"545\" height=\"383\" \/><figcaption class=\"wp-caption-text\">A principios de 1919, los bolcheviques lanzan una nueva y potente ofensiva en el este y centro del pa\u00eds.<\/figcaption><\/figure>\n<\/div>\n<p>&nbsp;<\/p>\n<\/div>\n<p>Finalmente,<strong> los bolcheviques piden una tregua<\/strong> a los polacos gracias a un c\u00famulo de circunstancias: la terrible crisis econ\u00f3mica interna que padece Rusia, las derrotas en el campo de batalla y, sobre todo, el ataque lanzado en Ucrania por las tropas blancas que a\u00fan luchan en la guerra civil rusa.<\/p>\n<p>El 18 de marzo de 1921 Polonia rubrica el <strong>Tratado de Paz de Riga <\/strong>con la Rusia y la Ucrania sovi\u00e9ticas, obteniendo amplias zonas nuevas en la actual Bielorrusia. Por otro lado, eso deja a los pies de los caballos a la Rep\u00fablica Popular de Ucrania. V\u00edctima del destino, derrotado y traicionado, el Directorio se lanza a una guerra de guerrillas est\u00e9ril hasta que sus \u00faltimas unidades son destruidas en noviembre.<\/p>\n<p>De esa manera concluye la breve pero intensa etapa de independentismo ucraniano que s\u00f3lo resurgir\u00e1 70 a\u00f1os despu\u00e9s, con los mismos signos de identidad de anta\u00f1o (bandera y escudo), a ra\u00edz del <strong>colapso de la Uni\u00f3n de Rep\u00fablicas Socialistas Sovi\u00e9ticas<\/strong> fundada en 1922.<\/p>\n<\/div>\n","protected":false},"excerpt":{"rendered":"<p>&nbsp; Fuente: El Mundo, 5\/02\/2015. Autor: FRANCISCO HERRANZ. Este art\u00edculo de Francisco Herranz fue publicado en el n\u00famero 192 de La aventura de la historia &nbsp; Como dijo Kant \u00abla guerra es nefanda, porque hace m\u00e1s hombres malos que los que mata\u00bb. Este adagio es perfectamente aplicable a los protagonistas, an\u00f3nimos o no, del conflicto &hellip; <a href=\"https:\/\/blogsaverroes.juntadeandalucia.es\/aldeacordoba\/?p=246\" class=\"more-link\">Continuar leyendo<span class=\"screen-reader-text\"> \u00abUcrania, de la independencia de Rusia a la invasi\u00f3n sovi\u00e9tica de 1919.\u00bb<\/span><\/a><\/p>\n","protected":false},"author":168,"featured_media":0,"comment_status":"open","ping_status":"open","sticky":false,"template":"","format":"standard","meta":{"ngg_post_thumbnail":0,"footnotes":""},"categories":[224386,224394],"tags":[224883,224936,224943],"aioseo_notices":[],"_links":{"self":[{"href":"https:\/\/blogsaverroes.juntadeandalucia.es\/aldeacordoba\/index.php?rest_route=\/wp\/v2\/posts\/246"}],"collection":[{"href":"https:\/\/blogsaverroes.juntadeandalucia.es\/aldeacordoba\/index.php?rest_route=\/wp\/v2\/posts"}],"about":[{"href":"https:\/\/blogsaverroes.juntadeandalucia.es\/aldeacordoba\/index.php?rest_route=\/wp\/v2\/types\/post"}],"author":[{"embeddable":true,"href":"https:\/\/blogsaverroes.juntadeandalucia.es\/aldeacordoba\/index.php?rest_route=\/wp\/v2\/users\/168"}],"replies":[{"embeddable":true,"href":"https:\/\/blogsaverroes.juntadeandalucia.es\/aldeacordoba\/index.php?rest_route=%2Fwp%2Fv2%2Fcomments&post=246"}],"version-history":[{"count":0,"href":"https:\/\/blogsaverroes.juntadeandalucia.es\/aldeacordoba\/index.php?rest_route=\/wp\/v2\/posts\/246\/revisions"}],"wp:attachment":[{"href":"https:\/\/blogsaverroes.juntadeandalucia.es\/aldeacordoba\/index.php?rest_route=%2Fwp%2Fv2%2Fmedia&parent=246"}],"wp:term":[{"taxonomy":"category","embeddable":true,"href":"https:\/\/blogsaverroes.juntadeandalucia.es\/aldeacordoba\/index.php?rest_route=%2Fwp%2Fv2%2Fcategories&post=246"},{"taxonomy":"post_tag","embeddable":true,"href":"https:\/\/blogsaverroes.juntadeandalucia.es\/aldeacordoba\/index.php?rest_route=%2Fwp%2Fv2%2Ftags&post=246"}],"curies":[{"name":"wp","href":"https:\/\/api.w.org\/{rel}","templated":true}]}}