{"id":248,"date":"2015-02-22T17:03:31","date_gmt":"2015-02-22T16:03:31","guid":{"rendered":"https:\/\/jmoragahc.wordpress.com\/?p=168"},"modified":"2015-02-22T17:03:31","modified_gmt":"2015-02-22T16:03:31","slug":"grecia-y-la-deuda-nazi","status":"publish","type":"post","link":"https:\/\/blogsaverroes.juntadeandalucia.es\/aldeacordoba\/?p=248","title":{"rendered":"Grecia y la deuda nazi."},"content":{"rendered":"<div class=\"foto col-8\"><img loading=\"lazy\" decoding=\"async\" id=\"fotoPrincipal\" class=\"aligncenter\" style=\"margin-bottom:10px\" src=\"http:\/\/estaticos02.elmundo.es\/assets\/multimedia\/imagenes\/2015\/02\/17\/14241704091544.jpg\" alt=\"\" width=\"657\" height=\"783\" \/><\/div>\n<footer>\n<address>\n<div class=\"firma\"><\/div>\n<div class=\"firma\">Autor: H\u00c9CTOR ESTEPA<\/div>\n<\/address>\n<p> Fuente: El Mundo, <span class=\"fecha\">17\/02\/2015<\/span>\u00a0<span class=\"hora\">\u00a0<\/span> <\/footer>\n<footer><em>Art\u00edculo publicado en el n\u00famero 181 de<\/em> <strong><em>La Aventura de la Historia<\/em><\/strong><\/p>\n<\/footer>\n<div class=\"col col-6\">\n<div id=\"tamano\" class=\"tamano\">\n<p>Atraviesa Grecia uno de sus momentos m\u00e1s dif\u00edciles. Los <strong>escaparates vac\u00edos en Atenas<\/strong> son testigos de cinco a\u00f1os de recesi\u00f3n econ\u00f3mica. El retroceso ha ca\u00eddo como una losa: los suicidios se han multiplicado. El sueldo medio ha disminuido en m\u00e1s del 23 por ciento. El 27 por ciento de los helenos no tiene trabajo. Parte de esa ca\u00edda se debe a las dur\u00edsimas medidas de ajuste. Grecia ha firmado dos pactos de austeridad con la Troika -la CE, el BCE y el FMI- para conseguir sendos rescates financieros por 240.000 millones de euros y as\u00ed poder pagar sus facturas. La contrapartida son grandes recortes.<\/p>\n<p>Alemania ha sido quien m\u00e1s dinero ha prestado. Tambi\u00e9n el que m\u00e1s ha exigido: los medios germanos y los pol\u00edticos han ejecutado una campa\u00f1a medi\u00e1tica contra las disfuncionalidades del Estado deudor. La posici\u00f3n alemana ha levantado la germanofobia entre muchos helenos, que han contraatacado: <strong>\u00bfqu\u00e9 ocurrir\u00eda si no fuera Grecia quien debe dinero a Alemania, sino al rev\u00e9s?<\/strong><\/p>\n<p><!--more--><\/p>\n<p>Para hallar la respuesta hay que remontarse a abril de 1941. Media Europa se encontraba bajo el dominio de <strong>Hitler<\/strong>. Su mayor aliado, Benito <strong>Mussolini<\/strong>, hab\u00eda intentado conquistar el sur de los Balcanes. Solo lo consigui\u00f3 con la ayuda alemana: el l\u00edder nazi desat\u00f3 el 6 de abril una <em>blitzkrieg <\/em>en Grecia, la <em>Operaci\u00f3n Marita<\/em>. Tres semanas m\u00e1s tarde ca\u00eda Atenas.<\/p>\n<p>Una de las primeras medidas de los ocupantes fue <strong>nombrar un gobierno t\u00edtere y hacerle pagar un pr\u00e9stamo financiero<\/strong>. Tambi\u00e9n requis\u00f3 materias primas y alimentos. Esas incautaciones desataron una grave crisis humanitaria: hasta 300.000 personas murieron de hambre, m\u00e1s de 70.000 en el primer invierno: \u00abSe llevaron toda la comida. La gente fallec\u00eda por inanici\u00f3n en las calles\u00bb, recuerda el nonagenario excombatiente de la Resistencia Stelios Zamanos. Miles de griegos m\u00e1s murieron hasta la liberaci\u00f3n del pa\u00eds en octubre de 1944.<\/p>\n<p>Durante d\u00e9cadas, Zamanos y sus compa\u00f1eros del Frente de Liberaci\u00f3n Nacional han exhortado a los Gobiernos helenos a reclamar a Berl\u00edn el pago de las reparaciones de guerra, entre ellas el pr\u00e9stamo aprobado por los colaboracionistas. Ning\u00fan l\u00edder heleno de posguerra les hab\u00eda escuchado, hasta hoy.<\/p>\n<h2 class=\"ladillo\">Filtraci\u00f3n interesada<\/h2>\n<p>El Gobierno del conservador Antonis Samaras se ha propuesto recuperar el dinero y ha elaborado un informe que se filtr\u00f3 a la prensa en abril. <strong>Grecia podr\u00eda exigir a Alemania 162.000 millones de euros<\/strong>. Esa cifra equivale a la mitad de la deuda p\u00fablica del pa\u00eds. Hasta 108.000 millones corresponder\u00edan a reparaciones por p\u00e9rdidas humanas e infraestructuras. Los otros 54.000 millones son la cantidad que deber\u00eda Berl\u00edn por el pr\u00e9stamo que oblig\u00f3 a efectuar al gobierno t\u00edtere durante la ocupaci\u00f3n.<\/p>\n<p>El ministro de Econom\u00eda teut\u00f3n, Wolfgang Sch\u00e4uble, replic\u00f3: <strong>\u00abEse asunto fue resuelto. Pagar est\u00e1 fuera de toda cuesti\u00f3n<\/strong>\u00ab. Grecia ha preferido no prender la llama. Otros investigadores incluso han arrojado sus propias cifras. Es el caso del exministro de Econom\u00eda Nikos Jristodoulakis: Grecia solo podr\u00eda reclamar 13.000 millones de euros a Alemania en concepto de cancelaci\u00f3n del pr\u00e9stamo otorgado por el gobierno t\u00edtere, teniendo en cuenta la hiperinflaci\u00f3n en Alemania y Grecia durante la guerra.<\/p>\n<div class=\"sumario col-2b izquierda\">\n<div class=\"foto\">\n<figure style=\"width: 189px\" class=\"wp-caption alignleft\"><img loading=\"lazy\" decoding=\"async\" style=\"border:1px solid #000000;margin-top:10px;margin-bottom:10px;margin-right:10px\" src=\"http:\/\/estaticos03.elmundo.es\/assets\/multimedia\/imagenes\/2015\/02\/17\/14241706617511.jpg\" alt=\"\" width=\"189\" height=\"128\" \/><figcaption class=\"wp-caption-text\">Alemania se resiste a abonar un solo euro. Si paga algo a Atenas, deber\u00e1 pagar a todos los dem\u00e1s<\/figcaption><\/figure>\n<\/div>\n<\/div>\n<p>Buena parte de Europa ve la cuesti\u00f3n como una forma de presionar a Berl\u00edn y relajar los objetivos de austeridad. La izquierda radical griega tambi\u00e9n exige las reparaciones. Uno de los diputados m\u00e1s insistentes es Manolis Glezos, un hist\u00f3rico partisano. \u00c9l y Apostolos Santas <strong>derribaron en mayo de 1941 la bandera nazi en la Acr\u00f3polis<\/strong> y ocho de cada diez griegos aprueban la reclamaci\u00f3n.<\/p>\n<p>Atenas se encuentra ante un complicado proceso. La postura alemana es inamovible: <strong>Grecia renunci\u00f3 a cualquier demanda al firmar el Tratado de Londres en 1953<\/strong>. El pacto entre las potencias occidentales y Alemania incluy\u00f3 la condonaci\u00f3n de la mitad de la deuda teutona, la no reclamaci\u00f3n de indemnizaciones posteriores y que el pa\u00eds solo pagara si ten\u00eda super\u00e1vit comercial.<\/p>\n<p>Grecia no recibi\u00f3 dinero tras ese pacto. El motivo es la naturaleza del empr\u00e9stito desembolsado por el gobierno t\u00edtere. No era un pr\u00e9stamo en bonos alemanes y no pudo ser incluido en esa quita. Tampoco fue incluido en el pago de reparaciones de 1945.<\/p>\n<p>Atenas no insisti\u00f3 m\u00e1s por la inestabilidad del pa\u00eds. <strong>Los combates en Grecia no terminaron en 1945<\/strong>. Al finalizar la II Guerra Mundial comenz\u00f3 un conflicto civil. De marzo de 1946 a octubre de 1949 las fuerzas izquierdistas y conservadoras de la Resistencia se enfrentaron. Hasta 158.000 griegos perdieron la vida y los desplazados alcanzaron el mill\u00f3n.<\/p>\n<p><strong>Grecia cobr\u00f3 en 1960 unos 115 millones de marcos alemanes como compensaci\u00f3n a las v\u00edctimas individuales de la II Guerra Mundial<\/strong>. Alemania Occidental se cerr\u00f3 en banda despu\u00e9s de esa fecha con la excusa de ser un pa\u00eds dividido: el Estado oriental tambi\u00e9n deb\u00eda participar.<\/p>\n<p>Atenas tampoco pudo apoyarse en el Acuerdo 2+4 para la reunificaci\u00f3n alemana firmado en 1990. Ese pacto perdona a los germanos el pago de reparaciones de guerra: \u00ab<strong>Alemania sab\u00eda que deber\u00eda pagar compensaciones si se llegaba a un tratado de paz definitivo<\/strong>. Con ese acuerdo consigui\u00f3 firmar todos los puntos incluidos en un tratado de paz convencional pero sin definirlo as\u00ed\u00bb, subraya Constantin Goschler, experto en reparaciones de guerra.<\/p>\n<p>\u00abLos Estados no est\u00e1n interesados en ser considerados responsables por lo que han hecho en el pasado. Muchos causaron episodios desagradables\u00bb, abunda Goschler. La judicatura internacional debe, adem\u00e1s, plantearse lo lejos que se puede volver en la historia para reclamar reparaciones: \u00abSiete d\u00e9cadas podr\u00edan ser demasiadas\u00bb.<\/p>\n<p>Tambi\u00e9n juega en contra de Atenas la naturaleza de la reclamaci\u00f3n. El Gobierno busca una compensaci\u00f3n de Estado a Estado, algo obsoleto hoy. Alemania Occidental desembols\u00f3 casi todas sus compensaciones a denunciantes a t\u00edtulo individual. La reclamaci\u00f3n griega, en cualquier caso, podr\u00eda formularse de esa forma ante la<strong> justicia internacional<\/strong>, seg\u00fan aseguran los expertos. Varios analistas han exhortado a Atenas a centrarse en el pr\u00e9stamo aprobado por el gobierno t\u00edtere. Esa demanda s\u00ed tiene posibilidades de avanzar si se considera como un cr\u00e9dito ordinario y no como parte de las reparaciones de guerra. El total podr\u00eda ascender a los 70.000 millones de euros si se tienen en cuenta los precios actuales y los intereses.<strong> Esa cifra es superior a lo aportado por Alemania en los rescates helenos<\/strong>. Incluso jugar\u00eda con bazas legales a su favor. Grecia podr\u00eda tener documentos con los que acreditar que la Alemania nazi comenz\u00f3 a pagar la deuda antes de abandonar el pa\u00eds. Eso demostrar\u00eda la existencia del pr\u00e9stamo y su naturaleza como cr\u00e9dito ordinario.<\/p>\n<p>Berl\u00edn se resistir\u00e1 probablemente a pagar un solo euro. Su perspectiva es clara: si pagan a Grecia deber\u00e1n pagar a todos los dem\u00e1s.<\/p>\n<\/div>\n<\/div>\n","protected":false},"excerpt":{"rendered":"<p>Autor: H\u00c9CTOR ESTEPA Fuente: El Mundo, 17\/02\/2015\u00a0\u00a0 Art\u00edculo publicado en el n\u00famero 181 de La Aventura de la Historia Atraviesa Grecia uno de sus momentos m\u00e1s dif\u00edciles. Los escaparates vac\u00edos en Atenas son testigos de cinco a\u00f1os de recesi\u00f3n econ\u00f3mica. El retroceso ha ca\u00eddo como una losa: los suicidios se han multiplicado. El sueldo medio &hellip; <a href=\"https:\/\/blogsaverroes.juntadeandalucia.es\/aldeacordoba\/?p=248\" class=\"more-link\">Continuar leyendo<span class=\"screen-reader-text\"> \u00abGrecia y la deuda nazi.\u00bb<\/span><\/a><\/p>\n","protected":false},"author":168,"featured_media":0,"comment_status":"open","ping_status":"open","sticky":false,"template":"","format":"standard","meta":{"ngg_post_thumbnail":0,"footnotes":""},"categories":[224390],"tags":[224415,224527,224633,224683],"aioseo_notices":[],"_links":{"self":[{"href":"https:\/\/blogsaverroes.juntadeandalucia.es\/aldeacordoba\/index.php?rest_route=\/wp\/v2\/posts\/248"}],"collection":[{"href":"https:\/\/blogsaverroes.juntadeandalucia.es\/aldeacordoba\/index.php?rest_route=\/wp\/v2\/posts"}],"about":[{"href":"https:\/\/blogsaverroes.juntadeandalucia.es\/aldeacordoba\/index.php?rest_route=\/wp\/v2\/types\/post"}],"author":[{"embeddable":true,"href":"https:\/\/blogsaverroes.juntadeandalucia.es\/aldeacordoba\/index.php?rest_route=\/wp\/v2\/users\/168"}],"replies":[{"embeddable":true,"href":"https:\/\/blogsaverroes.juntadeandalucia.es\/aldeacordoba\/index.php?rest_route=%2Fwp%2Fv2%2Fcomments&post=248"}],"version-history":[{"count":0,"href":"https:\/\/blogsaverroes.juntadeandalucia.es\/aldeacordoba\/index.php?rest_route=\/wp\/v2\/posts\/248\/revisions"}],"wp:attachment":[{"href":"https:\/\/blogsaverroes.juntadeandalucia.es\/aldeacordoba\/index.php?rest_route=%2Fwp%2Fv2%2Fmedia&parent=248"}],"wp:term":[{"taxonomy":"category","embeddable":true,"href":"https:\/\/blogsaverroes.juntadeandalucia.es\/aldeacordoba\/index.php?rest_route=%2Fwp%2Fv2%2Fcategories&post=248"},{"taxonomy":"post_tag","embeddable":true,"href":"https:\/\/blogsaverroes.juntadeandalucia.es\/aldeacordoba\/index.php?rest_route=%2Fwp%2Fv2%2Ftags&post=248"}],"curies":[{"name":"wp","href":"https:\/\/api.w.org\/{rel}","templated":true}]}}