{"id":251,"date":"2015-02-28T10:19:01","date_gmt":"2015-02-28T09:19:01","guid":{"rendered":"https:\/\/jmoragahc.wordpress.com\/?p=175"},"modified":"2015-02-28T10:19:01","modified_gmt":"2015-02-28T09:19:01","slug":"el-incendio-del-reichstag","status":"publish","type":"post","link":"https:\/\/blogsaverroes.juntadeandalucia.es\/aldeacordoba\/?p=251","title":{"rendered":"El incendio del Reichstag."},"content":{"rendered":"<p><a href=\"http:\/\/anatomiadelahistoria.com\/wp-content\/uploads\/2015\/02\/incendio-reichstag.jpg\"><img loading=\"lazy\" decoding=\"async\" class=\"aligncenter wp-image-8016 size-full\" style=\"border:1px solid #000000;margin-bottom:10px\" title=\"Reichstag fire\" src=\"http:\/\/anatomiadelahistoria.com\/wp-content\/uploads\/2015\/02\/incendio-reichstag.jpg\" alt=\"\" width=\"468\" height=\"312\" \/><\/a><strong>Fuente:<a href=\"http:\/\/anatomiadelahistoria.com\/2015\/02\/el-incendio-del-reichstag\/\" target=\"_blank\" rel=\"noopener noreferrer\"> Anatom\u00eda de la Historia<\/a>. 27\/02\/2015<br \/>\n<\/strong><\/p>\n<p><strong>Autor:<\/strong>\u00a0<strong> Ignacio L\u00f3pez Mulero<\/strong><\/p>\n<h2><strong>Antecedentes<\/strong><\/h2>\n<p>Dos d\u00edas antes del final de la<strong> Primera Guerra Mundial<\/strong>, el 9 de noviembre de 1918, el emperador alem\u00e1n <strong>Guillermo II<\/strong> abandona la jefatura de Estado, despu\u00e9s de que el amotinamiento de los marineros de <strong>Wilhelmshaven <\/strong>le afectara emocionalmente. Esta abdicaci\u00f3n, que supone el final del <strong>II Imperio Alem\u00e1n<\/strong>, dar\u00eda lugar a la creaci\u00f3n de la Rep\u00fablica de Weimar.<\/p>\n<p>La <strong>Rep\u00fablica de Weimar<\/strong> se caracteriz\u00f3 por ser una Rep\u00fablica multipartidista, semipresidencialista y por una serie de problemas que analizo a continuaci\u00f3n.<\/p>\n<p>Leer art\u00edculo completo en <strong><a href=\"http:\/\/anatomiadelahistoria.com\/2015\/02\/el-incendio-del-reichstag\/\" target=\"_blank\" rel=\"noopener noreferrer\">Anatom\u00eda de la Historia<\/a><\/strong><\/p>\n<p>&nbsp;<\/p>\n","protected":false},"excerpt":{"rendered":"<p>Fuente: Anatom\u00eda de la Historia. 27\/02\/2015 Autor:\u00a0 Ignacio L\u00f3pez Mulero Antecedentes Dos d\u00edas antes del final de la Primera Guerra Mundial, el 9 de noviembre de 1918, el emperador alem\u00e1n Guillermo II abandona la jefatura de Estado, despu\u00e9s de que el amotinamiento de los marineros de Wilhelmshaven le afectara emocionalmente. Esta abdicaci\u00f3n, que supone el &hellip; <a href=\"https:\/\/blogsaverroes.juntadeandalucia.es\/aldeacordoba\/?p=251\" class=\"more-link\">Continuar leyendo<span class=\"screen-reader-text\"> \u00abEl incendio del Reichstag.\u00bb<\/span><\/a><\/p>\n","protected":false},"author":168,"featured_media":0,"comment_status":"open","ping_status":"open","sticky":false,"template":"","format":"standard","meta":{"ngg_post_thumbnail":0,"footnotes":""},"categories":[224390],"tags":[224415,224668,224685],"aioseo_notices":[],"_links":{"self":[{"href":"https:\/\/blogsaverroes.juntadeandalucia.es\/aldeacordoba\/index.php?rest_route=\/wp\/v2\/posts\/251"}],"collection":[{"href":"https:\/\/blogsaverroes.juntadeandalucia.es\/aldeacordoba\/index.php?rest_route=\/wp\/v2\/posts"}],"about":[{"href":"https:\/\/blogsaverroes.juntadeandalucia.es\/aldeacordoba\/index.php?rest_route=\/wp\/v2\/types\/post"}],"author":[{"embeddable":true,"href":"https:\/\/blogsaverroes.juntadeandalucia.es\/aldeacordoba\/index.php?rest_route=\/wp\/v2\/users\/168"}],"replies":[{"embeddable":true,"href":"https:\/\/blogsaverroes.juntadeandalucia.es\/aldeacordoba\/index.php?rest_route=%2Fwp%2Fv2%2Fcomments&post=251"}],"version-history":[{"count":0,"href":"https:\/\/blogsaverroes.juntadeandalucia.es\/aldeacordoba\/index.php?rest_route=\/wp\/v2\/posts\/251\/revisions"}],"wp:attachment":[{"href":"https:\/\/blogsaverroes.juntadeandalucia.es\/aldeacordoba\/index.php?rest_route=%2Fwp%2Fv2%2Fmedia&parent=251"}],"wp:term":[{"taxonomy":"category","embeddable":true,"href":"https:\/\/blogsaverroes.juntadeandalucia.es\/aldeacordoba\/index.php?rest_route=%2Fwp%2Fv2%2Fcategories&post=251"},{"taxonomy":"post_tag","embeddable":true,"href":"https:\/\/blogsaverroes.juntadeandalucia.es\/aldeacordoba\/index.php?rest_route=%2Fwp%2Fv2%2Ftags&post=251"}],"curies":[{"name":"wp","href":"https:\/\/api.w.org\/{rel}","templated":true}]}}