{"id":254,"date":"2015-03-08T10:30:09","date_gmt":"2015-03-08T09:30:09","guid":{"rendered":"https:\/\/jmoragahc.wordpress.com\/?p=191"},"modified":"2015-03-08T10:30:09","modified_gmt":"2015-03-08T09:30:09","slug":"100-anos-sin-verdad-el-genocidio-armenio","status":"publish","type":"post","link":"https:\/\/blogsaverroes.juntadeandalucia.es\/aldeacordoba\/?p=254","title":{"rendered":"100 a\u00f1os sin verdad: el genocidio armenio."},"content":{"rendered":"<p><figure style=\"width: 650px\" class=\"wp-caption aligncenter\"><img loading=\"lazy\" decoding=\"async\" style=\"border:1px solid #000000;margin-bottom:10px\" src=\"http:\/\/www.unitedexplanations.org\/wp-content\/uploads\/2015\/03\/Armenian_woman_kneeling_beside_dead_child_in_field.png\" alt=\"\" width=\"650\" height=\"450\" \/><figcaption class=\"wp-caption-text\">Mujer armenia al lado de su ni\u00f1o muerto [Foto: American Committee for Relief in the Near East via Wikipedia]<\/figcaption><\/figure><strong>Fuente:<\/strong> <a href=\"http:\/\/www.unitedexplanations.org\/2015\/03\/06\/100-anos-sin-verdad-el-genocidio-armenio\/\" target=\"_blank\" rel=\"noopener noreferrer\">unitedexplanations.org<\/a>.<\/p>\n<p><strong>Autora: <a href=\"http:\/\/www.unitedexplanations.org\/author\/belen-aguero\/\" target=\"_blank\" rel=\"noopener noreferrer\">Bel\u00e9n Ag\u00fcero<\/a><\/strong>. 06\/03\/2015.<\/p>\n<p>En abril de este a\u00f1o, se cumplen 100 a\u00f1os del genocidio armenio, un evento poco conocido de la historia del siglo XX,\u00a0en el que\u00a0murieron entre un mill\u00f3n y medio y dos millones de personas a manos del Imperio Otomano.<\/p>\n<p><!--more--><\/p>\n<h3><strong>El inicio del odio<\/strong><\/h3>\n<h4><strong>Las masacres de\u00a01894-1896<\/strong><\/h4>\n<p>El gobierno del Sult\u00e1n Abdul Hamid II, conocido como el \u2018Sult\u00e1n rojo\u2019, da <strong>comienzo a la persecuci\u00f3n de los armenios<\/strong>. Durante su gobierno, se perdieron los territorios de Grecia, Serbia y Bulgaria, como consecuencia del auge de los sentimientos nacionalistas que proven\u00edan desde Europa, y se sospechaba que este sentimiento tambi\u00e9n iba tomando forma entre la poblaci\u00f3n armenia.<\/p>\n<p>Siendo la minor\u00eda m\u00e1s numerosa del Imperio Otomano, los armenios fueron designados como los traidores del interior.\u00a0Adem\u00e1s, el gobierno no se pod\u00eda permitir\u00a0de perder el territorio armenio ya que sin este, el imperio no tendr\u00eda salida al Mediterr\u00e1neo.\u00a0Se calcula que durante su gobierno <a href=\"http:\/\/www.genocidioarmenio.org\/nota.asp?id=2\">murieron aproximadamente 300.000 armenios<\/a>.<\/p>\n<div class=\"wp-caption alignright\"><figure style=\"width: 371px\" class=\"wp-caption alignnone\"><img loading=\"lazy\" decoding=\"async\" style=\"border:1px solid #000000;margin:10px 10px 10px 0\" src=\"http:\/\/upload.wikimedia.org\/wikipedia\/commons\/c\/c0\/Ottoman_Armenians_1908.jpg\" alt=\"\" width=\"371\" height=\"253\" \/><figcaption class=\"wp-caption-text\">Armenios celebrando el gobierno CUP [Foto: Berc Fenerci via Wikipedia]<\/figcaption><\/figure><\/div>\n<h4><strong>La masacre de Adana<\/strong><\/h4>\n<p>Ante las pol\u00edticas dictatoriales del sult\u00e1n surgi\u00f3 un grupo compuesto por oficiales del ej\u00e9rcito turco y estudiantes universitarios, que ten\u00edan una marcada impronta nacionalista. El nombre del partido era \u201cComit\u00e9 de Uni\u00f3n y Progreso\u201d (CUP) tambi\u00e9n conocidos como los J\u00f3venes Turcos. Despu\u00e9s\u00a0de derrocar al sult\u00e1n, hicieron ciertas promesas, como la creaci\u00f3n de un parlamento con participaci\u00f3n de todas las minor\u00edas. Esto llev\u00f3 a que fueran apoyados por toda la poblaci\u00f3n armenia en un principio.\u00a0Gobernaron entre 1908 y 1918.<\/p>\n<p>Deseosos de crear una naci\u00f3n turca homog\u00e9nea, los J\u00f3venes Turcos multiplicaron las exacciones contra los armenios de Asia menor desde su toma del poder. <a href=\"http:\/\/www.herodote.net\/24_avril_1915-evenement-19150424.php\">Se cuentan\u00a0entre 20.000 y 30.000 muertos en Adana el 1 de abril 1909<\/a>.<\/p>\n<p>En 1914 estall\u00f3 la Gran Guerra. Ello hizo que el genocidio pas\u00f3 casi desapercibido en la escena internacional.<\/p>\n<h3><strong>1915\u00a0\u2013\u00a0El genocidio<\/strong><\/h3>\n<p>Todos estos antecedentes dieron lugar a los sucesos que se desencadenaron a partir de 1915. El punto de partida fue una ley conocida como \u201cTehcir\u201d, \u201cdesplazamiento\u201d en turco. Esta ley autorizaba la deportaci\u00f3n de la poblaci\u00f3n armenia. \u00c9sta empez\u00f3\u00a0un proceso que se puede dividir en <a href=\"http:\/\/www.genocidioarmenio.org\/el-progreso-en-reversa\/\">varias etapas<\/a>:<\/p>\n<ol>\n<li><strong>El desarme<\/strong>: Se confiscaron las armas de la gran mayor\u00eda de la poblaci\u00f3n. Dichas\u00a0armas fueron\u00a0entregadas a la poblaci\u00f3n para la guerra contra Rusia.<\/li>\n<li><strong>Decapitaci\u00f3n intelectual<\/strong>: Se secuestraron a m\u00e1s de 600 intelectuales. Se considera este hecho como el comienzo del genocidio. Sucedi\u00f3 el 24 de abril de 1915, elegida entonces como fecha de\u00a0conmemoraci\u00f3n del genocidio.<\/li>\n<li><strong>Desmaculinizaci\u00f3n<\/strong>: Todos los hombres armenios entre 15 y 45 a\u00f1os fueron enrolados en el\u00a0ej\u00e9rcito. Se utiliz\u00f3 estos soldados como mano de obra para construir trincheras que m\u00e1s tarde se utilizaron como fosas.<\/li>\n<li><strong>Caravana hacia la muerte<\/strong>: tambi\u00e9n conocida como la deportaci\u00f3n de los armenios.\u00a0Se dijo a\u00a0toda la poblaci\u00f3n que serian reubicados en una zona de exclusi\u00f3n b\u00e9lica. Fueron enviados\u00a0a Anatolia, Mesopotamia, y a lo que actualmente es Siria. La mayor parte de los deportados murieron v\u00edctimas de hambre, sed y diversas privaciones; los que lograban sobrevivir eran robados y violados por los soldados turcos que en teor\u00eda los proteg\u00edan. La deportaci\u00f3n contin\u00fao hasta 1923 sumado a las matanzas generalizadas de los armenios que se resist\u00edan.\n<div class=\"wp-caption alignright\">\n<figure style=\"width: 393px\" class=\"wp-caption alignright\"><img loading=\"lazy\" decoding=\"async\" style=\"border:1px solid #000000;margin-top:10px;margin-bottom:10px;margin-left:10px\" src=\"https:\/\/c2.staticflickr.com\/2\/1012\/896449249_24779c5106.jpg\" alt=\"\" width=\"393\" height=\"262\" \/><figcaption class=\"wp-caption-text\">Armenios siendo deportados<\/figcaption><\/figure>\n<p class=\"wp-caption-text\">\n<\/div>\n<p>Algunos\u00a0lograron sobrevivir \u00a0al genocidio y\u00a0se organizaron para escapar. Otros fueron ayudados por sus vecinos turcos que no estaban de acuerdo con las pol\u00edticas del gobierno, y los ayudaban a\u00fan poniendo en peligro sus propias vidas.<\/li>\n<\/ol>\n<blockquote><p><em>A partir de entonces, la emigraci\u00f3n de los armenios fue casi total. De 2.100.000 almas en el Imperio Otomano, en 1912, de acuerdo con las estad\u00edsticas del Patriarcado Armenio de Constantinopla se pas\u00f3 a 77.435, en 1927, concentradas especialmente en Estambul y aproximadamente 50.000 en 1993.<\/em><\/p><\/blockquote>\n<h3><strong>La memoria y el olvido<\/strong><\/h3>\n<p><strong>20 pa\u00edses e innumerables regiones han reconocido el genocidio<\/strong>, al cual los armenios se refieren como \u00a0\u201cMEDZ YEGHERN\u201d que significa \u201cGran Mal\u201d. A pesar de ello,\u00a0<strong>el gobierno turco sigue neg\u00e1ndolo<\/strong>.<\/p>\n<div class=\"mceTemp\"><figure id=\"attachment_28085\" aria-describedby=\"caption-attachment-28085\" style=\"width: 285px\" class=\"wp-caption alignleft\"><a class=\"lightbox\" href=\"https:\/\/www.flickr.com\/photos\/58306690@N04\/8737856726\/in\/set-72157646285539569\"><img loading=\"lazy\" decoding=\"async\" class=\"wp-image-28085 size-medium\" style=\"border:1px solid #000000;margin-top:10px;margin-bottom:10px;margin-right:10px\" src=\"http:\/\/www.unitedexplanations.org\/wp-content\/uploads\/2015\/03\/8737856726_3c05405090_z-427x450.jpg\" alt=\"Protestas en la embajada turca, 2003 [Foto: Mrsamisnow via Flickr]\" width=\"285\" height=\"300\" \/><\/a><figcaption id=\"caption-attachment-28085\" class=\"wp-caption-text\">Protestas en la embajada turca, 2003 [Foto: Mrsamisnow via Flickr<\/figcaption><\/figure><\/div>\n<p>En abril de 2014 el gobierno turco emiti\u00f3 un <a href=\"http:\/\/internacional.elpais.com\/internacional\/2014\/04\/23\/actualidad\/1398277634_297766.html\">comunicado<\/a> donde, por primera vez desde que se perpetraron estos actos, <strong>ha presentado sus condolencias a los descendientes de la masacre.<\/strong>\u00a0Adem\u00e1s propuso la creaci\u00f3n de una comisi\u00f3n mixta de historiadores para que determinen a ciencia cierta los sucesos, y anunci\u00f3 que si dicha comisi\u00f3n determinase que el gobierno turco ha cometido un crimen, entonces se tomaran las medidas necesarias para pagar el precio.<\/p>\n<p>Si bien en su discurso no se refiri\u00f3 a la responsabilidad del imperio en los hechos, <strong>s\u00ed expres\u00f3 el deseo de mantener buenas relaciones con el gobierno armenio<\/strong>. Fue un hecho sin precedente, puesto que anteriormente la pol\u00edtica turca se centraba en el completo negacionismo, e incluso entraba en conflicto con aquellos pa\u00edses que decid\u00edan reconocerlo.<\/p>\n<p>Las <a href=\"http:\/\/www.europapress.es\/internacional\/noticia-eeuu-ue-aplauden-erdogan-presentar-condolencias-victimas-genocidio-armenio-20140425025601.html\">reacciones<\/a> a estas declaraciones fueron inmediatas, en especial por parte de Estados Unidos y la Uni\u00f3n Europea, quienes felicitaron a Turqu\u00eda y expresaron los deseos de que en el futuro se busque la reconciliaci\u00f3n y la verdad.<\/p>\n<blockquote><p><em>Se debe tener en cuenta que Turqu\u00eda no niega las masacres de civiles armenios pero no admite que se use el t\u00e9rmino genocidio.\u00a0No considera que se haya tratado de un plan sistematizado de exterminio dispuesto por el estado, sino que fueron las mismas consecuencias de la guerra, como las luchas entre etnias, las enfermedades y el hambre. <\/em><\/p><\/blockquote>\n<p><strong>El gobierno turco se ha referido a lo largo de los a\u00f1os a estos hechos como \u201cla deportaci\u00f3n\u201d<\/strong> en vez de utilizar la palabra genocidio. Es destacable el hecho de que Turqu\u00eda si adhiri\u00f3 a la Convenci\u00f3n en el a\u00f1o 1950.<\/p>\n<h3><strong>La negaci\u00f3n del genocidio en debate ante el TEDH<\/strong><\/h3>\n<div class=\"mceTemp\"><figure id=\"attachment_28089\" aria-describedby=\"caption-attachment-28089\" style=\"width: 450px\" class=\"wp-caption alignright\"><img loading=\"lazy\" decoding=\"async\" class=\"wp-image-28089\" style=\"border:1px solid #000000;margin-top:10px;margin-bottom:10px;margin-left:10px\" src=\"http:\/\/www.unitedexplanations.org\/wp-content\/uploads\/2015\/03\/3655173309_45a4bf0184_z.jpg\" alt=\"\" width=\"450\" height=\"300\" \/><figcaption id=\"caption-attachment-28089\" class=\"wp-caption-text\">Tsitsernakaberd- Monumento en homenaje a las v\u00edctimas del genocidio [Foto: Arthur Chapman via Flickr]<\/figcaption><\/figure><\/p>\n<p class=\"wp-caption-text\">\n<\/div>\n<p>A pesar de las declaraciones por parte del gobierno turco, <strong>a\u00fan hay mucha gente que se niega a\u00a0reconocer lo sucedido.<\/strong><\/p>\n<p>Un buen ejemplo que ha tomado mucha relevancia es el caso <a href=\"http:\/\/hudoc.echr.coe.int\/sites\/eng\/pages\/search.aspx?i=001-139276#%7B%22itemid%22:[%22001-139276%22]%7D\">Perincek vs Suiza<\/a>\u00a0ante el <a href=\"http:\/\/www.unitedexplanations.org\/2012\/06\/13\/el-tribunal-europeo-de-derechos-humanos-una-institucion-para-la-paz-4\/\">Tribunal Europeo de Derechos Humanos<\/a> (TEDH). El Se\u00f1or Dogu Perincek era el l\u00edder del partido de los trabajadores de Turqu\u00eda y durante una serie de eventos en Suiza, realiz\u00f3 afirmaciones p\u00fablicas declarando que el Genocidio armenio nunca tuvo lugar y que se trata de una mentira internacional. La justicia suiza lo conden\u00f3 puesto que en su ordenamiento se establece una pena para quienes nieguen los genocidios reconocidos por el pa\u00eds. Perincek fue entonces condenado con una pena pecuniaria\u00a0en 2007. Ante esto, el acusado decidi\u00f3 acudir al TEDH, alegando la violaci\u00f3n de\u00a0su derecho a la libertad de expresi\u00f3n. As\u00ed fue que en 2013 <strong>el Tribunal decidi\u00f3 que Perincek no hab\u00eda cometido delito al negar el genocidio<\/strong> y que en cambio Suiza si hab\u00eda ido en contra de la libertad de expresi\u00f3n.<\/p>\n<p><strong>El gobierno armenio decidi\u00f3 apelar el fallo<\/strong>.\u00a0Adem\u00e1s hace unas semanas trascendi\u00f3 la noticia de que el tribunal celebr\u00f3 una audiencia para decidir si negar el genocidio es un crimen o parte de la libertad de expresi\u00f3n. En dicha sesi\u00f3n estuvo presente el Se\u00f1or Perincek y tambi\u00e9n el gobierno armenio representado por la prestigiosa abogada de derechos humanos Amal Clooney.<\/p>\n","protected":false},"excerpt":{"rendered":"<p>Fuente: unitedexplanations.org. Autora: Bel\u00e9n Ag\u00fcero. 06\/03\/2015. En abril de este a\u00f1o, se cumplen 100 a\u00f1os del genocidio armenio, un evento poco conocido de la historia del siglo XX,\u00a0en el que\u00a0murieron entre un mill\u00f3n y medio y dos millones de personas a manos del Imperio Otomano.<\/p>\n","protected":false},"author":168,"featured_media":0,"comment_status":"open","ping_status":"open","sticky":false,"template":"","format":"standard","meta":{"ngg_post_thumbnail":0,"footnotes":""},"categories":[224385,3],"tags":[224430,224620,224692],"aioseo_notices":[],"_links":{"self":[{"href":"https:\/\/blogsaverroes.juntadeandalucia.es\/aldeacordoba\/index.php?rest_route=\/wp\/v2\/posts\/254"}],"collection":[{"href":"https:\/\/blogsaverroes.juntadeandalucia.es\/aldeacordoba\/index.php?rest_route=\/wp\/v2\/posts"}],"about":[{"href":"https:\/\/blogsaverroes.juntadeandalucia.es\/aldeacordoba\/index.php?rest_route=\/wp\/v2\/types\/post"}],"author":[{"embeddable":true,"href":"https:\/\/blogsaverroes.juntadeandalucia.es\/aldeacordoba\/index.php?rest_route=\/wp\/v2\/users\/168"}],"replies":[{"embeddable":true,"href":"https:\/\/blogsaverroes.juntadeandalucia.es\/aldeacordoba\/index.php?rest_route=%2Fwp%2Fv2%2Fcomments&post=254"}],"version-history":[{"count":0,"href":"https:\/\/blogsaverroes.juntadeandalucia.es\/aldeacordoba\/index.php?rest_route=\/wp\/v2\/posts\/254\/revisions"}],"wp:attachment":[{"href":"https:\/\/blogsaverroes.juntadeandalucia.es\/aldeacordoba\/index.php?rest_route=%2Fwp%2Fv2%2Fmedia&parent=254"}],"wp:term":[{"taxonomy":"category","embeddable":true,"href":"https:\/\/blogsaverroes.juntadeandalucia.es\/aldeacordoba\/index.php?rest_route=%2Fwp%2Fv2%2Fcategories&post=254"},{"taxonomy":"post_tag","embeddable":true,"href":"https:\/\/blogsaverroes.juntadeandalucia.es\/aldeacordoba\/index.php?rest_route=%2Fwp%2Fv2%2Ftags&post=254"}],"curies":[{"name":"wp","href":"https:\/\/api.w.org\/{rel}","templated":true}]}}