{"id":257,"date":"2015-03-15T10:27:48","date_gmt":"2015-03-15T09:27:48","guid":{"rendered":"https:\/\/jmoragahc.wordpress.com\/?p=207"},"modified":"2015-03-15T10:27:48","modified_gmt":"2015-03-15T09:27:48","slug":"asi-escondio-franco-en-espana-a-beria-el-carnicero-de-stalin","status":"publish","type":"post","link":"https:\/\/blogsaverroes.juntadeandalucia.es\/aldeacordoba\/?p=257","title":{"rendered":"As\u00ed escondi\u00f3 Franco en Espa\u00f1a a Beria, el \u2018carnicero\u2019 de Stalin."},"content":{"rendered":"<figure style=\"width: 996px\" class=\"wp-caption aligncenter\"><img loading=\"lazy\" decoding=\"async\" class=\"\" src=\"http:\/\/1www.ecestaticos.com\/imagestatic\/clipping\/16b\/55c\/806\/16b55c80645bafbde21b128c185c487e.jpg?mtime=1426194513\" alt=\"\" width=\"996\" height=\"783\" \/><figcaption class=\"wp-caption-text\">Beria, con la hija de Stalin en brazos y el dictador al fondo.<\/figcaption><\/figure>\n<p><strong>Fuente:<\/strong> <a href=\"http:\/\/www.elconfidencial.com\/mundo\/2015-03-13\/asi-escondio-franco-en-espana-a-beria-el-carnicero-de-stalin_727353\/\" target=\"_blank\" rel=\"noopener noreferrer\">El Confidencial<\/a>, 13\/03\/2015.<\/p>\n<p><strong>Autor:<\/strong> <strong>Germn\u00e1n S\u00e1nchez<\/strong>.<\/p>\n<p><em>Torcuato Luca de Tena, director de ABC,\u00a0so\u00f1\u00f3 pasar a la historia con un\u00a0titular de alcance mundial:\u00a0As\u00ed escondi\u00f3 Franco en Espa\u00f1a a Beria, el carnicero de Stalin. V\u00edctima de un aventurero internacional de nacionalidad nicaraguense y or\u00edgenes malague\u00f1os, llamado Fabio Gallo, que le\u00a0vendi\u00f3,\u00a0estando de vacaciones en\u00a0Torremolinos, la\u00a0exclusiva\u00a0de la presencia de Beria en Espa\u00f1a, Luca de Tena se atrevi\u00f3\u00a0a salir, sin pasar por la censura, y sin pruebas,\u00a0afirmando que\u00a0Beria estaba en Espa\u00f1a. Se lo hicieron\u00a0pagar con su fulminante destituci\u00f3n.<\/em><\/p>\n<p>La historia, que relata Juan Benet en su impagable <em>Oto\u00f1o en Madrid hacia 1950<\/em>, sucedi\u00f3 hace 62 a\u00f1os y la protagonizaron dos personajes:<strong> Domingo Domingu\u00edn<\/strong> y <strong>Lavrenti Beria<\/strong>, quien control\u00f3 la polic\u00eda pol\u00edtica de la URSS de <strong>Stalin <\/strong>entre 1938 y 1953. Su principal \u2018logro\u2019 fue la eliminaci\u00f3n del rival del dictador<strong>, Trotski<\/strong>, antes de que en 1941 comenzase la invasi\u00f3n nazi de la URSS, y tejer la red de esp\u00edas <em>at\u00f3micos<\/em> que, cuatro a\u00f1os despu\u00e9s de Hiroshima, pondr\u00edan la bomba en manos de la Uni\u00f3n Sovi\u00e9tica.<\/p>\n<p>La muerte de Stalin en 1953 llev\u00f3 a la destituci\u00f3n de Beria que, s\u00fabitamente retirado de la escena pol\u00edtica, se hallaba en un lugar desconocido. Domingo,\u00a0uno de los dos hermanos \u00a0de <strong>Luis Miguel Domingu\u00edn<\/strong>, fue torero, empresario y miembro del Partido Comunista de Espa\u00f1a. Los Domingu\u00edn eran cosa aparte.\u00a0Su hermano Luis Miguel ten\u00eda acceso, a la vez, a un exiliado,\u00a0caracterizado comunista, <strong>Pablo Picasso<\/strong>, y a <strong>Francisco Franco<\/strong>. Joaqu\u00edn Jord\u00e1, amigo de Domingo Domingu\u00edn, contaba que en una cacer\u00eda <strong>Franco le pregunt\u00f3<\/strong>: \u201cD\u00edgame, Domingu\u00edn, <strong>\u00bfqui\u00e9n es el comunista de los tres?<\/strong>\u00ab. Y Luis Miguel contest\u00f3: \u00abLos tres, mi general, los tres\u201d.<\/p>\n<div>Leer art\u00edculo completo en:\u00a0 <a href=\"http:\/\/bit.ly\/1BkFV6m\">As\u00ed escondi\u00f3 Franco en Espa\u00f1a a Beria, el \u2018carnicero\u2019 de Stalin.<\/a>\u00a0 <a href=\"http:\/\/bit.ly\/1BkFV6m\">http:\/\/bit.ly\/1BkFV6m<\/a><\/p>\n<\/div>\n","protected":false},"excerpt":{"rendered":"<p>Fuente: El Confidencial, 13\/03\/2015. Autor: Germn\u00e1n S\u00e1nchez. Torcuato Luca de Tena, director de ABC,\u00a0so\u00f1\u00f3 pasar a la historia con un\u00a0titular de alcance mundial:\u00a0As\u00ed escondi\u00f3 Franco en Espa\u00f1a a Beria, el carnicero de Stalin. V\u00edctima de un aventurero internacional de nacionalidad nicaraguense y or\u00edgenes malague\u00f1os, llamado Fabio Gallo, que le\u00a0vendi\u00f3,\u00a0estando de vacaciones en\u00a0Torremolinos, la\u00a0exclusiva\u00a0de la presencia &hellip; <a href=\"https:\/\/blogsaverroes.juntadeandalucia.es\/aldeacordoba\/?p=257\" class=\"more-link\">Continuar leyendo<span class=\"screen-reader-text\"> \u00abAs\u00ed escondi\u00f3 Franco en Espa\u00f1a a Beria, el \u2018carnicero\u2019 de Stalin.\u00bb<\/span><\/a><\/p>\n","protected":false},"author":168,"featured_media":0,"comment_status":"open","ping_status":"open","sticky":false,"template":"","format":"standard","meta":{"ngg_post_thumbnail":0,"footnotes":""},"categories":[224386,224391,224394,224397,3],"tags":[224451,224579,224608,224914,224943],"aioseo_notices":[],"_links":{"self":[{"href":"https:\/\/blogsaverroes.juntadeandalucia.es\/aldeacordoba\/index.php?rest_route=\/wp\/v2\/posts\/257"}],"collection":[{"href":"https:\/\/blogsaverroes.juntadeandalucia.es\/aldeacordoba\/index.php?rest_route=\/wp\/v2\/posts"}],"about":[{"href":"https:\/\/blogsaverroes.juntadeandalucia.es\/aldeacordoba\/index.php?rest_route=\/wp\/v2\/types\/post"}],"author":[{"embeddable":true,"href":"https:\/\/blogsaverroes.juntadeandalucia.es\/aldeacordoba\/index.php?rest_route=\/wp\/v2\/users\/168"}],"replies":[{"embeddable":true,"href":"https:\/\/blogsaverroes.juntadeandalucia.es\/aldeacordoba\/index.php?rest_route=%2Fwp%2Fv2%2Fcomments&post=257"}],"version-history":[{"count":0,"href":"https:\/\/blogsaverroes.juntadeandalucia.es\/aldeacordoba\/index.php?rest_route=\/wp\/v2\/posts\/257\/revisions"}],"wp:attachment":[{"href":"https:\/\/blogsaverroes.juntadeandalucia.es\/aldeacordoba\/index.php?rest_route=%2Fwp%2Fv2%2Fmedia&parent=257"}],"wp:term":[{"taxonomy":"category","embeddable":true,"href":"https:\/\/blogsaverroes.juntadeandalucia.es\/aldeacordoba\/index.php?rest_route=%2Fwp%2Fv2%2Fcategories&post=257"},{"taxonomy":"post_tag","embeddable":true,"href":"https:\/\/blogsaverroes.juntadeandalucia.es\/aldeacordoba\/index.php?rest_route=%2Fwp%2Fv2%2Ftags&post=257"}],"curies":[{"name":"wp","href":"https:\/\/api.w.org\/{rel}","templated":true}]}}