{"id":258,"date":"2015-03-17T10:38:45","date_gmt":"2015-03-17T09:38:45","guid":{"rendered":"https:\/\/jmoragahc.wordpress.com\/?p=210"},"modified":"2015-03-17T10:38:45","modified_gmt":"2015-03-17T09:38:45","slug":"franco-y-hitler-un-odio-interesado","status":"publish","type":"post","link":"https:\/\/blogsaverroes.juntadeandalucia.es\/aldeacordoba\/?p=258","title":{"rendered":"Franco y Hitler: un odio interesado"},"content":{"rendered":"<figure style=\"width: 560px\" class=\"wp-caption aligncenter\"><img loading=\"lazy\" decoding=\"async\" class=\"\" src=\"http:\/\/ep01.epimg.net\/cultura\/imagenes\/2015\/03\/13\/actualidad\/1426270034_810705_1426271203_noticia_normal.jpg\" alt=\"\" width=\"560\" height=\"434\" \/><figcaption class=\"wp-caption-text\">Fotografiada (trucada por la dictadura) del encuentro de Hitler y Franco en Hendaya.<\/figcaption><\/figure>\n<p><strong>Fuente:<\/strong> <a href=\"http:\/\/cultura.elpais.com\/cultura\/2015\/03\/13\/actualidad\/1426270034_810705.html\" target=\"_blank\" rel=\"noopener noreferrer\">El Pa\u00eds<\/a>, 14\/03\/2015.<\/p>\n<p><strong>Autor:<\/strong> Jes\u00fas Ruiz Mantilla.<\/p>\n<p>El Eje fue un sal\u00f3n de desconfianza a tres bandas. Hitler, Mussolini y Franco. El tr\u00edo quer\u00eda dominar Europa y perpetuarse en el trono con poder absoluto. Para ello, se necesitaban. Pero, al tiempo que se enviaban telegramas de felicitaci\u00f3n y agradecimiento, como el que publicamos hoy perteneciente a la <a href=\"http:\/\/www.fundacionjosemariacastane.org\/\" target=\"_blank\" rel=\"noopener noreferrer\">Colecci\u00f3n Jos\u00e9 Mar\u00eda Casta\u00f1\u00e9,<\/a> se colaban esp\u00edas por el patio trasero que realizaban informes sobre las mutuas debilidades y en cuanto se daban la vuelta se criticaban como porteras.<\/p>\n<p>Hitler y Mussolini despreciaban a <a href=\"http:\/\/elpais.com\/tag\/francisco_franco\/a\/\" target=\"_blank\" rel=\"noopener noreferrer\">Franco.<\/a> Los dos acabaron en el hoyo trag\u00e1ndose sus fracasos pol\u00edticos y militares. El espa\u00f1ol muri\u00f3 en la cama tras haber jugado todas las bazas a su favor: las del fascismo y, despu\u00e9s, dulcificando su imagen como el protector paterno para la patria que \u00e9l jam\u00e1s tuvo en casa, las de las democracias occidentales.<\/p>\n<p>Leer art\u00edculo completo en: <a href=\"http:\/\/cultura.elpais.com\/cultura\/2015\/03\/13\/actualidad\/1426270034_810705.html\" target=\"_blank\" rel=\"noopener noreferrer\">El Pa\u00eds<\/a>.<\/p>\n<p>&nbsp;<\/p>\n","protected":false},"excerpt":{"rendered":"<p>Fuente: El Pa\u00eds, 14\/03\/2015. Autor: Jes\u00fas Ruiz Mantilla. El Eje fue un sal\u00f3n de desconfianza a tres bandas. Hitler, Mussolini y Franco. El tr\u00edo quer\u00eda dominar Europa y perpetuarse en el trono con poder absoluto. Para ello, se necesitaban. Pero, al tiempo que se enviaban telegramas de felicitaci\u00f3n y agradecimiento, como el que publicamos hoy &hellip; <a href=\"https:\/\/blogsaverroes.juntadeandalucia.es\/aldeacordoba\/?p=258\" class=\"more-link\">Continuar leyendo<span class=\"screen-reader-text\"> \u00abFranco y Hitler: un odio interesado\u00bb<\/span><\/a><\/p>\n","protected":false},"author":168,"featured_media":0,"comment_status":"open","ping_status":"open","sticky":false,"template":"","format":"standard","meta":{"ngg_post_thumbnail":0,"footnotes":""},"categories":[224390,224397],"tags":[224608,224668,224683],"aioseo_notices":[],"_links":{"self":[{"href":"https:\/\/blogsaverroes.juntadeandalucia.es\/aldeacordoba\/index.php?rest_route=\/wp\/v2\/posts\/258"}],"collection":[{"href":"https:\/\/blogsaverroes.juntadeandalucia.es\/aldeacordoba\/index.php?rest_route=\/wp\/v2\/posts"}],"about":[{"href":"https:\/\/blogsaverroes.juntadeandalucia.es\/aldeacordoba\/index.php?rest_route=\/wp\/v2\/types\/post"}],"author":[{"embeddable":true,"href":"https:\/\/blogsaverroes.juntadeandalucia.es\/aldeacordoba\/index.php?rest_route=\/wp\/v2\/users\/168"}],"replies":[{"embeddable":true,"href":"https:\/\/blogsaverroes.juntadeandalucia.es\/aldeacordoba\/index.php?rest_route=%2Fwp%2Fv2%2Fcomments&post=258"}],"version-history":[{"count":0,"href":"https:\/\/blogsaverroes.juntadeandalucia.es\/aldeacordoba\/index.php?rest_route=\/wp\/v2\/posts\/258\/revisions"}],"wp:attachment":[{"href":"https:\/\/blogsaverroes.juntadeandalucia.es\/aldeacordoba\/index.php?rest_route=%2Fwp%2Fv2%2Fmedia&parent=258"}],"wp:term":[{"taxonomy":"category","embeddable":true,"href":"https:\/\/blogsaverroes.juntadeandalucia.es\/aldeacordoba\/index.php?rest_route=%2Fwp%2Fv2%2Fcategories&post=258"},{"taxonomy":"post_tag","embeddable":true,"href":"https:\/\/blogsaverroes.juntadeandalucia.es\/aldeacordoba\/index.php?rest_route=%2Fwp%2Fv2%2Ftags&post=258"}],"curies":[{"name":"wp","href":"https:\/\/api.w.org\/{rel}","templated":true}]}}