{"id":260,"date":"2015-03-27T08:54:50","date_gmt":"2015-03-27T07:54:50","guid":{"rendered":"https:\/\/jmoragahc.wordpress.com\/?p=214"},"modified":"2015-03-27T08:54:50","modified_gmt":"2015-03-27T07:54:50","slug":"denis-diderot-o-la-pasion","status":"publish","type":"post","link":"https:\/\/blogsaverroes.juntadeandalucia.es\/aldeacordoba\/?p=260","title":{"rendered":"Denis Diderot o la pasi\u00f3n."},"content":{"rendered":"<p><img loading=\"lazy\" decoding=\"async\" class=\"alignnone\" src=\"http:\/\/ep01.epimg.net\/elpais\/imagenes\/2013\/10\/01\/opinion\/1380618508_641632_1380897502_noticia_normal.jpg\" alt=\"\" width=\"300\" height=\"439\" \/><\/p>\n<p>Autora: <strong>Mar\u00eda Jos\u00e9 Villaverde<\/strong>.<\/p>\n<p>Fuente: <a href=\"http:\/\/elpais.com\/elpais\/2013\/10\/01\/opinion\/1380618508_641632.html\" target=\"_blank\" rel=\"noopener noreferrer\">El Pa\u00eds<\/a>, 5\/X\/2013<\/p>\n<p><em>Sapere aude:<\/em>atr\u00e9vete a pensar por ti mismo, a cribar las creencias religiosas establecidas, las ideas pol\u00edticas convencionales, las concepciones cient\u00edficas tradicionales, las costumbres, la moral\u2026 Bajo ese lema ilustrado y en el sal\u00f3n de la rue Royale del bar\u00f3n D\u2019Holbach, se reunieron dos veces por semana durante un cuarto de siglo los librepensadores e intelectuales m\u00e1s avanzados de su \u00e9poca. En torno a una mesa de platos refinados y de vinos exquisitos destacaba el verbo apasionado del m\u00e1s audaz de todos ellos, Diderot.<\/p>\n<p>Denis Diderot, que se convertir\u00e1 en la punta de lanza de la Ilustraci\u00f3n radical, hab\u00eda nacido el 5 de octubre de 1713 en Langres (Francia). Cuando, con 15 a\u00f1os, aterriza en Par\u00eds para ingresar en uno de los grandes colegios jesuitas, el Louis-le-Grand, vivero de personajes c\u00e9lebres como Moli\u00e8re o Voltaire, es un devoto muchacho de provincias que se prepara para ser sacerdote pero que ser\u00e1, m\u00e1s tarde, arrastrado hacia la vida bohemia. Como tantos otros plebeyos desde Rousseau a Raynal (su padre era un pr\u00f3spero forjador de cuchillos), conquistar\u00e1 Par\u00eds y acabar\u00e1 siendo el alma del sal\u00f3n de D\u2019Holbach.<\/p>\n<p>Leer art\u00edculo completo en <a href=\"http:\/\/elpais.com\/elpais\/2013\/10\/01\/opinion\/1380618508_641632.html\" target=\"_blank\" rel=\"noopener noreferrer\"><em>El Pa\u00eds<\/em><\/a>.<\/p>\n","protected":false},"excerpt":{"rendered":"<p>Autora: Mar\u00eda Jos\u00e9 Villaverde. Fuente: El Pa\u00eds, 5\/X\/2013 Sapere aude:atr\u00e9vete a pensar por ti mismo, a cribar las creencias religiosas establecidas, las ideas pol\u00edticas convencionales, las concepciones cient\u00edficas tradicionales, las costumbres, la moral\u2026 Bajo ese lema ilustrado y en el sal\u00f3n de la rue Royale del bar\u00f3n D\u2019Holbach, se reunieron dos veces por semana durante &hellip; <a href=\"https:\/\/blogsaverroes.juntadeandalucia.es\/aldeacordoba\/?p=260\" class=\"more-link\">Continuar leyendo<span class=\"screen-reader-text\"> \u00abDenis Diderot o la pasi\u00f3n.\u00bb<\/span><\/a><\/p>\n","protected":false},"author":168,"featured_media":0,"comment_status":"open","ping_status":"open","sticky":false,"template":"","format":"standard","meta":{"ngg_post_thumbnail":0,"footnotes":""},"categories":[224380],"tags":[224552,224568,224607,224686,224871],"aioseo_notices":[],"_links":{"self":[{"href":"https:\/\/blogsaverroes.juntadeandalucia.es\/aldeacordoba\/index.php?rest_route=\/wp\/v2\/posts\/260"}],"collection":[{"href":"https:\/\/blogsaverroes.juntadeandalucia.es\/aldeacordoba\/index.php?rest_route=\/wp\/v2\/posts"}],"about":[{"href":"https:\/\/blogsaverroes.juntadeandalucia.es\/aldeacordoba\/index.php?rest_route=\/wp\/v2\/types\/post"}],"author":[{"embeddable":true,"href":"https:\/\/blogsaverroes.juntadeandalucia.es\/aldeacordoba\/index.php?rest_route=\/wp\/v2\/users\/168"}],"replies":[{"embeddable":true,"href":"https:\/\/blogsaverroes.juntadeandalucia.es\/aldeacordoba\/index.php?rest_route=%2Fwp%2Fv2%2Fcomments&post=260"}],"version-history":[{"count":0,"href":"https:\/\/blogsaverroes.juntadeandalucia.es\/aldeacordoba\/index.php?rest_route=\/wp\/v2\/posts\/260\/revisions"}],"wp:attachment":[{"href":"https:\/\/blogsaverroes.juntadeandalucia.es\/aldeacordoba\/index.php?rest_route=%2Fwp%2Fv2%2Fmedia&parent=260"}],"wp:term":[{"taxonomy":"category","embeddable":true,"href":"https:\/\/blogsaverroes.juntadeandalucia.es\/aldeacordoba\/index.php?rest_route=%2Fwp%2Fv2%2Fcategories&post=260"},{"taxonomy":"post_tag","embeddable":true,"href":"https:\/\/blogsaverroes.juntadeandalucia.es\/aldeacordoba\/index.php?rest_route=%2Fwp%2Fv2%2Ftags&post=260"}],"curies":[{"name":"wp","href":"https:\/\/api.w.org\/{rel}","templated":true}]}}