{"id":265,"date":"2015-03-24T19:38:16","date_gmt":"2015-03-24T18:38:16","guid":{"rendered":"https:\/\/jmoragahc.wordpress.com\/?p=225"},"modified":"2015-03-24T19:38:16","modified_gmt":"2015-03-24T18:38:16","slug":"los-costes-del-nazismo-aleman-para-grecia-y-para-espana","status":"publish","type":"post","link":"https:\/\/blogsaverroes.juntadeandalucia.es\/aldeacordoba\/?p=265","title":{"rendered":"Los costes del nazismo alem\u00e1n para Grecia (y para Espa\u00f1a)"},"content":{"rendered":"<figure style=\"width: 560px\" class=\"wp-caption alignnone\"><img loading=\"lazy\" decoding=\"async\" class=\"\" src=\"http:\/\/ep00.epimg.net\/internacional\/imagenes\/2013\/04\/24\/actualidad\/1366820281_434731_1366821165_noticia_normal.jpg\" alt=\"\" width=\"560\" height=\"363\" \/><figcaption class=\"wp-caption-text\">Izado de la esv\u00e1stica en la Acr\u00f3polis de Atenas en 1941. \/ SCHEERER (BUNDESARCHIV)<\/figcaption><\/figure>\n<p><strong>Autor:<\/strong> <strong>Vicen\u00e7 Navarro<\/strong>.<\/p>\n<p><strong>Fuente:<\/strong> <em>Diario <a href=\"http:\/\/blogs.publico.es\/vicenc-navarro\/2015\/03\/24\/los-costes-del-nazismo-aleman-para-grecia-y-para-espana\/\" target=\"_blank\" rel=\"noopener noreferrer\">El P\u00fcblico<\/a><\/em>, 24\/03\/2015<\/p>\n<p>Para entender la crisis existente en la Uni\u00f3n Europea, ayuda el conocer la que ocurri\u00f3 en los a\u00f1os treinta en Europa, y como ambas crisis han afectado la relaci\u00f3n de Alemania -el centro del sistema econ\u00f3mico europeo- con la periferia, centr\u00e1ndonos en este art\u00edculo en Grecia, y con algunas notas tambi\u00e9n de la relaci\u00f3n de Alemania con Espa\u00f1a en ambos periodos hist\u00f3ricos.<\/p>\n<p>En Alemania, la primera crisis, generada en parte por la enorme deuda p\u00fablica acumulada, resultado de las exigencias de los pa\u00edses vencedores de la I Guerra Mundial de que este pa\u00eds pagara las reparaciones por los da\u00f1os infligidos a los pa\u00edses enemigos durante el conflicto b\u00e9lico, determin\u00f3 la elecci\u00f3n de un gobierno Nazi liderado por Hitler. La enorme austeridad de gasto p\u00fablico, con los grandes recortes realizados con el objetivo de pagar la deuda, y las reformas del mercado laboral que contribuyeron al crecimiento del desempleo generado por aquellos recortes, causaron un rechazo de la poblaci\u00f3n hacia los partidos que impusieron tales medidas y llevaron a la primera elecci\u00f3n de un gobierno Nazi en Europa. Hay que recordar que el nazismo alcanz\u00f3 el poder en Alemania por la v\u00eda democr\u00e1tica debido a su atractivo electoral (y tambi\u00e9n a la divisi\u00f3n de las izquierdas, concretamente entre el Partido Socialdem\u00f3crata y el Partido Comunista).<\/p>\n<p>El nazismo sac\u00f3 a Alemania de la crisis econ\u00f3mica mediante la militarizaci\u00f3n de su econom\u00eda (keynesianismo militar) y al expolio de los pa\u00edses perif\u00e9ricos, incluyendo Grecia. La ocupaci\u00f3n de Grecia (1941-1945) fue de las m\u00e1s brutales que hayan existido en Europa. Aquel periodo se caracteriz\u00f3 por un sinf\u00edn de atrocidades. Pueblos y ciudades fueron testigos de aquellas brutalidades. Mousiotitsa (153 hombres, mujeres y ni\u00f1os), Kommeno (317 hombres, mujeres y ni\u00f1os, donde incluso 30 ni\u00f1os de menos de un a\u00f1o fueron asesinados y 38 personas fueron quemadas vivas en su casa), Kondomari (60 asesinados), Kardanos (m\u00e1s de 180), Distomo (214 muertos), y as\u00ed una larga lista. M\u00e1s de 460 poblaciones fueron destruidas y m\u00e1s de 130.000 civiles fueron asesinados, adem\u00e1s de m\u00e1s de 60.000 jud\u00edos que representaban la mayor\u00eda de la poblaci\u00f3n jud\u00eda en Grecia. El sacrificio humano fue enorme. Y la represi\u00f3n estaba encaminada a sostener una enorme explotaci\u00f3n y latrocinio. En realidad, el III Reich rob\u00f3 el equivalente en moneda alemana de 475 millones de marcos, que significar\u00eda en moneda actual 95.000 millones de euros. Ante esta situaci\u00f3n, <em>\u00bfc\u00f3mo puede ped\u00edrsele a las clases populares, que fueron las que sufrieron en mayor medida la represi\u00f3n, que olviden esta etapa de su vida?<\/em> (ver Conn Hallinan: \u201cGreece: Memory and Debt\u201d, <em>Znet Magazine, <\/em>18.03.15, de donde extraigo la mayor\u00eda de datos de este art\u00edculo).<\/p>\n<p>Leer art\u00edculo completo en <a href=\"http:\/\/blogs.publico.es\/vicenc-navarro\/2015\/03\/24\/los-costes-del-nazismo-aleman-para-grecia-y-para-espana\/\" target=\"_blank\" rel=\"noopener noreferrer\"><em>El P\u00fablico,<\/em><\/a><\/p>\n","protected":false},"excerpt":{"rendered":"<p>Autor: Vicen\u00e7 Navarro. Fuente: Diario El P\u00fcblico, 24\/03\/2015 Para entender la crisis existente en la Uni\u00f3n Europea, ayuda el conocer la que ocurri\u00f3 en los a\u00f1os treinta en Europa, y como ambas crisis han afectado la relaci\u00f3n de Alemania -el centro del sistema econ\u00f3mico europeo- con la periferia, centr\u00e1ndonos en este art\u00edculo en Grecia, y &hellip; <a href=\"https:\/\/blogsaverroes.juntadeandalucia.es\/aldeacordoba\/?p=265\" class=\"more-link\">Continuar leyendo<span class=\"screen-reader-text\"> \u00abLos costes del nazismo alem\u00e1n para Grecia (y para Espa\u00f1a)\u00bb<\/span><\/a><\/p>\n","protected":false},"author":168,"featured_media":0,"comment_status":"open","ping_status":"open","sticky":false,"template":"","format":"standard","meta":{"ngg_post_thumbnail":0,"footnotes":""},"categories":[224390,224391,224395,224398],"tags":[224416,224527,224633,224851],"aioseo_notices":[],"_links":{"self":[{"href":"https:\/\/blogsaverroes.juntadeandalucia.es\/aldeacordoba\/index.php?rest_route=\/wp\/v2\/posts\/265"}],"collection":[{"href":"https:\/\/blogsaverroes.juntadeandalucia.es\/aldeacordoba\/index.php?rest_route=\/wp\/v2\/posts"}],"about":[{"href":"https:\/\/blogsaverroes.juntadeandalucia.es\/aldeacordoba\/index.php?rest_route=\/wp\/v2\/types\/post"}],"author":[{"embeddable":true,"href":"https:\/\/blogsaverroes.juntadeandalucia.es\/aldeacordoba\/index.php?rest_route=\/wp\/v2\/users\/168"}],"replies":[{"embeddable":true,"href":"https:\/\/blogsaverroes.juntadeandalucia.es\/aldeacordoba\/index.php?rest_route=%2Fwp%2Fv2%2Fcomments&post=265"}],"version-history":[{"count":0,"href":"https:\/\/blogsaverroes.juntadeandalucia.es\/aldeacordoba\/index.php?rest_route=\/wp\/v2\/posts\/265\/revisions"}],"wp:attachment":[{"href":"https:\/\/blogsaverroes.juntadeandalucia.es\/aldeacordoba\/index.php?rest_route=%2Fwp%2Fv2%2Fmedia&parent=265"}],"wp:term":[{"taxonomy":"category","embeddable":true,"href":"https:\/\/blogsaverroes.juntadeandalucia.es\/aldeacordoba\/index.php?rest_route=%2Fwp%2Fv2%2Fcategories&post=265"},{"taxonomy":"post_tag","embeddable":true,"href":"https:\/\/blogsaverroes.juntadeandalucia.es\/aldeacordoba\/index.php?rest_route=%2Fwp%2Fv2%2Ftags&post=265"}],"curies":[{"name":"wp","href":"https:\/\/api.w.org\/{rel}","templated":true}]}}