{"id":266,"date":"2015-03-29T08:16:01","date_gmt":"2015-03-29T07:16:01","guid":{"rendered":"https:\/\/jmoragahc.wordpress.com\/?p=227"},"modified":"2015-03-29T08:16:01","modified_gmt":"2015-03-29T07:16:01","slug":"declaracion-de-independencia-de-grecia-1822","status":"publish","type":"post","link":"https:\/\/blogsaverroes.juntadeandalucia.es\/aldeacordoba\/?p=266","title":{"rendered":"Declaraci\u00f3n de independencia de Grecia (1822)."},"content":{"rendered":"<figure style=\"width: 600px\" class=\"wp-caption aligncenter\"><img loading=\"lazy\" decoding=\"async\" class=\"\" src=\"http:\/\/www.parismuseumpass.com\/datas\/musees\/m\/u\/muse-national-eugne-delacroix\/xl\/musee-national-eugen-4ba7319a6d18c.jpg\" alt=\"\" width=\"600\" height=\"337\" \/><figcaption class=\"wp-caption-text\">La matanza de Qu\u00edos, 1824.<\/figcaption><\/figure>\n<p>\u00abNosotros, descendientes de los sabios y nobles pueblos de la H\u00e9lade, nosotros que somos los contempor\u00e1neos de las esclarecidas y civilizadas naciones de Europa [&#8230;] no encontramos ya posible sufrir sin cobard\u00eda y autodesprecio el yugo cruel del poder otomano que nos ha sometido por m\u00e1s de cuatro siglos [&#8230;].<br \/>\nLa naci\u00f3n griega toma por testigos al cielo y la tierra de que, a pesar del yugo espantoso de los otomanos que amenazaban con aniquilarla, existe todav\u00eda. Despu\u00e9s de esta prologada esclavitud hemos decidido recurrir a las armas para vengarnos y vengar a nuestra patria contra una terrible tiran\u00eda. [&#8230;] Despu\u00e9s de haber rechazado la violencia \u00fanicamente gracias a la valent\u00eda de sus hijos, declara hoy ante Dios y ante los hombres, mediante el \u00f3rgano de sus representantes leg\u00edtimos reunidos en congreso nacional, su independencia pol\u00edtica.<br \/>\nEsta guerra contra los turcos en la que nos hallamos empe\u00f1ados no es la de una fracci\u00f3n o el resultado de una sedici\u00f3n. No est\u00e1 destinada a la obtenci\u00f3n de ventajas para una parte aislada del pueblo griego; es una guerra nacional, una guerra sagrada, una guerra cuyo objetivo es reconquistar los derechos de la libertad individual, de la propiedad y del honor, derechos que los pueblos civilizados de Europa, nuestros vecinos, gozan hoy.<br \/>\n\u00bfDeber\u00edan se los griegos los \u00fanicos europeos apartados, como si fueran indignos, de esos derechos que Dios ha establecido para todos los hombres? \u00bfO bien estaban condenados por su naturaleza a una esclavizaci\u00f3n eterna que perpetuaba en su pa\u00eds la expoliaci\u00f3n y las masacres? La fuerza brutal de unas cuantas hordas de b\u00e1rbaros que, sin que se les hubiera provocado, vinieron, precedidas por la matanza y seguidas por el esp\u00edritu de destrucci\u00f3n, a establecerse entre nosotros \u00bfpodr\u00eda ser legalizada en alg\u00fan momento por el derecho de los habitantes de Europa?<br \/>\nPartiendo de estos principios y convencidos de nuestros derechos, solo queremos, solo reclamamos nuestra reintegraci\u00f3n a la asociaci\u00f3n europea, ya que nuestra religi\u00f3n, nuestras costumbres y nuestra posici\u00f3n nos invitan a unirnos a la gran familia de los cristianos. Caminemos de com\u00fan acuerdo hacia nuestra liberaci\u00f3n, con la firme resoluci\u00f3n de obtenerla o sepultar para siempre nuestras desgracias bajo una ruina digna de nuestro origen.<\/p>\n<p>Asamblea Nacional Griega, 27 de enero de 1822. Proclamaci\u00f3n de la independencia de Grecia.<\/p>\n<figure style=\"width: 199px\" class=\"wp-caption alignnone\"><img loading=\"lazy\" decoding=\"async\" class=\"\" src=\"http:\/\/image.casadellibro.com\/a\/l\/t0\/04\/9788483230404.jpg\" alt=\"\" width=\"199\" height=\"320\" \/><figcaption class=\"wp-caption-text\">Richard Clogg: Una concisa Historia de Grecia, 1998.<\/figcaption><\/figure>\n","protected":false},"excerpt":{"rendered":"<p>\u00abNosotros, descendientes de los sabios y nobles pueblos de la H\u00e9lade, nosotros que somos los contempor\u00e1neos de las esclarecidas y civilizadas naciones de Europa [&#8230;] no encontramos ya posible sufrir sin cobard\u00eda y autodesprecio el yugo cruel del poder otomano que nos ha sometido por m\u00e1s de cuatro siglos [&#8230;]. La naci\u00f3n griega toma por &hellip; <a href=\"https:\/\/blogsaverroes.juntadeandalucia.es\/aldeacordoba\/?p=266\" class=\"more-link\">Continuar leyendo<span class=\"screen-reader-text\"> \u00abDeclaraci\u00f3n de independencia de Grecia (1822).\u00bb<\/span><\/a><\/p>\n","protected":false},"author":168,"featured_media":0,"comment_status":"open","ping_status":"open","sticky":false,"template":"","format":"standard","meta":{"ngg_post_thumbnail":0,"footnotes":""},"categories":[224381],"tags":[224400,224633,224697,224865,224875],"aioseo_notices":[],"_links":{"self":[{"href":"https:\/\/blogsaverroes.juntadeandalucia.es\/aldeacordoba\/index.php?rest_route=\/wp\/v2\/posts\/266"}],"collection":[{"href":"https:\/\/blogsaverroes.juntadeandalucia.es\/aldeacordoba\/index.php?rest_route=\/wp\/v2\/posts"}],"about":[{"href":"https:\/\/blogsaverroes.juntadeandalucia.es\/aldeacordoba\/index.php?rest_route=\/wp\/v2\/types\/post"}],"author":[{"embeddable":true,"href":"https:\/\/blogsaverroes.juntadeandalucia.es\/aldeacordoba\/index.php?rest_route=\/wp\/v2\/users\/168"}],"replies":[{"embeddable":true,"href":"https:\/\/blogsaverroes.juntadeandalucia.es\/aldeacordoba\/index.php?rest_route=%2Fwp%2Fv2%2Fcomments&post=266"}],"version-history":[{"count":0,"href":"https:\/\/blogsaverroes.juntadeandalucia.es\/aldeacordoba\/index.php?rest_route=\/wp\/v2\/posts\/266\/revisions"}],"wp:attachment":[{"href":"https:\/\/blogsaverroes.juntadeandalucia.es\/aldeacordoba\/index.php?rest_route=%2Fwp%2Fv2%2Fmedia&parent=266"}],"wp:term":[{"taxonomy":"category","embeddable":true,"href":"https:\/\/blogsaverroes.juntadeandalucia.es\/aldeacordoba\/index.php?rest_route=%2Fwp%2Fv2%2Fcategories&post=266"},{"taxonomy":"post_tag","embeddable":true,"href":"https:\/\/blogsaverroes.juntadeandalucia.es\/aldeacordoba\/index.php?rest_route=%2Fwp%2Fv2%2Ftags&post=266"}],"curies":[{"name":"wp","href":"https:\/\/api.w.org\/{rel}","templated":true}]}}