{"id":268,"date":"2015-04-06T08:55:28","date_gmt":"2015-04-06T07:55:28","guid":{"rendered":"https:\/\/jmoragahc.wordpress.com\/?p=233"},"modified":"2015-04-06T08:55:28","modified_gmt":"2015-04-06T07:55:28","slug":"como-ha-cambiado-el-consumo-de-energia-desde-el-siglo-xviii","status":"publish","type":"post","link":"https:\/\/blogsaverroes.juntadeandalucia.es\/aldeacordoba\/?p=268","title":{"rendered":"C\u00f3mo ha cambiado el consumo de energ\u00eda desde el siglo XVIII."},"content":{"rendered":"<figure style=\"width: 640px\" class=\"wp-caption aligncenter\"><img loading=\"lazy\" decoding=\"async\" class=\"\" src=\"http:\/\/blogthinkbig.com\/wp-content\/uploads\/2013\/07\/tren-vapor-640x200.jpg\" alt=\"\" width=\"640\" height=\"200\" \/><figcaption class=\"wp-caption-text\">Imagen: JohnGreyTurner.<\/figcaption><\/figure>\n<p><strong>Autor: <span class=\"author vcard\"><a class=\"url fn\" title=\"Entradas por Pablo G. Bejerano\" href=\"http:\/\/blogthinkbig.com\/autor\/pablo-g-bejerano\/\" rel=\"author\">Pablo G. Bejerano.<\/a><\/span><br \/>\n<\/strong><\/p>\n<p><strong>Fuente: <a href=\"http:\/\/blogthinkbig.com\/consumo-de-energia-siglo-xviii\/\" target=\"_blank\" rel=\"noopener noreferrer\">Think Big,<\/a> Telef\u00f3nica. <\/strong><strong><span class=\"author vcard\">28 de julio de 2013 <\/span><\/strong><\/p>\n<p>Desde los comienzos de la Revoluci\u00f3n Industrial hasta ahora, las sociedades han cambiado mucho su forma de consumir energ\u00eda. En el siglo XVIII no exist\u00edan los combustibles f\u00f3siles, pese a que el petr\u00f3leo se utilizaba desde hac\u00eda tiempo con fines m\u00e9dicos y militares, siendo la principal fuente energ\u00e9tica la madera. Hoy en d\u00eda, las renovables conviven al lado de la nuclear y las principales f\u00f3siles, mientras que la electricidad ha sido parte esencial en el desarrollo, facilitando el almacenamiento y el transporte.<\/p>\n<p>Una de las agencias estadounidenses para la energ\u00eda, la US Energy Information, ha publicado recientemente un <a href=\"http:\/\/www.eia.gov\/todayinenergy\/detail.cfm?id=11951\" target=\"_blank\" rel=\"noopener noreferrer\">gr\u00e1fico<\/a> en el que se puede ver <strong>la evoluci\u00f3n del consumo energ\u00e9tico desde 1776<\/strong>, fecha fijada por ser el a\u00f1o de la independencia del pa\u00eds. La informaci\u00f3n se refiere exclusivamente a Estados Unidos, pero no deja de ser un reflejo de los cambios que ha habido a lo largo del tiempo globalmente.<\/p>\n<p><!--more--><\/p>\n<p>En un primer momento, antes de la era industrial <strong>la mayor parte de la energ\u00eda proven\u00eda de la madera<\/strong>, que se utilizaba para encender fuegos en hogares, talleres y en el sector fabril existente. Tambi\u00e9n se optaba por otras fuentes naturales, como la que utilizaban los molinos de agua.<\/p>\n<p><img loading=\"lazy\" decoding=\"async\" class=\"aligncenter\" src=\"http:\/\/blogthinkbig.com\/wp-content\/uploads\/2013\/07\/grafico.png\" alt=\"energ\u00eda\" width=\"572\" height=\"283\" \/><\/p>\n<p>En Estados Unidos la Revoluci\u00f3n Industrial cobr\u00f3 importancia ya bien entrado el siglo XIX, por lo que esto se refleja tambi\u00e9n en el consumo de energ\u00eda. Se comienza a utilizar <strong>el carb\u00f3n, el combustible que alimentaba a la m\u00e1quina de vapor<\/strong>, invento estandarte de la Primera Revoluci\u00f3n Industrial. En el pa\u00eds pionero de la industrializaci\u00f3n, como es Gran Breta\u00f1a, es de suponer que el consumo del carb\u00f3n comenzara a incrementarse unas d\u00e9cadas antes.<\/p>\n<p>El carb\u00f3n lider\u00f3 el crecimiento industrial hasta pr\u00e1cticamente mediados del siglo XX, cuando fue revelado por el petr\u00f3leo como primera fuente. Sin embargo, sus usos se han reinventado y a\u00fan hoy se emplea mayoritariamente como materia prima para generar electricidad, debido a su bajo precio, pese a las emisiones que vierte a la atm\u00f3sfera.<\/p>\n<h2>El auge del petr\u00f3leo y el gas<\/h2>\n<p>La Segunda Revoluci\u00f3n Industrial (a mediados y finales del siglo XIX) supone un hondo punto de inflexi\u00f3n en el consumo energ\u00e9tico. Surgieron el petr\u00f3leo y el gas como fuentes energ\u00e9ticas. \u00c9stas ser\u00e1n las que <strong>alimenten los nuevos inventos, como el motor de combusti\u00f3n interna<\/strong>, que propulsar\u00e1 al autom\u00f3vil y, m\u00e1s adelante, a los aviones. La aparici\u00f3n de la electricidad es decisiva, ya que constituye una forma de almacenar y transportar la energ\u00eda de forma refinada y estandarizada, facilitando en gran medida el consumo.<\/p>\n<p>El petr\u00f3leo creci\u00f3 a partir de entonces y lo hizo m\u00e1s r\u00e1pido que el gas, hasta convertirse en la fuente de energ\u00eda m\u00e1s utilizada a mediados del siglo XX. En la gr\u00e1fica se aprecia, sin embargo, un descenso de estos dos combustibles en los a\u00f1os 70. Este bache fue <strong>consecuencia de la Crisis del Petr\u00f3leo de 1973<\/strong>, en la que los pa\u00edses de la OPEP (Organizaci\u00f3n de Pa\u00edses Exportadores de Petr\u00f3leo) se negaron a exportar sus energ\u00edas f\u00f3siles a los estados que hab\u00edan apoyado a Israel (Occidente) en la reciente Guerra de Yom Kippur. Una sucesiva crisis, la del 79, surgida a ra\u00edz de la Revoluci\u00f3n Isl\u00e1mica en Ir\u00e1n y el enfrentamiento de este pa\u00eds con Irak, exportadores, retras\u00f3 la recuperaci\u00f3n.<\/p>\n<h2>La energ\u00eda nuclear y el despegue de las renovables<\/h2>\n<p>La crisis de los a\u00f1os 70 sirve de impulso a las energ\u00edas renovables, que aparecen por el deseo de los pa\u00edses occidentales de buscar alternativas que los libren de la dependencia de los estados petroleros. Tambi\u00e9n influye el empuj\u00f3n del movimiento ecologista, que germina en esta \u00e9poca, a ra\u00edz de varios desastres (en los que se ven involucrados vertidos y radiaci\u00f3n) que <strong>sensibilizan a parte de la sociedad en contra de la contaminaci\u00f3n<\/strong>.<\/p>\n<p>Ya antes de estos a\u00f1os hab\u00edan comenzado las pruebas para construir un reactor nuclear destinado al uso civil. Tras el final de la Segunda Guerra Mundial, con las bombas at\u00f3micas de Hiroshima y Nagasaki, las investigaciones en este campo van traslad\u00e1ndose del \u00e1mbito militar al comercial. En la segunda mitad del siglo XX, como refleja el gr\u00e1fico, el consumo de energ\u00eda nuclear empieza a crecer.<\/p>\n","protected":false},"excerpt":{"rendered":"<p>Autor: Pablo G. Bejerano. Fuente: Think Big, Telef\u00f3nica. 28 de julio de 2013 Desde los comienzos de la Revoluci\u00f3n Industrial hasta ahora, las sociedades han cambiado mucho su forma de consumir energ\u00eda. En el siglo XVIII no exist\u00edan los combustibles f\u00f3siles, pese a que el petr\u00f3leo se utilizaba desde hac\u00eda tiempo con fines m\u00e9dicos y &hellip; <a href=\"https:\/\/blogsaverroes.juntadeandalucia.es\/aldeacordoba\/?p=268\" class=\"more-link\">Continuar leyendo<span class=\"screen-reader-text\"> \u00abC\u00f3mo ha cambiado el consumo de energ\u00eda desde el siglo XVIII.\u00bb<\/span><\/a><\/p>\n","protected":false},"author":168,"featured_media":0,"comment_status":"open","ping_status":"open","sticky":false,"template":"","format":"standard","meta":{"ngg_post_thumbnail":0,"footnotes":""},"categories":[224379,224384,224398],"tags":[224467,224559,224569,224824,224872],"aioseo_notices":[],"_links":{"self":[{"href":"https:\/\/blogsaverroes.juntadeandalucia.es\/aldeacordoba\/index.php?rest_route=\/wp\/v2\/posts\/268"}],"collection":[{"href":"https:\/\/blogsaverroes.juntadeandalucia.es\/aldeacordoba\/index.php?rest_route=\/wp\/v2\/posts"}],"about":[{"href":"https:\/\/blogsaverroes.juntadeandalucia.es\/aldeacordoba\/index.php?rest_route=\/wp\/v2\/types\/post"}],"author":[{"embeddable":true,"href":"https:\/\/blogsaverroes.juntadeandalucia.es\/aldeacordoba\/index.php?rest_route=\/wp\/v2\/users\/168"}],"replies":[{"embeddable":true,"href":"https:\/\/blogsaverroes.juntadeandalucia.es\/aldeacordoba\/index.php?rest_route=%2Fwp%2Fv2%2Fcomments&post=268"}],"version-history":[{"count":0,"href":"https:\/\/blogsaverroes.juntadeandalucia.es\/aldeacordoba\/index.php?rest_route=\/wp\/v2\/posts\/268\/revisions"}],"wp:attachment":[{"href":"https:\/\/blogsaverroes.juntadeandalucia.es\/aldeacordoba\/index.php?rest_route=%2Fwp%2Fv2%2Fmedia&parent=268"}],"wp:term":[{"taxonomy":"category","embeddable":true,"href":"https:\/\/blogsaverroes.juntadeandalucia.es\/aldeacordoba\/index.php?rest_route=%2Fwp%2Fv2%2Fcategories&post=268"},{"taxonomy":"post_tag","embeddable":true,"href":"https:\/\/blogsaverroes.juntadeandalucia.es\/aldeacordoba\/index.php?rest_route=%2Fwp%2Fv2%2Ftags&post=268"}],"curies":[{"name":"wp","href":"https:\/\/api.w.org\/{rel}","templated":true}]}}