{"id":273,"date":"2015-04-14T08:04:03","date_gmt":"2015-04-14T07:04:03","guid":{"rendered":"https:\/\/jmoragahc.wordpress.com\/?p=239"},"modified":"2015-04-14T08:04:03","modified_gmt":"2015-04-14T07:04:03","slug":"biografia-de-helmut-kohl","status":"publish","type":"post","link":"https:\/\/blogsaverroes.juntadeandalucia.es\/aldeacordoba\/?p=273","title":{"rendered":"Biograf\u00eda de Helmut Kohl"},"content":{"rendered":"<figure style=\"width: 192px\" class=\"wp-caption alignleft\"><img loading=\"lazy\" decoding=\"async\" style=\"border:1px solid #000000;margin-bottom:10px;margin-right:20px\" src=\"http:\/\/www.cidob.org\/var\/plain\/storage\/images\/documentacion\/biografias_lideres_politicos\/europa\/alemania\/helmut_kohl\/14033-7-esl-ES\/helmut_kohl_ficha_biografia.jpg\" alt=\"\" width=\"192\" height=\"251\" \/><figcaption class=\"wp-caption-text\">Cr\u00e9dito fotogr\u00e1fico: \u00a9 US Department of Defense\/Helene C. Stikkel<\/figcaption><\/figure>\n<p class=\"cargo\">Alemania, <strong>Canciller federal<\/strong><\/p>\n<p><strong>Duraci\u00f3n del mandato:<\/strong> 01 de Octubre de 1982 &#8211; 27 de Octubre de 1998<\/p>\n<p><strong>Nacimiento:<\/strong> Ludwigshafen, Renania-Palatinado , 03 de Abril de 1930<\/p>\n<p><strong>Partido pol\u00edtico:<\/strong> CDU<\/p>\n<p><strong>Profesi\u00f3n:<\/strong> Historiador<\/p>\n<div class=\"explicacionsec_bio\">\n<h4>Resumen<\/h4>\n<p>Hijo de un funcionario de finanzas profundamente cat\u00f3lico sin ning\u00fan v\u00ednculo con el nazismo, como ni\u00f1o vivi\u00f3 el drama de la guerra y los estertores del III Reich. Su hermano mayor, Walter, muri\u00f3 en el frente en oto\u00f1o de 1944 y \u00e9l, junto con otros ni\u00f1os de su edad, fue evacuado a un campamento de instrucci\u00f3n en Austria. La rendici\u00f3n alemana en mayo de 1945 le salv\u00f3 por poco de ser movilizado en el Ej\u00e9rcito (en las \u00faltimas semana de la guerra los muchachos de 16 a\u00f1os fueron llamados a filas) y desde Austria regres\u00f3 a pie a Ludwigshafen, que hall\u00f3 ocupada por las tropas norteamericanas.<\/p>\n<h4>Biograf\u00eda<\/h4>\n<div align=\"justify\"><a href=\"http:\/\/www.cidob.org\/es\/documentacion\/biografias_lideres_politicos\/europa\/alemania\/helmut_kohl#1\">1. Del liderazgo de la CDU a la Canciller\u00eda Federal<\/a><br \/>\n<a href=\"http:\/\/www.cidob.org\/es\/documentacion\/biografias_lideres_politicos\/europa\/alemania\/helmut_kohl#2\">2. Enre los <i>euromisiles<\/i> y la construcci\u00f3n europea<\/a><br \/>\n<a href=\"http:\/\/www.cidob.org\/es\/documentacion\/biografias_lideres_politicos\/europa\/alemania\/helmut_kohl#3\">3. Papel central en la reunificaci\u00f3n de Alemania<\/a><br \/>\n<a href=\"http:\/\/www.cidob.org\/es\/documentacion\/biografias_lideres_politicos\/europa\/alemania\/helmut_kohl#4\">4. La resaca de la reunificaci\u00f3n y nuevas incertidumbres<\/a><br \/>\n<a href=\"http:\/\/www.cidob.org\/es\/documentacion\/biografias_lideres_politicos\/europa\/alemania\/helmut_kohl#5\">5. Definidor de la nueva pol\u00edtica exterior alemana<\/a><br \/>\n<a href=\"http:\/\/www.cidob.org\/es\/documentacion\/biografias_lideres_politicos\/europa\/alemania\/helmut_kohl#6\">6. Dificultades para entrar en la moneda com\u00fan europea<\/a><br \/>\n<a href=\"http:\/\/www.cidob.org\/es\/documentacion\/biografias_lideres_politicos\/europa\/alemania\/helmut_kohl#7\">7. Desgaste final y derrota en las urnas<\/a><br \/>\n<a href=\"http:\/\/www.cidob.org\/es\/documentacion\/biografias_lideres_politicos\/europa\/alemania\/helmut_kohl#8\">8. El esc\u00e1ndalo de la financiaci\u00f3n ilegal de la CDU<\/a><b>1. Del liderazgo de la CDU a la Canciller\u00eda Federal<\/b><br \/>\nEn 1950 termin\u00f3 el bachillerato e inici\u00f3 estudios de Derecho, Historia, Sociolog\u00eda y Ciencias Pol\u00edticas en la Universidad de Frankfurt y, desde 1954, en la de Heidelberg. En 1958 obtuvo el doctorado en Historia y al a\u00f1o siguiente entr\u00f3 de director de secci\u00f3n en la Asociaci\u00f3n de la Industria Qu\u00edmica de Ludwigshafen, labor que desarroll\u00f3 hasta 1969.Militante de la Uni\u00f3n Cristiano Dem\u00f3crata (CDU) desde los 17 a\u00f1os, en 1953 fue elegido miembro de la Junta Directiva de la Asociaci\u00f3n regional de la CDU en el Palatinado, puesto que desempe\u00f1\u00f3 durante las dos d\u00e9cadas siguientes pese a los cometidos m\u00e1s elevados que fue adquiriendo, y al a\u00f1o siguiente vicepresidente de la Joven Uni\u00f3n democristiana de Renania-Palatinado, labor que realiz\u00f3 hasta 1961.En este <i>land<\/i> o estado federado, Kohl hizo toda su carrera pol\u00edtica antes de alcanzar posiciones de responsabilidad federal en Bonn. Sirvi\u00f3 como miembro de la Ejecutiva estatal de la CDU (1955-1966), diputado en el Landtag o Asamblea Estatal (1959-1967), presidente de la fracci\u00f3n de la CDU en el ayuntamiento de Ludwigshafen (1960-1967), vicepresidente (1961-1963) y presidente (1963-1969) de la fracci\u00f3n de la CDU en el Landtag, vicepresidente del partido en el Palatinado (1962), presidente del mismo en todo el estado (1966-1973) y, finalmente, ministro-presidente del land de Renania-Palatinado entre 1969 y 1976.<\/p>\n<p>Miembro del Comit\u00e9 Ejecutivo o Presidium de la CDU desde 1964 y vicepresidente del mismo desde 1969, el 12 de junio de 1973 fue elegido presidente en sustituci\u00f3n de Rainer Barzel por 520 votos sobre 600. El <i>Gigante de Maguncia<\/i>, como se le conoc\u00eda por su envergadura corporal (mide 1,90 metros de estatura), aport\u00f3 una visi\u00f3n m\u00e1s pragm\u00e1tica y liberal en una CDU necesitada de renovar sus esquemas de pol\u00edtica exterior, todav\u00eda presididos por el anticomunismo, en un momento en que la <i>Ostpolitik<\/i> de Willy Brandt estaba obteniendo \u00e9xitos diplom\u00e1ticos en la Europa del Este. Ello le enfrent\u00f3 inevitablemente con el derechista Franz-Josef Strauss, l\u00edder del ala b\u00e1vara del Partido, la Uni\u00f3n Social Cristiana (CSU).<\/p>\n<p>Kohl obtuvo la nominaci\u00f3n a canciller federal para las elecciones legislativas del 3 de octubre de 1976. Aunque la CDU\/CSU ascendi\u00f3 del 44,9% de los votos obtenido en las elecciones del 19 de noviembre de 1972 al 48,6% y recuper\u00f3 la condici\u00f3n de primer partido del pa\u00eds, la coalici\u00f3n de socialdem\u00f3cratas (SPD) y liberales (FDP) liderada por Helmut Schmidt mantuvo la mayor\u00eda absoluta. Kohl, no obstante, obtuvo el esca\u00f1o en el Bundestag y la presidencia del grupo parlamentario democristiano. En los comicios del 5 de octubre de 1980 el cabeza de lista fue Strauss y la CDU\/CSU perdi\u00f3 17 esca\u00f1os y un 4,1% de los votos.<\/p>\n<p>La posici\u00f3n del canciller Schmidt parec\u00eda s\u00f3lida, pero el 27 de septiembre de 1982 Kohl lleg\u00f3 a un acuerdo con Hans-Dietrich Genscher, l\u00edder del FDP, para votar conjuntamente en una moci\u00f3n de censura constructiva (con propuesta de un candidato a canciller alternativo) en el Bundestag y formar un gobierno de coalici\u00f3n. La sesi\u00f3n se desarroll\u00f3 sin sorpresas el 1 de octubre y Kohl fue investido canciller con 256 votos, siete m\u00e1s de los necesarios, el primero democristiano desde la dimisi\u00f3n de Kurt Kiesinger en 1969. El d\u00eda 4 present\u00f3 su gabinete, en el que Genscher continuaba en el Ministerio de Exteriores que ven\u00eda ocupando desde 1974 con sus anteriores socios, los socialdem\u00f3cratas.<\/p>\n<\/div>\n<div align=\"justify\"><\/div>\n<div align=\"justify\">Leer art\u00edculo completo en<a href=\"http:\/\/www.cidob.org\/es\/documentacion\/biografias_lideres_politicos\/europa\/alemania\/helmut_kohl\" target=\"_blank\" rel=\"noopener noreferrer\"> CIDOB. Biograf\u00eda l\u00edderes pol\u00edticos<\/a>.<\/div>\n<\/div>\n","protected":false},"excerpt":{"rendered":"<p>Alemania, Canciller federal Duraci\u00f3n del mandato: 01 de Octubre de 1982 &#8211; 27 de Octubre de 1998 Nacimiento: Ludwigshafen, Renania-Palatinado , 03 de Abril de 1930 Partido pol\u00edtico: CDU Profesi\u00f3n: Historiador Resumen Hijo de un funcionario de finanzas profundamente cat\u00f3lico sin ning\u00fan v\u00ednculo con el nazismo, como ni\u00f1o vivi\u00f3 el drama de la guerra y &hellip; <a href=\"https:\/\/blogsaverroes.juntadeandalucia.es\/aldeacordoba\/?p=273\" class=\"more-link\">Continuar leyendo<span class=\"screen-reader-text\"> \u00abBiograf\u00eda de Helmut Kohl\u00bb<\/span><\/a><\/p>\n","protected":false},"author":168,"featured_media":0,"comment_status":"open","ping_status":"open","sticky":false,"template":"","format":"standard","meta":{"ngg_post_thumbnail":0,"footnotes":""},"categories":[224393,224395],"tags":[224415,224650,224940],"aioseo_notices":[],"_links":{"self":[{"href":"https:\/\/blogsaverroes.juntadeandalucia.es\/aldeacordoba\/index.php?rest_route=\/wp\/v2\/posts\/273"}],"collection":[{"href":"https:\/\/blogsaverroes.juntadeandalucia.es\/aldeacordoba\/index.php?rest_route=\/wp\/v2\/posts"}],"about":[{"href":"https:\/\/blogsaverroes.juntadeandalucia.es\/aldeacordoba\/index.php?rest_route=\/wp\/v2\/types\/post"}],"author":[{"embeddable":true,"href":"https:\/\/blogsaverroes.juntadeandalucia.es\/aldeacordoba\/index.php?rest_route=\/wp\/v2\/users\/168"}],"replies":[{"embeddable":true,"href":"https:\/\/blogsaverroes.juntadeandalucia.es\/aldeacordoba\/index.php?rest_route=%2Fwp%2Fv2%2Fcomments&post=273"}],"version-history":[{"count":0,"href":"https:\/\/blogsaverroes.juntadeandalucia.es\/aldeacordoba\/index.php?rest_route=\/wp\/v2\/posts\/273\/revisions"}],"wp:attachment":[{"href":"https:\/\/blogsaverroes.juntadeandalucia.es\/aldeacordoba\/index.php?rest_route=%2Fwp%2Fv2%2Fmedia&parent=273"}],"wp:term":[{"taxonomy":"category","embeddable":true,"href":"https:\/\/blogsaverroes.juntadeandalucia.es\/aldeacordoba\/index.php?rest_route=%2Fwp%2Fv2%2Fcategories&post=273"},{"taxonomy":"post_tag","embeddable":true,"href":"https:\/\/blogsaverroes.juntadeandalucia.es\/aldeacordoba\/index.php?rest_route=%2Fwp%2Fv2%2Ftags&post=273"}],"curies":[{"name":"wp","href":"https:\/\/api.w.org\/{rel}","templated":true}]}}