{"id":275,"date":"2015-04-12T08:23:31","date_gmt":"2015-04-12T07:23:31","guid":{"rendered":"https:\/\/jmoragahc.wordpress.com\/?p=255"},"modified":"2015-04-12T08:23:31","modified_gmt":"2015-04-12T07:23:31","slug":"una-nueva-guerra-fria-se-cierne-sobre-el-artico","status":"publish","type":"post","link":"https:\/\/blogsaverroes.juntadeandalucia.es\/aldeacordoba\/?p=275","title":{"rendered":"Una nueva guerra fr\u00eda se cierne sobre el \u00c1rtico"},"content":{"rendered":"<p><img loading=\"lazy\" decoding=\"async\" class=\" aligncenter\" src=\"http:\/\/ep01.epimg.net\/internacional\/imagenes\/2015\/04\/02\/actualidad\/1427998445_036342_1428181220_noticia_normal.png\" alt=\"\" width=\"560\" height=\"365\" \/><\/p>\n<p><strong>Autor: <span class=\"firma\"><span class=\"autor\"><a title=\"Ver todas las noticias de Pilar Bonet\" href=\"http:\/\/internacional.elpais.com\/autor\/pilar_bonet\/a\/\" rel=\"author\">Pilar Bonet<\/a><\/span><\/span><\/strong><\/p>\n<p><strong>Fuente:<\/strong><a href=\"http:\/\/internacional.elpais.com\/internacional\/2015\/04\/02\/actualidad\/1427998445_036342.html\" target=\"_blank\" rel=\"noopener noreferrer\"><em> El Pa\u00eds<\/em><\/a>, 5\/04\/2015.<\/p>\n<p>La cooperaci\u00f3n y la rivalidad han coexistido en proporciones variables en el <a href=\"http:\/\/elpais.com\/tag\/artico\/a\/\">C\u00edrculo Polar \u00c1rtico<\/a>, la regi\u00f3n que puede convertirse en la mayor fuente de petr\u00f3leo y gas del planeta y en la que Rusia tiene el grueso de sus reservas de hidrocarburos (explotables y potenciales), adem\u00e1s de 20.000 kil\u00f3metros de frontera mar\u00edtima.<\/p>\n<p>En 2007, el pol\u00edtico Artur Chiling\u00e1rov coloc\u00f3 en el lecho marino del Polo Norte una bandera rusa fabricada con titanio. Mosc\u00fa ratificaba as\u00ed sus reivindicaciones sobre una zona submarina reclamada en 2001, a partir de la Convenci\u00f3n Internacional de Derecho del Mar de la ONU (1982). Tras la anexi\u00f3n de Crimea, que supone una violaci\u00f3n de tratados internacionales firmados por Rusia, el gesto teatral de Chiling\u00e1rov ha adquirido un nuevo significado y la desconfianza est\u00e1 ganando terreno a la cooperaci\u00f3n de la que ha sido modelo el Consejo del \u00c1rtico, la organizaci\u00f3n que integra a los ocho Estados ribere\u00f1os (Rusia, Canad\u00e1, Dinamarca, Noruega, Suecia, Islandia, Finlandia y EE UU), cinco de ellos miembros de la OTAN.<\/p>\n<p>Desde 2008, las compa\u00f1\u00edas Rosneft y Gazprom, controladas por el Estado ruso, tienen <a href=\"http:\/\/elpais.com\/diario\/2011\/01\/23\/negocio\/1295791406_850215.html\">el monopolio de la explotaci\u00f3n de hidrocarburos en el \u00c1rtico<\/a> y son socios obligados para todo proyecto en la zona. El 9 de agosto de 2014, Igor Sechin, jefe de la petrolera rusa Rosneft, y Glenn Waller, director de la norteamericana ExxonMobil en Rusia, eran optimistas sobre <a href=\"http:\/\/economia.elpais.com\/economia\/2011\/08\/30\/actualidad\/1314689580_850215.html\">los planes comunes que forjaron en 2011<\/a>. Aquel d\u00eda, en el mar de Kara, Sechin y Waller inauguraban la perforaci\u00f3n petrolera submarina m\u00e1s septentrional de Rusia. Desde Sochi, en el mar Negro, el presidente Vlad\u00edmir Putin dio la se\u00f1al de inicio y elogi\u00f3 la cooperaci\u00f3n internacional como motor del \u201c\u00e9xito comercial\u201d. Se trataba del \u201cacontecimiento m\u00e1s importante del a\u00f1o para la industria del petr\u00f3leo y el gas\u201d, en palabras de Sechin, y el pozo reci\u00e9n perforado se bautiz\u00f3 con el nombre de Pobeda (victoria) por ser una \u201cvictoria com\u00fan\u201d de Rusia con un grupo de \u201camigos y socios\u201d internacionales. Pobeda dio su primer crudo, pero a fines de septiembre, debido a <a href=\"http:\/\/internacional.elpais.com\/internacional\/2014\/07\/29\/actualidad\/1406647337_984548.html\">las sanciones norteamericanas<\/a>, ExxonMobil tuvo que sellar el pozo y abandonar sus proyectos en Rusia.<\/p>\n<p>Rosneft se propuso seguir sola, pero las sanciones occidentales obstaculizan los proyectos rusos en el \u00c1rtico, al restringir la venta de tecnolog\u00eda para la perforaci\u00f3n submarina y limitar el acceso al capital. Los pol\u00edticos y analistas rusos est\u00e1n divididos entre quienes creen que hay que forzar la explotaci\u00f3n del \u00c1rtico para cuando los precios del petr\u00f3leo suban, y los que recomiendan concentrarse en Siberia Occidental, donde existe ya infraestructura de explotaci\u00f3n y transporte.<\/p>\n<p><a href=\"http:\/\/internacional.elpais.com\/internacional\/2015\/04\/02\/actualidad\/1427998445_036342.html\" target=\"_blank\" rel=\"noopener noreferrer\">Leer art\u00edculo completo<\/a><\/p>\n","protected":false},"excerpt":{"rendered":"<p>Autor: Pilar Bonet Fuente: El Pa\u00eds, 5\/04\/2015. La cooperaci\u00f3n y la rivalidad han coexistido en proporciones variables en el C\u00edrculo Polar \u00c1rtico, la regi\u00f3n que puede convertirse en la mayor fuente de petr\u00f3leo y gas del planeta y en la que Rusia tiene el grueso de sus reservas de hidrocarburos (explotables y potenciales), adem\u00e1s de &hellip; <a href=\"https:\/\/blogsaverroes.juntadeandalucia.es\/aldeacordoba\/?p=275\" class=\"more-link\">Continuar leyendo<span class=\"screen-reader-text\"> \u00abUna nueva guerra fr\u00eda se cierne sobre el \u00c1rtico\u00bb<\/span><\/a><\/p>\n","protected":false},"author":168,"featured_media":0,"comment_status":"open","ping_status":"open","sticky":false,"template":"","format":"standard","meta":{"ngg_post_thumbnail":0,"footnotes":""},"categories":[224391,224396],"tags":[224439,224506,224559,224643,224883],"aioseo_notices":[],"_links":{"self":[{"href":"https:\/\/blogsaverroes.juntadeandalucia.es\/aldeacordoba\/index.php?rest_route=\/wp\/v2\/posts\/275"}],"collection":[{"href":"https:\/\/blogsaverroes.juntadeandalucia.es\/aldeacordoba\/index.php?rest_route=\/wp\/v2\/posts"}],"about":[{"href":"https:\/\/blogsaverroes.juntadeandalucia.es\/aldeacordoba\/index.php?rest_route=\/wp\/v2\/types\/post"}],"author":[{"embeddable":true,"href":"https:\/\/blogsaverroes.juntadeandalucia.es\/aldeacordoba\/index.php?rest_route=\/wp\/v2\/users\/168"}],"replies":[{"embeddable":true,"href":"https:\/\/blogsaverroes.juntadeandalucia.es\/aldeacordoba\/index.php?rest_route=%2Fwp%2Fv2%2Fcomments&post=275"}],"version-history":[{"count":0,"href":"https:\/\/blogsaverroes.juntadeandalucia.es\/aldeacordoba\/index.php?rest_route=\/wp\/v2\/posts\/275\/revisions"}],"wp:attachment":[{"href":"https:\/\/blogsaverroes.juntadeandalucia.es\/aldeacordoba\/index.php?rest_route=%2Fwp%2Fv2%2Fmedia&parent=275"}],"wp:term":[{"taxonomy":"category","embeddable":true,"href":"https:\/\/blogsaverroes.juntadeandalucia.es\/aldeacordoba\/index.php?rest_route=%2Fwp%2Fv2%2Fcategories&post=275"},{"taxonomy":"post_tag","embeddable":true,"href":"https:\/\/blogsaverroes.juntadeandalucia.es\/aldeacordoba\/index.php?rest_route=%2Fwp%2Fv2%2Ftags&post=275"}],"curies":[{"name":"wp","href":"https:\/\/api.w.org\/{rel}","templated":true}]}}