{"id":277,"date":"2015-04-18T08:21:10","date_gmt":"2015-04-18T07:21:10","guid":{"rendered":"https:\/\/jmoragahc.wordpress.com\/?p=265"},"modified":"2015-04-18T08:21:10","modified_gmt":"2015-04-18T07:21:10","slug":"las-cuentas-pendientes-de-la-antigua-urss","status":"publish","type":"post","link":"https:\/\/blogsaverroes.juntadeandalucia.es\/aldeacordoba\/?p=277","title":{"rendered":"Las cuentas pendientes de la antigua URSS."},"content":{"rendered":"<p><img decoding=\"async\" class=\" aligncenter\" src=\"http:\/\/estaticos03.elmundo.es\/assets\/multimedia\/imagenes\/2015\/04\/16\/14291826474144.jpg\" alt=\"\" \/><\/p>\n<p><strong>Autor:<\/strong>\u00a0<a href=\"http:\/\/www.elmundo.es\/social\/usuarios\/julio_martin\/\">JULIO MART\u00cdN ALARC\u00d3N<\/a>.<\/p>\n<p>Fuente: <a href=\"http:\/\/www.elmundo.es\/la-aventura-de-la-historia\/2015\/04\/16\/552f9984e2704e1e0d8b456d.html\" target=\"_blank\" rel=\"noopener noreferrer\">El Mundo<\/a>. \u00a016\/04\/2015.<\/p>\n<p style=\"text-align:justify\">Cuando la mente curiosa se introduce, incauta, de forma superficial en uno de los innumerables <strong>conflictos armados civiles del siglo XX,<\/strong>es habitual encontrarse con una narraci\u00f3n cronol\u00f3gica de tipo enciclop\u00e9dico que acumula acontecimientos, causas y desarrollo, de una forma te\u00f3ricamente as\u00e9ptica, y en el caso de que sea una entrada de la Wikipedia, es f\u00e1cil encontrarse el <em>disclaimer<\/em>: \u00abEste art\u00edculo puede tener errores\u00bb.<\/p>\n<p style=\"text-align:justify\">Lo que se puede esperar, en esencia, es un relato del estilo: \u00abLa organizaci\u00f3n NPO fundada para la <strong>preservaci\u00f3n de la identidad nacional <\/strong>elabor\u00f3 un documento por el que consideraba a los miembros de la antigua SSN responsables de la usurpaci\u00f3n de la soberan\u00eda del pueblo, al tiempo que la SSN, escindida en una rama pro aut\u00f3ctona, se enfrent\u00f3 a la NPO, aludiendo su falta de representaci\u00f3n popular, por lo que dieron un golpe de Estado&#8230;\u00bb.<\/p>\n<p style=\"text-align:justify\">Esta ficticia narraci\u00f3n, en la que las siglas, acciones y desarrollo podr\u00edan ser trastocadas, sin muchas dificultades, por las de una guerra civil real fruto de la desintegraci\u00f3n de la URSS, u otros procesos del siglo XX, es precisamente la impresi\u00f3n en negativo de lo que propone <em>Tangerines<\/em> (2013). Sobre la base de la <strong>guerra civil georgiana del periodo 1992-1993<\/strong>, tras la ca\u00edda del bloque comunista y la formaci\u00f3n de la Federaci\u00f3n Rusa, la notable historia antibelicista que propone el director georgiano Zaza Urushadze, se debate, sin embargo, entre la sobria pero emotiva deriva de cuatro personajes antag\u00f3nicos atrapados en un conflicto -que acaban trascendiendo con los lazos personales-, y la met\u00e1fora de la mediaci\u00f3n exterior.<\/p>\n<h2 class=\"ladillo\">Chechenos pro rusos<\/h2>\n<p style=\"text-align:justify\">Un combatiente checheno pro ruso -s\u00ed, es correcto- y un s<strong>oldado de la milicia georgiana<\/strong> caen heridos en un enfrentamiento y son socorridos por un agricultor y su amigo, ambos de origen estonio, que les curan a ambos bajo la promesa de que no se har\u00e1n da\u00f1o mientras est\u00e9n en su casa, al tiempo que tratan de recoger una cosecha de mandarinas, sin jornaleros suficientes, en mitad de una guerra.<\/p>\n<p style=\"text-align:justify\">Los mimbres del argumento hacen funcionar una historia en la que es imposible no atisbar <strong>un trasunto con los organismos internacionales<\/strong>, o las potencias mediadoras -en cierto modo paternalistas- en la figura del sabio estonio Ivo, o al menos de lo que podr\u00edan ser, cuando sienta a ambos enemigos a una misma mesa bajo un mismo techo y les obliga a compartir las mismas normas, sin diferencias de trato, para que observen la futilidad de la lucha.<\/p>\n<p>Leer<a href=\"http:\/\/www.elmundo.es\/la-aventura-de-la-historia\/2015\/04\/16\/552f9984e2704e1e0d8b456d.html\" target=\"_blank\" rel=\"noopener noreferrer\"> art\u00edculo completo<\/a>.<\/p>\n","protected":false},"excerpt":{"rendered":"<p>Autor:\u00a0JULIO MART\u00cdN ALARC\u00d3N. Fuente: El Mundo. \u00a016\/04\/2015. Cuando la mente curiosa se introduce, incauta, de forma superficial en uno de los innumerables conflictos armados civiles del siglo XX,es habitual encontrarse con una narraci\u00f3n cronol\u00f3gica de tipo enciclop\u00e9dico que acumula acontecimientos, causas y desarrollo, de una forma te\u00f3ricamente as\u00e9ptica, y en el caso de que sea &hellip; <a href=\"https:\/\/blogsaverroes.juntadeandalucia.es\/aldeacordoba\/?p=277\" class=\"more-link\">Continuar leyendo<span class=\"screen-reader-text\"> \u00abLas cuentas pendientes de la antigua URSS.\u00bb<\/span><\/a><\/p>\n","protected":false},"author":168,"featured_media":0,"comment_status":"open","ping_status":"open","sticky":false,"template":"","format":"standard","meta":{"ngg_post_thumbnail":0,"footnotes":""},"categories":[224394,224395,224396],"tags":[224483,224624,224883,224943],"aioseo_notices":[],"_links":{"self":[{"href":"https:\/\/blogsaverroes.juntadeandalucia.es\/aldeacordoba\/index.php?rest_route=\/wp\/v2\/posts\/277"}],"collection":[{"href":"https:\/\/blogsaverroes.juntadeandalucia.es\/aldeacordoba\/index.php?rest_route=\/wp\/v2\/posts"}],"about":[{"href":"https:\/\/blogsaverroes.juntadeandalucia.es\/aldeacordoba\/index.php?rest_route=\/wp\/v2\/types\/post"}],"author":[{"embeddable":true,"href":"https:\/\/blogsaverroes.juntadeandalucia.es\/aldeacordoba\/index.php?rest_route=\/wp\/v2\/users\/168"}],"replies":[{"embeddable":true,"href":"https:\/\/blogsaverroes.juntadeandalucia.es\/aldeacordoba\/index.php?rest_route=%2Fwp%2Fv2%2Fcomments&post=277"}],"version-history":[{"count":0,"href":"https:\/\/blogsaverroes.juntadeandalucia.es\/aldeacordoba\/index.php?rest_route=\/wp\/v2\/posts\/277\/revisions"}],"wp:attachment":[{"href":"https:\/\/blogsaverroes.juntadeandalucia.es\/aldeacordoba\/index.php?rest_route=%2Fwp%2Fv2%2Fmedia&parent=277"}],"wp:term":[{"taxonomy":"category","embeddable":true,"href":"https:\/\/blogsaverroes.juntadeandalucia.es\/aldeacordoba\/index.php?rest_route=%2Fwp%2Fv2%2Fcategories&post=277"},{"taxonomy":"post_tag","embeddable":true,"href":"https:\/\/blogsaverroes.juntadeandalucia.es\/aldeacordoba\/index.php?rest_route=%2Fwp%2Fv2%2Ftags&post=277"}],"curies":[{"name":"wp","href":"https:\/\/api.w.org\/{rel}","templated":true}]}}