{"id":290,"date":"2015-05-10T07:59:10","date_gmt":"2015-05-10T06:59:10","guid":{"rendered":"https:\/\/jmoragahc.wordpress.com\/?p=290"},"modified":"2015-05-10T07:59:10","modified_gmt":"2015-05-10T06:59:10","slug":"los-espanoles-que-defendieron-la-urss","status":"publish","type":"post","link":"https:\/\/blogsaverroes.juntadeandalucia.es\/aldeacordoba\/?p=290","title":{"rendered":"Los espa\u00f1oles que defendieron la URSS."},"content":{"rendered":"<figure style=\"width: 480px\" class=\"wp-caption aligncenter\"><img loading=\"lazy\" decoding=\"async\" class=\"\" src=\"http:\/\/www.publico.es\/files\/article_main\/\/files\/crop\/uploads\/2015\/05\/07\/554b97528698b.r_1431184868031.0-25-525-296.jpg\" alt=\"\" width=\"480\" height=\"247\" \/><figcaption class=\"wp-caption-text\">Soldados espa\u00f1oles que lucharon del lado de la URSS.<\/figcaption><\/figure>\n<p>Autor:\u00a0LEONCIO SORIANO<\/p>\n<p>Fuente: \u00a0Diario <a href=\"http:\/\/www.publico.es\/opinion\/espanoles-defendieron-urss.html\" target=\"_blank\" rel=\"noopener noreferrer\"><em>P\u00fablico<\/em><\/a>.<\/p>\n<p id=\"m358-357-359\" style=\"text-align:justify\">Muchos de ellos hab\u00edan so\u00f1ado con verla al menos desde hace tres a\u00f1os, tambi\u00e9n noviembre de 1936 cuando conocieron a los primeros sovi\u00e9ticos, vieron los <i>chatos<\/i> y los <i>moscas<\/i>, como llamaban en Espa\u00f1a los cazas I-15 e I-16, los tanques T-26 y BT-5.<\/p>\n<p>Algunos ya hab\u00edan estado aqu\u00ed hace dos a\u00f1os, nada m\u00e1s llegar a la URSS. Entonces, inundada por multitudes, risa, color y alegr\u00eda, la <b>Plaza Roja les pareci\u00f3 mucho m\u00e1s peque\u00f1a<\/b> de lo que imaginaban por las fotos y sus im\u00e1genes de cine. Ahora, cubierta por la nieve y la oscuridad, sumida en el silencio, se hac\u00eda inmensa. Parec\u00eda incre\u00edble que a contados kil\u00f3metros estuvieran las columnas acorazadas alemanas. Igual que hace cinco a\u00f1os en Espa\u00f1a, las avanzadas fascistas estaban a contados kil\u00f3metros del coraz\u00f3n de Rusia y la presencia de la unidad espa\u00f1ola en la Plaza Roja era prueba de la confianza que gozaban en la URSS los <b>\u00abespa\u00f1oles de Stalin\u00bb<\/b>.<\/p>\n<div class=\"ads-full-width\">\n<div id=\"m6-5-7\" class=\"\">\n<div id=\"amg_videointext\"><\/div>\n<\/div>\n<\/div>\n<p><!--more--><\/p>\n<blockquote>\n<p id=\"m368-2-369\" class=\"quote\">Unos 700 espa\u00f1oles se alistaron voluntarios y combatieron contra los nazis en la URSS<\/p>\n<\/blockquote>\n<p id=\"m373-3-374\" style=\"text-align:justify\">Mientras Mosc\u00fa se preparaba para los combates callejeros, las barricadas cortaban sus calles, obreros e ingenieros, profesores y estudiantes se alistaban en masa a las milicias urbanas, los espa\u00f1oles ocupaban posiciones casi al pie de las murallas del Kremlin. No fue f\u00e1cil conseguirlo. <b>Las leyes sovi\u00e9ticas prohib\u00edan el alistamiento de extranjeros en el Ej\u00e9rcito Rojo<\/b>, por lo que la mayor\u00eda de los espa\u00f1oles combatieron en unidades especiales destinadas a actuar en la retaguardia alemana, como la Brigada de Misiones Especiales OSMON cuya cuarta compa\u00f1\u00eda estaba formada por los espa\u00f1oles.<\/p>\n<figure style=\"width: 480px\" class=\"wp-caption aligncenter\"><img loading=\"lazy\" decoding=\"async\" class=\"\" src=\"http:\/\/img.kalooga.com\/thumb?url=http%3A%2F%2Fwww.publico.es%2Ffiles%2Farticle_main%2Fuploads%2F2015%2F05%2F07%2F554b9a4732c38.jpg&amp;md5val=883b2a6a407e7a85138b59e3e3333e2d&amp;key=ec6140893c18380b5dc3171002711fba2e394ec7&amp;method=fit&amp;size=1440x720\" alt=\"\" width=\"480\" height=\"247\" \/><figcaption class=\"wp-caption-text\">Los espa\u00f1oles que defendieron la URSS<\/figcaption><\/figure>\n<p style=\"text-align:justify\">Entre ellos estaba mi abuelo. A\u00f1os despu\u00e9s, yo le ped\u00eda contarme \u201csobre la guerra\u201d y \u00e9l empezaba: \u201ccuando est\u00e1bamos en las \u2018akopas\u2019\u201d, espa\u00f1olizando la palabra rusa \u00abokop\u00bb (trinchera).\u00a0Cuesta imaginar lo que sent\u00edan aquellos espa\u00f1oles, que apenas chapurreaban unas cuantas palabras y a los que incluso a\u00f1os despu\u00e9s era dif\u00edcil entender en ruso, cuando se tiraban en paraca\u00eddas en la retaguardia enemiga.<\/p>\n<p style=\"text-align:justify\">\nAll\u00ed, casi igual de peligrosos como los alemanes eran para ellos los habitantes locales, que los tomaban por rumanos o italianos disfrazados de partisanos.<\/p>\n<p>De casi 3.000 emigrantes espa\u00f1oles, en su abrumadora mayor\u00eda \u201cni\u00f1os de la guerra\u201d evacuados durante la Guerra Civil en Espa\u00f1a, pr\u00e1cticamente todos los hombres adultos y o pocas mujeres, en total unas 700 personas, se alistaron voluntarios y combatieron contra los nazis en la URSS, Polonia, Checoslovaquia, Ruman\u00eda y Hungr\u00eda, Austria y Alemania.<\/p>\n<p style=\"text-align:justify\">\n<p id=\"m378-4-379\" class=\"quote\" style=\"text-align:justify\">La consigna de \u201c\u00a1No pasar\u00e1n!\u201d, que proclamada la \u00abPasionaria\u00bb, sonaba en las trincheras sovi\u00e9ticas junto a Mosc\u00fa<\/p>\n<p id=\"m383-5-384\" style=\"text-align:justify\">M\u00e1s de 200 perdieron la vida. La cifra sigue siendo inexacta, oscila entre los 207 y los 283 muertos en acciones de guerra, de los cuales unos <b>75 eran \u201cni\u00f1os de la guerra\u201d<\/b>.<\/p>\n<p>Pocos eran aquellos espa\u00f1oles que llevaban la estrella roja, pero sus haza\u00f1as se alzan petrificadas en los monumentos erigidos sobre sus tumbas en las estepas de Rusia, los bosques de Bielorrusia, las laderas del C\u00e1ucaso y Crimea y las orillas del Volga convertidas en leyendas. M\u00e1s de 600 espa\u00f1oles fueron condecorados con diferentes medallas: <b>\u00abPor la defensa de Mosc\u00fa\u00bb, \u00abPor la defensa de Leningrado\u00bb<\/b>, \u00abPor la liberaci\u00f3n de Varsovia\u00bb, \u00abPor la liberaci\u00f3n de Praga\u00bb, \u00abPor la toma de Berl\u00edn\u00bb; m\u00e1s de 70 fueron condecorados con las \u00f3rdenes: \u00abBandera Roja\u00bb, \u00abEstrella Roja\u00bb y \u00abGran Guerra Patria\u00bb; tres fueron destacados con las m\u00e1ximas condecoraciones de la URSS: dos con la Orden de Lenin y uno con la Estrella \u00abH\u00e9roe de la Uni\u00f3n Sovi\u00e9tica\u00bb.<\/p>\n<p>En la antigua Stalingrado, a escasos metros del Volga que los alemanes no llegaron a alcanzar, est\u00e1 la tumba del capit\u00e1n Rub\u00e9n Ruiz Ibarruri, h\u00e9roe de la Uni\u00f3n Sovi\u00e9tica. <b>Dos combates le cubrieron de gloria<\/b>. Cerca de Bor\u00edsov, al frente de un pelot\u00f3n de ametralladoras, el teniente Ruiz contuvo el avance de fuerzas alemanas muy superiores hasta perder la \u00faltima ametralladora y luego s\u00f3lo con granadas y pistolas lanz\u00f3 un contraataque que desorient\u00f3 a los nazis e hizo posible la llegada de refuerzos.<\/p>\n<p>Meses despu\u00e9s, en Stalingrado, tom\u00f3 el mando de un batall\u00f3n y poco antes de morir consigui\u00f3 detener el avance de una divisi\u00f3n acorazada alemana. La consigna de <b>\u201c\u00a1No pasar\u00e1n!\u201d<\/b>, proclamada en Madrid por su madre, Dolores Ib\u00e1rruri, la \u00abPasionaria\u00bb, sonaba en las trincheras sovi\u00e9ticas junto a Mosc\u00fa, Stalingrado, Kursk, en cada ofensiva nazi.<\/p>\n<p id=\"m405-7-406\" style=\"text-align:justify\">Tambi\u00e9n en tierra retomaron la batalla contra el fascismo los pilotos republicanos <b>exiliados en la URSS<\/b>, pero en 1942 uno de ellos, Juan Bravo, se encontr\u00f3 por casualidad en Mosc\u00fa con el general Alex\u00e1ndr Osipenko, jefe de la defensa antia\u00e9rea sovi\u00e9tica que le conoc\u00eda desde la <b>Guerra Civil Espa\u00f1ola<\/b>. Fue as\u00ed como m\u00e1s de 70 espa\u00f1oles lograron combatir en los cielos de la URSS. Por el n\u00famero de aviones derribados los nombres de varios quedaron grabados en la lista de los hombres destacados de la Segunda Guerra Mundial. Prueba de ello es el hecho de que en la escuadrilla de <b>cinco cazas que escolt\u00f3 el avi\u00f3n de Stalin<\/b> a la conferencia cumbre de los aliados en Teher\u00e1n, tres eran pilotados por espa\u00f1oles, y la encabezaba el para entonces coronel Juan Bravo.<\/p>\n<p>El aporte espa\u00f1ol a la Gran Guerra Patria ha contribuido a aut\u00e9nticas leyendas. Una, recogida por el diario <i>Novorossiyski Rabochi<\/i>, cuenta que fue un comando espa\u00f1ol el que trajo de la retaguardia alemana un cuaderno lleno de c\u00e1lculos matem\u00e1ticos y f\u00f3rmulas f\u00edsicas, que sirvi\u00f3 al gran f\u00edsico sovi\u00e9tico Abraham Yoffe para convencer a Stalin de la urgencia de iniciar el desarrollo de la bomba at\u00f3mica.<\/p>\n<p id=\"m410-8-411\" style=\"text-align:justify\">Otra sostiene la existencia de un plan para eliminar a Hitler que deb\u00eda cumplir un comando de combatientes espa\u00f1oles, disfrazados de oficiales de la <b>Divisi\u00f3n Azul<\/b>. Aunque aquel plan no lleg\u00f3 a cumplirse, la leyenda sigue viva y resurge cada vez que alguien se acuerda de las operaciones especiales y los planes de eliminar al F\u00fchrer.<\/p>\n<p>Espa\u00f1a es el \u00fanico pa\u00eds que tiene el honor de contar con un monumento propio en el <b>Parque de la Victoria de Mosc\u00fa<\/b>, prueba del respeto y gratitud que sienten en Rusia por aquel pu\u00f1ado de antifascistas espa\u00f1oles que hombro a hombro con sus camaradas sovi\u00e9ticos combatieron por la libertad. Muy cerca, una<b>enorme bayoneta se alza sobre Mosc\u00fa<\/b> desde la hist\u00f3rica colina Pokl\u00f3nnaya, junto a ella, yace un drag\u00f3n con la cruz gamada yace destrozado a los pies de San Jorge y a sus pies 1.418 fuentes de agua que la iluminaci\u00f3n parece convertir en sangre recuerda los 1.418 d\u00edas que dur\u00f3 aquella gran contienda.<\/p>\n","protected":false},"excerpt":{"rendered":"<p>Autor:\u00a0LEONCIO SORIANO Fuente: \u00a0Diario P\u00fablico. Muchos de ellos hab\u00edan so\u00f1ado con verla al menos desde hace tres a\u00f1os, tambi\u00e9n noviembre de 1936 cuando conocieron a los primeros sovi\u00e9ticos, vieron los chatos y los moscas, como llamaban en Espa\u00f1a los cazas I-15 e I-16, los tanques T-26 y BT-5. Algunos ya hab\u00edan estado aqu\u00ed hace dos &hellip; <a href=\"https:\/\/blogsaverroes.juntadeandalucia.es\/aldeacordoba\/?p=290\" class=\"more-link\">Continuar leyendo<span class=\"screen-reader-text\"> \u00abLos espa\u00f1oles que defendieron la URSS.\u00bb<\/span><\/a><\/p>\n","protected":false},"author":168,"featured_media":0,"comment_status":"open","ping_status":"open","sticky":false,"template":"","format":"standard","meta":{"ngg_post_thumbnail":0,"footnotes":""},"categories":[224390,224397],"tags":[224683,224684,224943],"aioseo_notices":[],"_links":{"self":[{"href":"https:\/\/blogsaverroes.juntadeandalucia.es\/aldeacordoba\/index.php?rest_route=\/wp\/v2\/posts\/290"}],"collection":[{"href":"https:\/\/blogsaverroes.juntadeandalucia.es\/aldeacordoba\/index.php?rest_route=\/wp\/v2\/posts"}],"about":[{"href":"https:\/\/blogsaverroes.juntadeandalucia.es\/aldeacordoba\/index.php?rest_route=\/wp\/v2\/types\/post"}],"author":[{"embeddable":true,"href":"https:\/\/blogsaverroes.juntadeandalucia.es\/aldeacordoba\/index.php?rest_route=\/wp\/v2\/users\/168"}],"replies":[{"embeddable":true,"href":"https:\/\/blogsaverroes.juntadeandalucia.es\/aldeacordoba\/index.php?rest_route=%2Fwp%2Fv2%2Fcomments&post=290"}],"version-history":[{"count":0,"href":"https:\/\/blogsaverroes.juntadeandalucia.es\/aldeacordoba\/index.php?rest_route=\/wp\/v2\/posts\/290\/revisions"}],"wp:attachment":[{"href":"https:\/\/blogsaverroes.juntadeandalucia.es\/aldeacordoba\/index.php?rest_route=%2Fwp%2Fv2%2Fmedia&parent=290"}],"wp:term":[{"taxonomy":"category","embeddable":true,"href":"https:\/\/blogsaverroes.juntadeandalucia.es\/aldeacordoba\/index.php?rest_route=%2Fwp%2Fv2%2Fcategories&post=290"},{"taxonomy":"post_tag","embeddable":true,"href":"https:\/\/blogsaverroes.juntadeandalucia.es\/aldeacordoba\/index.php?rest_route=%2Fwp%2Fv2%2Ftags&post=290"}],"curies":[{"name":"wp","href":"https:\/\/api.w.org\/{rel}","templated":true}]}}