{"id":292,"date":"2015-05-14T07:50:19","date_gmt":"2015-05-14T06:50:19","guid":{"rendered":"https:\/\/jmoragahc.wordpress.com\/?p=292"},"modified":"2015-05-14T07:50:19","modified_gmt":"2015-05-14T06:50:19","slug":"sixto-camara-1824-1859-un-aldeano-revolucionario","status":"publish","type":"post","link":"https:\/\/blogsaverroes.juntadeandalucia.es\/aldeacordoba\/?p=292","title":{"rendered":"Sixto C\u00e1mara (1824-1859), un aldeano revolucionario"},"content":{"rendered":"<p><img loading=\"lazy\" decoding=\"async\" class=\" aligncenter\" src=\"http:\/\/anatomiadelahistoria.com\/wp-content\/uploads\/2015\/05\/2014-06-02-La-union-iberica-Germ%C3%A1n-Jr-ESP-300x300.jpg\" alt=\"\" width=\"300\" height=\"300\" \/><\/p>\n<p><img loading=\"lazy\" decoding=\"async\" class=\"size-large aligncenter\" src=\"http:\/\/anatomiadelahistoria.com\/wp-content\/uploads\/2015\/05\/2014-06-02-La-union-iberica-German-Jr-ESP-300x300.jpg\" width=\"300\" height=\"300\" \/><\/p>\n<p>Fuente:<a href=\"http:\/\/anatomiadelahistoria.com\/2015\/05\/sixto-camara-1824-1859-un-aldeano-revolucionario\/\" target=\"_blank\" rel=\"noopener noreferrer\"> Anatom\u00eda de la Historia<\/a>.<\/p>\n<p>Autor: Roberto Pastor Crist\u00f3bal, 13\/05\/2015<\/p>\n<p style=\"text-align:justify\">El siglo XIX es el momento de las grandes revoluciones pero tambi\u00e9n, y valga la obviedad, el de los <strong>h\u00e9roes revolucionarios<\/strong>.<\/p>\n<p style=\"text-align:justify\">En la \u00e9poca del <strong>romanticismo<\/strong> se elevaron los esp\u00edritus y pasiones, contribuyendo a forjar los grandes mitos nacionales encarnados en acontecimientos y personajes. As\u00ed naci\u00f3 la Historia como disciplina formalizada, para contar las grandes haza\u00f1as que hab\u00edan llevado al hombre hasta el camino del progreso. El recuerdo es, sin embargo, selectivo y a pesar de que poseemos cr\u00f3nicas y biograf\u00edas que narran multitud de hechos \u00fanicamente algunos han prevalecido en la memoria de las naciones europeas.<\/p>\n<p style=\"text-align:justify\"><strong>La Rioja<\/strong> dio al <strong>liberalismo espa\u00f1ol<\/strong> a <strong>Salustiano de Ol\u00f3zaga<\/strong> (1805-1873) y a <strong>Pr\u00e1xedes Mateo Sagasta<\/strong> (1825-1903). Mas en un humilde pueblo de la ribera del Ebro naci\u00f3 un quiz\u00e1s m\u00e1s desconocido pero no menos singular protagonista de grandes sucesos en la convulsa etapa decimon\u00f3nica espa\u00f1ola. Hablamos de <strong>Sixto C\u00e1mara, un socialista ut\u00f3pico espa\u00f1ol<\/strong>.<\/p>\n<p style=\"text-align:justify\"><strong>La forja de un rebelde<\/strong><\/p>\n<p style=\"text-align:justify\">Sixto S\u00e1enz de la C\u00e1mara y Echarri naci\u00f3 el 6 de agosto de 1824 en <strong>Aldeanueva de Ebro<\/strong> (actualmente, en la comunidad aut\u00f3noma de La Rioja), un pueblo con una gran historia en movimientos y hombres contrarios al <em>statu quo<\/em>. Fue hijo de <strong>Escol\u00e1stica Echarri<\/strong> y de <strong>Saturio S\u00e1enz de la C\u00e1mara<\/strong>, quien hab\u00eda sido escribano del ayuntamiento y alcalde en pleno final del Trienio Liberal (1823). La familia era humilde y poca formaci\u00f3n pudo darle pero s\u00ed le inculcaron el ardor de la lucha, y en plena adolescencia se alist\u00f3 en una milicia para <strong>combatir al carlismo<\/strong>. La Rioja era tierra fronteriza entre el bando cristino o liberal y los absolutistas partidarios de Carlos, hermano de Fernando VII.<\/p>\n<p style=\"text-align:justify\">Sixto C\u00e1mara naci\u00f3, vivi\u00f3 y muri\u00f3 en plena \u00e9poca de transformaci\u00f3n de Espa\u00f1a, a todos los niveles. Pol\u00edticamente se estaba constituyendo un <strong>r\u00e9gimen liberal-burgu\u00e9s<\/strong> basado en la constituci\u00f3n de un <strong>nuevo Estado controlado por oligarqu\u00edas<\/strong>. Un control al servicio del r\u00e9gimen de la propiedad, nuevo definidor del sistema social. D\u00e9bil pero constante fue el cambio econ\u00f3mico con una agricultura que deb\u00eda orientarse al mercado capitalista y una fr\u00e1gil industrializaci\u00f3n perif\u00e9rica. Madrid aunar\u00eda todos estos cambios y adem\u00e1s, quiz\u00e1s junto a Barcelona, se convertir\u00eda en el gran epicentro de los acontecimientos y de las nuevas ideas que ven\u00edan de Europa.<\/p>\n<p style=\"text-align:justify\"><a href=\"http:\/\/anatomiadelahistoria.com\/2015\/05\/sixto-camara-1824-1859-un-aldeano-revolucionario\/\" target=\"_blank\" rel=\"noopener noreferrer\">Leer art\u00edculo completo<\/a>.<\/p>\n","protected":false},"excerpt":{"rendered":"<p>Fuente: Anatom\u00eda de la Historia. Autor: Roberto Pastor Crist\u00f3bal, 13\/05\/2015 El siglo XIX es el momento de las grandes revoluciones pero tambi\u00e9n, y valga la obviedad, el de los h\u00e9roes revolucionarios. En la \u00e9poca del romanticismo se elevaron los esp\u00edritus y pasiones, contribuyendo a forjar los grandes mitos nacionales encarnados en acontecimientos y personajes. As\u00ed &hellip; <a href=\"https:\/\/blogsaverroes.juntadeandalucia.es\/aldeacordoba\/?p=292\" class=\"more-link\">Continuar leyendo<span class=\"screen-reader-text\"> \u00abSixto C\u00e1mara (1824-1859), un aldeano revolucionario\u00bb<\/span><\/a><\/p>\n","protected":false},"author":168,"featured_media":0,"comment_status":"open","ping_status":"open","sticky":false,"template":"","format":"standard","meta":{"ngg_post_thumbnail":0,"footnotes":""},"categories":[224381,224382,224397],"tags":[224599,224709,224865,224905,224910],"aioseo_notices":[],"_links":{"self":[{"href":"https:\/\/blogsaverroes.juntadeandalucia.es\/aldeacordoba\/index.php?rest_route=\/wp\/v2\/posts\/292"}],"collection":[{"href":"https:\/\/blogsaverroes.juntadeandalucia.es\/aldeacordoba\/index.php?rest_route=\/wp\/v2\/posts"}],"about":[{"href":"https:\/\/blogsaverroes.juntadeandalucia.es\/aldeacordoba\/index.php?rest_route=\/wp\/v2\/types\/post"}],"author":[{"embeddable":true,"href":"https:\/\/blogsaverroes.juntadeandalucia.es\/aldeacordoba\/index.php?rest_route=\/wp\/v2\/users\/168"}],"replies":[{"embeddable":true,"href":"https:\/\/blogsaverroes.juntadeandalucia.es\/aldeacordoba\/index.php?rest_route=%2Fwp%2Fv2%2Fcomments&post=292"}],"version-history":[{"count":0,"href":"https:\/\/blogsaverroes.juntadeandalucia.es\/aldeacordoba\/index.php?rest_route=\/wp\/v2\/posts\/292\/revisions"}],"wp:attachment":[{"href":"https:\/\/blogsaverroes.juntadeandalucia.es\/aldeacordoba\/index.php?rest_route=%2Fwp%2Fv2%2Fmedia&parent=292"}],"wp:term":[{"taxonomy":"category","embeddable":true,"href":"https:\/\/blogsaverroes.juntadeandalucia.es\/aldeacordoba\/index.php?rest_route=%2Fwp%2Fv2%2Fcategories&post=292"},{"taxonomy":"post_tag","embeddable":true,"href":"https:\/\/blogsaverroes.juntadeandalucia.es\/aldeacordoba\/index.php?rest_route=%2Fwp%2Fv2%2Ftags&post=292"}],"curies":[{"name":"wp","href":"https:\/\/api.w.org\/{rel}","templated":true}]}}