{"id":296,"date":"2015-05-17T15:16:49","date_gmt":"2015-05-17T14:16:49","guid":{"rendered":"https:\/\/jmoragahc.wordpress.com\/?p=296"},"modified":"2015-05-17T15:16:49","modified_gmt":"2015-05-17T14:16:49","slug":"adolf-hitler-el-gallinita","status":"publish","type":"post","link":"https:\/\/blogsaverroes.juntadeandalucia.es\/aldeacordoba\/?p=296","title":{"rendered":"Adolf Hitler, el gallinita"},"content":{"rendered":"<figure style=\"width: 1338px\" class=\"wp-caption aligncenter\"><img loading=\"lazy\" decoding=\"async\" class=\"\" src=\"http:\/\/0www.ecestaticos.com\/imagestatic\/clipping\/a05\/873\/eb4\/a05873eb4aed77b888009ae0f4bd77fd.jpg?mtime=1431340870\" alt=\"\" width=\"1338\" height=\"907\" \/><figcaption class=\"wp-caption-text\">Adolf Hitler y Eva Braun<\/figcaption><\/figure>\n<p style=\"text-align:justify\">Autor: Carlos Prieto, 17\/05\/2015.<\/p>\n<p style=\"text-align:justify\">fuente: <a href=\"http:\/\/www.elconfidencial.com\/cultura\/2015-05-17\/adolf-hitler-el-gallinita_792077\/?utm_source=dlvr.it&amp;utm_medium=facebook\" target=\"_blank\" rel=\"noopener noreferrer\"><em>El Confidencial<\/em><\/a><\/p>\n<p style=\"text-align:justify\"><strong>Hitler<\/strong> no est\u00e1 vivo. Lo decimos porque, ahora que se cumplen siete d\u00e9cadas de su suicidio, quiz\u00e1 se topen ustedes con alg\u00fan art\u00edculo asegurando que el icono del <strong>Tercer Reich<\/strong> est\u00e1 tomando las aguas en <strong>Bariloche<\/strong>, compartiendo bungal\u00f3 brasile\u00f1o con <strong>Elvis<\/strong> o en la mism\u00edsima Luna\u2026 En efecto, lo crean o no, una de las teor\u00edas de la conspiraci\u00f3n\u00a0m\u00e1s populares asegura que <a href=\"http:\/\/www.telegraph.co.uk\/news\/worldnews\/europe\/germany\/6242144\/Adolf-Hitler-alive-weird-conspiracy-theories.html\" target=\"_blank\" rel=\"noopener noreferrer\">los nazis enviaron a Hitler a la Luna en un cohete<\/a> poco antes de la toma rusa de Berl\u00edn; si esto es as\u00ed, a <strong>Neil Armstrong<\/strong> le debi\u00f3 dar un infarto cuando se top\u00f3 en el sat\u00e9lite con un tipo con bigote completamente desaforado\u2026<\/p>\n<p style=\"text-align:justify\">Bromas aparte, los \u00faltimos pasos de Hitler est\u00e1n lo suficientemente documentados como para que existan ensayos como <a href=\"http:\/\/shop.turnerlibros.com\/Ent\/Products\/ProductDetail.aspx?ID=571\" target=\"_blank\" rel=\"noopener noreferrer\"><em>La m\u00e1scara del mando<\/em><\/a> (Turner), de <strong>John Keegan<\/strong>, estudio que compara el liderazgo militar de cuatro figuras hist\u00f3ricas: <strong>Alejandro Magno<\/strong>, <strong>Wellington<\/strong>, <strong>Grant<\/strong> y <strong>Hitler<\/strong>.<\/p>\n<div class=\"articlephoto news-float-fig\">\n<figure class=\"news-img-figure\" style=\"text-align:justify\"><img decoding=\"async\" class=\"news-img-def alignleft\" src=\"http:\/\/www.ecestaticos.com\/image\/clipping\/330\/e173cb7ecd5f254357fa63ddac0efe1a\/imagen-sin-titulo.jpg\" alt=\"\" \/><\/figure>\n<\/div>\n<p style=\"text-align:justify\">Aunque cada uno de estos l\u00edderes es hijo de su \u00e9poca \u2013a Alejandro Magno le gustaba jugarse el pescuezo en el frente, loca costumbre que ha ido perdiendo fuerza con el tiempo\u00ad\u2013\u00a0 el an\u00e1lisis de las particularidades militares de Hitler nos permite comprender mejor los \u00faltimos d\u00edas del <strong>Tercer Reich<\/strong>.<\/p>\n<p style=\"text-align:justify\">El t\u00edtulo del largo cap\u00edtulo dedicado al l\u00edder nacionalsocialista (90 p\u00e1ginas) no deja lugar a muchas dudas:\u00a0 <em>El falso hero\u00edsmo: Hitler como jefe supremo<\/em>. \u00bfEra Hitler un gallinita?<\/p>\n<p style=\"text-align:justify\">He aqu\u00ed las palabras del <em><strong>F\u00fchrer <\/strong><\/em>al pueblo alem\u00e1n el d\u00eda (22 de diciembre de 1941) que decidi\u00f3 asumir el mando pleno de las operaciones militares:<\/p>\n<p style=\"text-align:justify\">\u201cConozco la guerra desde el tremendo conflicto en el frente occidental de 1914 a 1918. Experiment\u00e9 personalmente los horrores de casi todas las batallas como <strong>soldado raso<\/strong>. Fui herido en dos ocasiones y despu\u00e9s estuve a punto de quedarme ciego. Es el ej\u00e9rcito el que carga con el peso de la batalla. He decidido, por lo tanto, en mi condici\u00f3n de jefe supremo de las <strong>fuerzas armadas<\/strong> alemanas, asumir personalmente la jefatura del ej\u00e9rcito. De este modo, nada de lo que os atormente, de lo que os pese y de lo que os angustie me ser\u00e1 desconocido\u201d.<\/p>\n<p style=\"text-align:justify\">\u00bfConclusiones de Keegan sobre el <strong>arrojo militar<\/strong> del l\u00edder? Que no pisaba el frente b\u00e9lico ni en pintura.<\/p>\n<p style=\"text-align:justify\"><a href=\"http:\/\/www.elconfidencial.com\/cultura\/2015-05-17\/adolf-hitler-el-gallinita_792077\/?utm_source=dlvr.it&amp;utm_medium=facebook#lpu6CVkFaVxfk13H\" target=\"_blank\" rel=\"noopener noreferrer\">Leer m\u00e1s<\/a>.<\/p>\n","protected":false},"excerpt":{"rendered":"<p>Autor: Carlos Prieto, 17\/05\/2015. fuente: El Confidencial Hitler no est\u00e1 vivo. Lo decimos porque, ahora que se cumplen siete d\u00e9cadas de su suicidio, quiz\u00e1 se topen ustedes con alg\u00fan art\u00edculo asegurando que el icono del Tercer Reich est\u00e1 tomando las aguas en Bariloche, compartiendo bungal\u00f3 brasile\u00f1o con Elvis o en la mism\u00edsima Luna\u2026 En efecto, &hellip; <a href=\"https:\/\/blogsaverroes.juntadeandalucia.es\/aldeacordoba\/?p=296\" class=\"more-link\">Continuar leyendo<span class=\"screen-reader-text\"> \u00abAdolf Hitler, el gallinita\u00bb<\/span><\/a><\/p>\n","protected":false},"author":168,"featured_media":0,"comment_status":"open","ping_status":"open","sticky":false,"template":"","format":"standard","meta":{"ngg_post_thumbnail":0,"footnotes":""},"categories":[224388,224390],"tags":[224452,224668,224683,224742],"aioseo_notices":[],"_links":{"self":[{"href":"https:\/\/blogsaverroes.juntadeandalucia.es\/aldeacordoba\/index.php?rest_route=\/wp\/v2\/posts\/296"}],"collection":[{"href":"https:\/\/blogsaverroes.juntadeandalucia.es\/aldeacordoba\/index.php?rest_route=\/wp\/v2\/posts"}],"about":[{"href":"https:\/\/blogsaverroes.juntadeandalucia.es\/aldeacordoba\/index.php?rest_route=\/wp\/v2\/types\/post"}],"author":[{"embeddable":true,"href":"https:\/\/blogsaverroes.juntadeandalucia.es\/aldeacordoba\/index.php?rest_route=\/wp\/v2\/users\/168"}],"replies":[{"embeddable":true,"href":"https:\/\/blogsaverroes.juntadeandalucia.es\/aldeacordoba\/index.php?rest_route=%2Fwp%2Fv2%2Fcomments&post=296"}],"version-history":[{"count":0,"href":"https:\/\/blogsaverroes.juntadeandalucia.es\/aldeacordoba\/index.php?rest_route=\/wp\/v2\/posts\/296\/revisions"}],"wp:attachment":[{"href":"https:\/\/blogsaverroes.juntadeandalucia.es\/aldeacordoba\/index.php?rest_route=%2Fwp%2Fv2%2Fmedia&parent=296"}],"wp:term":[{"taxonomy":"category","embeddable":true,"href":"https:\/\/blogsaverroes.juntadeandalucia.es\/aldeacordoba\/index.php?rest_route=%2Fwp%2Fv2%2Fcategories&post=296"},{"taxonomy":"post_tag","embeddable":true,"href":"https:\/\/blogsaverroes.juntadeandalucia.es\/aldeacordoba\/index.php?rest_route=%2Fwp%2Fv2%2Ftags&post=296"}],"curies":[{"name":"wp","href":"https:\/\/api.w.org\/{rel}","templated":true}]}}