{"id":300,"date":"2015-06-12T16:30:12","date_gmt":"2015-06-12T15:30:12","guid":{"rendered":"https:\/\/jmoragahc.wordpress.com\/?p=300"},"modified":"2015-06-12T16:30:12","modified_gmt":"2015-06-12T15:30:12","slug":"la-rebelion-contra-espana-de-los-criollos-de-oruro-y-la-emancipacion-de-argentina","status":"publish","type":"post","link":"https:\/\/blogsaverroes.juntadeandalucia.es\/aldeacordoba\/?p=300","title":{"rendered":"La Rebeli\u00f3n contra Espa\u00f1a de los criollos de Oruro y la emancipaci\u00f3n de Argentina"},"content":{"rendered":"<p><a href=\"http:\/\/revistadehistoria.es\/wp-content\/uploads\/2015\/06\/miscelaneos_impacto_022-640x250.jpg\"><img loading=\"lazy\" decoding=\"async\" class=\"wp-image-7302 size-full\" title=\"La Rebeli\u00f3n contra Espa\u00f1a de los criollos de Oruro\" src=\"http:\/\/revistadehistoria.es\/wp-content\/uploads\/2015\/06\/miscelaneos_impacto_022-640x250.jpg\" alt=\"La Rebeli\u00f3n contra Espa\u00f1a de los criollos de Oruro\" width=\"640\" height=\"250\" \/><\/a><\/p>\n<h2 style=\"text-align:justify\">La Rebeli\u00f3n contra Espa\u00f1a de los criollos de Oruro y la emancipaci\u00f3n de Argentina<\/h2>\n<p style=\"text-align:justify\">Los calabozos de Oruro en Buenos Aires, albergaron a los cabecillas de la rebeli\u00f3n orure\u00f1a iniciada el 10 de febrero de 1781, que adquiri\u00f3 caracter\u00edsticas excepcionales para Espa\u00f1a, al ser una masacre de ricos comerciantes y mineros peninsulares protagonizada por criollos, siendo juzgada la causa en la capital del Virreinato del R\u00edo de la Plata. Al ser caratulada como secreta fue desconocida hasta nuestros d\u00edas, y a su desconocimiento colabor\u00f3 el que estuvieran el Regimiento Fijo de Infanter\u00eda, de Burgos y de Extremadura, alojados en el mismo solar que los reos. Sin embargo, en aquellos d\u00edas\u00a0debi\u00f3 ser conocida porque ellos fueron trasladados en varias oportunidades, y tuvieron libertad condicional dentro del marco de la ciudad.<\/p>\n<p><a href=\"http:\/\/revistadehistoria.es\/wp-content\/uploads\/2015\/06\/familia-criolla-nueva-espac3b1a.jpg\"><img loading=\"lazy\" decoding=\"async\" class=\"wp-image-7299 size-medium\" title=\"La Rebeli\u00f3n contra Espa\u00f1a de los criollos de Oruro\" src=\"http:\/\/revistadehistoria.es\/wp-content\/uploads\/2015\/06\/familia-criolla-nueva-espac3b1a-300x209.jpg\" alt=\"La Rebeli\u00f3n contra Espa\u00f1a de los criollos de Oruro\" width=\"300\" height=\"209\" \/><\/a><\/p>\n<p style=\"text-align:justify\">La rebeli\u00f3n de Oruro, Alto Per\u00fa (actual Bolivia) fue una de las primeras rebeliones encabezadas por criollos en Am\u00e9rica, a la cual podr\u00eda achac\u00e1rsele m\u00f3viles caudillescos e individualistas de ambici\u00f3n personal m\u00e1s que anticoloniales, porque la carencia de un programa libertario permiti\u00f3 a sus l\u00edderes un comportamiento ambivalente y oportunista entre el apoyo a T\u00fapac Amaru o a los espa\u00f1oles, seg\u00fan fuera su conveniencia coyuntural.<\/p>\n<p><a href=\"http:\/\/revistadehistoria.es\/wp-content\/uploads\/2015\/06\/oruro.jpg\"><img loading=\"lazy\" decoding=\"async\" class=\"wp-image-7303 size-medium\" title=\"La Rebeli\u00f3n contra Espa\u00f1a de los criollos de Oruro\" src=\"http:\/\/revistadehistoria.es\/wp-content\/uploads\/2015\/06\/oruro-300x160.jpg\" alt=\"La Rebeli\u00f3n contra Espa\u00f1a de los criollos de Oruro\" width=\"300\" height=\"160\" \/><\/a><\/p>\n<p style=\"text-align:justify\">La condici\u00f3n de criollos les deparaba una serie de privilegios estamentales, de los cuales carec\u00edan los indios que encabezaron las rebeliones ind\u00edgenas, siendo notorias las diferencias sustentadas con los juicios sumarios y ejecuciones llevados a cabo contra estos \u00faltimos. En cambio, a los criollos de Oruro, luego de un largo juicio en Buenos Aires, penoso por las condiciones en que se los mantuvo encarcelados en los primeros a\u00f1os, el Consejo de Indias los dej\u00f3 en libertad, anulando la causa al alegar vicios de procedimiento notorios que imped\u00edan aprobar la sentencia dictada.<\/p>\n<p><a href=\"http:\/\/revistadehistoria.es\/wp-content\/uploads\/2015\/06\/Noticia-84742-los-criollos.jpg\"><img loading=\"lazy\" decoding=\"async\" class=\"wp-image-7300 size-medium\" title=\"La Rebeli\u00f3n contra Espa\u00f1a de los criollos de Oruro\" src=\"http:\/\/revistadehistoria.es\/wp-content\/uploads\/2015\/06\/Noticia-84742-los-criollos-300x225.jpg\" alt=\"La Rebeli\u00f3n contra Espa\u00f1a de los criollos de Oruro\" width=\"300\" height=\"225\" \/><\/a><\/p>\n<p style=\"text-align:justify\">Por ello, debe consider\u00e1rsele un caso judicial en que los pasos de procedimiento mal aplicados complicaron la causa de tal modo que no existi\u00f3 otra posibilidad que desechar todas las pruebas y testimonios; el cual, de haber sido llevado a cabo legalmente y en tiempo l\u00f3gico, podr\u00eda haber concluido con condenas a muerte para los principales ejecutores.<\/p>\n<p style=\"text-align:justify\">Con todo, parece probable que los espa\u00f1oles empezaran a sentir que no pod\u00edan perder el apoyo de los criollos, sus aliados naturales, cuando comenzaban a soplar vientos ideol\u00f3gicos emancipatorios en las colonias americanas, y corr\u00edan el peligro de perderlas. De modo que, el Consejo de Indias habr\u00eda enmascarado una resoluci\u00f3n pol\u00edtica detr\u00e1s de un dictamen profesional, pudiendo desechar todos los testimonios de los estamentos y castas, para terminar no aprobando ciertamente los dichos de los criollos implicados en la rebeli\u00f3n, aunque dejando dudas razonables al respecto.<\/p>\n<p><a href=\"http:\/\/revistadehistoria.es\/wp-content\/uploads\/2015\/06\/oruro_2.jpg\"><img loading=\"lazy\" decoding=\"async\" class=\"wp-image-7304 size-medium\" title=\"La Rebeli\u00f3n contra Espa\u00f1a de los criollos de Oruro\" src=\"http:\/\/revistadehistoria.es\/wp-content\/uploads\/2015\/06\/oruro_2-216x300.jpg\" alt=\"La Rebeli\u00f3n contra Espa\u00f1a de los criollos de Oruro\" width=\"216\" height=\"300\" \/><\/a><\/p>\n<p style=\"text-align:justify\">Pudo haber un nexo conductor a trav\u00e9s del presb\u00edtero Mariano Bernal, reo de la causa, que prest\u00f3 servicios en el Real Colegio durante algunos a\u00f1os, y por las libertades condicionales. Suponi\u00e9ndose que tal situaci\u00f3n podr\u00eda haber redundado en el conocimiento de su accionar subversivo contra el poder espa\u00f1ol, de parte de muchos porte\u00f1os\u00a0y la identificaci\u00f3n consecuente. No por casualidad, despu\u00e9s de mayo de 1810 ser\u00edan identificados como \u201clibertadores del Per\u00fa\u201d, y secuaces de T\u00fapac Amaru, aunque ello no fuera ver\u00eddico, cuando debido a sus privilegios (haciendas y minas) pronto se enfrentaron con los seguidores del inca.<\/p>\n<p><a href=\"http:\/\/revistadehistoria.es\/wp-content\/uploads\/2015\/06\/descuartizamiento.jpg\"><img loading=\"lazy\" decoding=\"async\" class=\"wp-image-7301 size-full\" title=\"La Rebeli\u00f3n contra Espa\u00f1a de los criollos de Oruro\" src=\"http:\/\/revistadehistoria.es\/wp-content\/uploads\/2015\/06\/descuartizamiento.jpg\" alt=\"La Rebeli\u00f3n contra Espa\u00f1a de los criollos de Oruro\" width=\"320\" height=\"213\" \/><\/a><\/p>\n<p style=\"text-align:justify\">Tambi\u00e9n puede establecerse que el Brigadier Cornelio Saavedra, potosino, llamaba Oruro a la actual calle Moreno, debido a la cita que Bartolom\u00e9 Mitre y Vicente Fidel L\u00f3pez hacen de un parte de batalla de las invasiones inglesas donde la menciona con ese nombre, especificando esa \u00fanica cuadra que actualmente va de Per\u00fa a Bol\u00edvar.<\/p>\n<p style=\"text-align:justify\"><a href=\"http:\/\/revistadehistoria.es\/la-rebelion-contra-espana-de-los-criollos-de-oruro-y-la-emancipacion-de-argentina\/\" target=\"_blank\" rel=\"noopener noreferrer\">Art\u00edculo completo<\/a><\/p>\n","protected":false},"excerpt":{"rendered":"<p>La Rebeli\u00f3n contra Espa\u00f1a de los criollos de Oruro y la emancipaci\u00f3n de Argentina Los calabozos de Oruro en Buenos Aires, albergaron a los cabecillas de la rebeli\u00f3n orure\u00f1a iniciada el 10 de febrero de 1781, que adquiri\u00f3 caracter\u00edsticas excepcionales para Espa\u00f1a, al ser una masacre de ricos comerciantes y mineros peninsulares protagonizada por criollos, &hellip; <a href=\"https:\/\/blogsaverroes.juntadeandalucia.es\/aldeacordoba\/?p=300\" class=\"more-link\">Continuar leyendo<span class=\"screen-reader-text\"> \u00abLa Rebeli\u00f3n contra Espa\u00f1a de los criollos de Oruro y la emancipaci\u00f3n de Argentina\u00bb<\/span><\/a><\/p>\n","protected":false},"author":168,"featured_media":0,"comment_status":"open","ping_status":"open","sticky":false,"template":"","format":"standard","meta":{"ngg_post_thumbnail":0,"footnotes":""},"categories":[224381],"tags":[224429,224456,224522,224695,224898],"aioseo_notices":[],"_links":{"self":[{"href":"https:\/\/blogsaverroes.juntadeandalucia.es\/aldeacordoba\/index.php?rest_route=\/wp\/v2\/posts\/300"}],"collection":[{"href":"https:\/\/blogsaverroes.juntadeandalucia.es\/aldeacordoba\/index.php?rest_route=\/wp\/v2\/posts"}],"about":[{"href":"https:\/\/blogsaverroes.juntadeandalucia.es\/aldeacordoba\/index.php?rest_route=\/wp\/v2\/types\/post"}],"author":[{"embeddable":true,"href":"https:\/\/blogsaverroes.juntadeandalucia.es\/aldeacordoba\/index.php?rest_route=\/wp\/v2\/users\/168"}],"replies":[{"embeddable":true,"href":"https:\/\/blogsaverroes.juntadeandalucia.es\/aldeacordoba\/index.php?rest_route=%2Fwp%2Fv2%2Fcomments&post=300"}],"version-history":[{"count":0,"href":"https:\/\/blogsaverroes.juntadeandalucia.es\/aldeacordoba\/index.php?rest_route=\/wp\/v2\/posts\/300\/revisions"}],"wp:attachment":[{"href":"https:\/\/blogsaverroes.juntadeandalucia.es\/aldeacordoba\/index.php?rest_route=%2Fwp%2Fv2%2Fmedia&parent=300"}],"wp:term":[{"taxonomy":"category","embeddable":true,"href":"https:\/\/blogsaverroes.juntadeandalucia.es\/aldeacordoba\/index.php?rest_route=%2Fwp%2Fv2%2Fcategories&post=300"},{"taxonomy":"post_tag","embeddable":true,"href":"https:\/\/blogsaverroes.juntadeandalucia.es\/aldeacordoba\/index.php?rest_route=%2Fwp%2Fv2%2Ftags&post=300"}],"curies":[{"name":"wp","href":"https:\/\/api.w.org\/{rel}","templated":true}]}}