{"id":304,"date":"2015-06-20T16:52:56","date_gmt":"2015-06-20T15:52:56","guid":{"rendered":"https:\/\/jmoragahc.wordpress.com\/?p=304"},"modified":"2015-06-20T16:52:56","modified_gmt":"2015-06-20T15:52:56","slug":"crack-de-1929-causas-desarrollo-y-consecuencias","status":"publish","type":"post","link":"https:\/\/blogsaverroes.juntadeandalucia.es\/aldeacordoba\/?p=304","title":{"rendered":"Crack de 1929: causas, desarrollo y consecuencias."},"content":{"rendered":"<p><img decoding=\"async\" class=\"alignnone\" src=\"http:\/\/www.finanzasparatodos.es\/gepeese\/es\/inicio\/laEconomiaEn\/laHistoria\/Imagenes_Momentos_Historicos\/wall_street_crash_1929.jpg\" alt=\"\" \/><\/p>\n<p>Art\u00edculo sobre el crack de 1929.<\/p>\n<p><strong>Autor: Enrique L\u00f3pez Fdez de Lascoiti,\u00a0<\/strong>Universidad Aut\u00f3noma de Madrid.<\/p>\n<p><strong>Fuente:\u00a0<\/strong>Revista Internacional del Mundo Econ\u00f3mico y del Derecho.\u00a0Volumen I (2009) P\u00e1gs. de 1 &#8211; 16.<\/p>\n<p style=\"text-align:justify\"><strong>Resumen:<\/strong> El crack del 29, fue una la mayor crisis jam\u00e1s conocida que estall\u00f3 el 24 de\u00a0octubre de 1929. En esta fecha la bolsa de valores de Wall Street sufri\u00f3 una ca\u00edda en sus\u00a0precios. Esto provoc\u00f3 la ruina de muchos inversores, tanto grandes hombre de negocios\u00a0como peque\u00f1os accionistas, el cierre de empresas y bancos. Esto conllev\u00f3 al paro a\u00a0millones de ciudadanos. Pero el problema no solo qued\u00f3 en Nueva York, esto se\u00a0traslad\u00f3 a casi todos los pa\u00edses del mundo como un efecto domin\u00f3. Afect\u00f3 tanto a pa\u00edses\u00a0desarrollados como a los que estaban en v\u00edas de desarrollo. Europa se estaba\u00a0recuperando de las consecuencias de la Primera Guerra Mundial, entonces su situaci\u00f3n\u00a0empeoro. Lo que comenz\u00f3 como un simple descenso de las cotizaciones en la bolsa de\u00a0Nueva York, en el oto\u00f1o de 1929, se convirti\u00f3, en poco tiempo, en la mayor crisis de la\u00a0historia del capitalismo.<\/p>\n<p style=\"text-align:justify\"><img decoding=\"async\" class=\"alignnone\" src=\"https:\/\/blogsaverroes.juntadeandalucia.es\/aldeacordoba\/files\/2015\/06\/4f58f-dolarcrackfinanciero.jpg\" alt=\"\" \/><\/p>\n<p style=\"text-align:justify\"><a href=\"http:\/\/www.revistainternacionaldelmundoeconomicoydelderecho.net\/wp-content\/uploads\/CRACK-DE-1929-Causas-desarrollo-y-consecuencias.pdf\" target=\"_blank\" rel=\"noopener noreferrer\">Descargar art\u00edculo<\/a>.<\/p>\n","protected":false},"excerpt":{"rendered":"<p>Art\u00edculo sobre el crack de 1929. Autor: Enrique L\u00f3pez Fdez de Lascoiti,\u00a0Universidad Aut\u00f3noma de Madrid. Fuente:\u00a0Revista Internacional del Mundo Econ\u00f3mico y del Derecho.\u00a0Volumen I (2009) P\u00e1gs. de 1 &#8211; 16. Resumen: El crack del 29, fue una la mayor crisis jam\u00e1s conocida que estall\u00f3 el 24 de\u00a0octubre de 1929. En esta fecha la bolsa de &hellip; <a href=\"https:\/\/blogsaverroes.juntadeandalucia.es\/aldeacordoba\/?p=304\" class=\"more-link\">Continuar leyendo<span class=\"screen-reader-text\"> \u00abCrack de 1929: causas, desarrollo y consecuencias.\u00bb<\/span><\/a><\/p>\n","protected":false},"author":168,"featured_media":0,"comment_status":"open","ping_status":"open","sticky":false,"template":"","format":"standard","meta":{"ngg_post_thumbnail":0,"footnotes":""},"categories":[224387],"tags":[224519,224666,224901],"aioseo_notices":[],"_links":{"self":[{"href":"https:\/\/blogsaverroes.juntadeandalucia.es\/aldeacordoba\/index.php?rest_route=\/wp\/v2\/posts\/304"}],"collection":[{"href":"https:\/\/blogsaverroes.juntadeandalucia.es\/aldeacordoba\/index.php?rest_route=\/wp\/v2\/posts"}],"about":[{"href":"https:\/\/blogsaverroes.juntadeandalucia.es\/aldeacordoba\/index.php?rest_route=\/wp\/v2\/types\/post"}],"author":[{"embeddable":true,"href":"https:\/\/blogsaverroes.juntadeandalucia.es\/aldeacordoba\/index.php?rest_route=\/wp\/v2\/users\/168"}],"replies":[{"embeddable":true,"href":"https:\/\/blogsaverroes.juntadeandalucia.es\/aldeacordoba\/index.php?rest_route=%2Fwp%2Fv2%2Fcomments&post=304"}],"version-history":[{"count":0,"href":"https:\/\/blogsaverroes.juntadeandalucia.es\/aldeacordoba\/index.php?rest_route=\/wp\/v2\/posts\/304\/revisions"}],"wp:attachment":[{"href":"https:\/\/blogsaverroes.juntadeandalucia.es\/aldeacordoba\/index.php?rest_route=%2Fwp%2Fv2%2Fmedia&parent=304"}],"wp:term":[{"taxonomy":"category","embeddable":true,"href":"https:\/\/blogsaverroes.juntadeandalucia.es\/aldeacordoba\/index.php?rest_route=%2Fwp%2Fv2%2Fcategories&post=304"},{"taxonomy":"post_tag","embeddable":true,"href":"https:\/\/blogsaverroes.juntadeandalucia.es\/aldeacordoba\/index.php?rest_route=%2Fwp%2Fv2%2Ftags&post=304"}],"curies":[{"name":"wp","href":"https:\/\/api.w.org\/{rel}","templated":true}]}}