{"id":310,"date":"2015-06-25T16:52:45","date_gmt":"2015-06-25T15:52:45","guid":{"rendered":"https:\/\/jmoragahc.wordpress.com\/?p=310"},"modified":"2015-06-25T16:52:45","modified_gmt":"2015-06-25T15:52:45","slug":"l-a-operacion-barbarroja","status":"publish","type":"post","link":"https:\/\/blogsaverroes.juntadeandalucia.es\/aldeacordoba\/?p=310","title":{"rendered":"L.a Operaci\u00f3n Barbarroja"},"content":{"rendered":"<p><img decoding=\"async\" class=\"alignnone\" src=\"http:\/\/revistadehistoria.es\/wp-content\/uploads\/2015\/06\/operation-barbarossa-snow-H-978x400.jpg\" alt=\"\" \/><\/p>\n<p>Fuente: <a href=\"http:\/\/revistadehistoria.es\/la-operacion-barbarroja\/\" target=\"_blank\" rel=\"noopener noreferrer\">Revista de Historia<\/a>.<\/p>\n<p style=\"text-align:justify\">En 1938, la Alemania de Hitler y la URSS de Stalin firmaron el pacto de no agresi\u00f3n germano-sovi\u00e9tico, denominado Pacto Ribbentrop-M\u00f3lotov, con el cual tambi\u00e9n se estrechaban v\u00ednculos comerciales y econ\u00f3micos. A pesar de este pacto, la decisi\u00f3n de atacar la URSS ya estaba decidida por Hitler antes del comienzo de la Guerra, y la expuso por primera vez el 13 de julio de 1940, en una reuni\u00f3n con los altos mandos militares.<\/p>\n<div class=\"mceTemp\">\n<figure id=\"attachment_7332\" aria-describedby=\"caption-attachment-7332\" style=\"width: 300px\" class=\"wp-caption aligncenter\"><a href=\"http:\/\/revistadehistoria.es\/wp-content\/uploads\/2015\/06\/Sdelka_veka.jpg\"><img loading=\"lazy\" decoding=\"async\" class=\"wp-image-7332 size-medium\" title=\"La Operaci\u00f3n Barbarroja\" src=\"http:\/\/revistadehistoria.es\/wp-content\/uploads\/2015\/06\/Sdelka_veka-300x179.jpg\" alt=\"La Operaci\u00f3n Barbarroja\" width=\"300\" height=\"179\" \/><\/a><figcaption id=\"caption-attachment-7332\" class=\"wp-caption-text\">La Operaci\u00f3n Barbarroja, Pacto Ribbentrop-M\u00f3lotov<\/figcaption><\/figure>\n<\/div>\n<h2>La Operaci\u00f3n Barbarroja<\/h2>\n<p>En esta reuni\u00f3n, Hitler, expuso sus planes estrat\u00e9gicos:<\/p>\n<blockquote><p>\u201cSi aplastamos Rusia, Inglaterra perder\u00e1 su \u00faltima tabla de salvaci\u00f3n en Europa, y Gran Breta\u00f1a se hundir\u00e1 con ella. Rusia tiene que ser liquidada y cuanto antes mejor\u201d.<\/p><\/blockquote>\n<p style=\"text-align:justify\">El inter\u00e9s del ataque a la Uni\u00f3n Sovi\u00e9tica viene precedido por el inter\u00e9s de los campos petrol\u00edferos del Ca\u00facaso y el trigo de Ucrania, a la vez que por el antibolchevismo de Hitler. Previo ataque a la Uni\u00f3n Sovi\u00e9tica, Hitler hab\u00eda estudiado la campa\u00f1a en Rusia de Napole\u00f3n, teniendo en cuenta el fracaso de los ej\u00e9rcitos franceses en las nevadas rusas. Por ello, hab\u00eda desechado en un principio invadir la URSS sin terminar antes con el frente oeste, o sea, firmar la paz con Gran Breta\u00f1a.<\/p>\n<p style=\"text-align:justify\">Esta misi\u00f3n se le confi\u00f3 a Rudolf Hess, uno de los m\u00e1s fervientes seguidores de Hitler, con un gran fracaso. Fue encarcelado en Gran Breta\u00f1a y repudiado por Hitler. A pesar de este fracaso diplom\u00e1tico, la idea de atacar la URSS ya estaba prevista, pensando que la ocupaci\u00f3n de la misma no durar\u00eda m\u00e1s de seis meses, y con ello privando a Inglaterra de su \u00fanica posible salvaci\u00f3n. Stalin, previo ataque de Alemania, hab\u00eda recibido informaci\u00f3n de los planes alemanes por diversas fuentes.<\/p>\n<div class=\"mceTemp\">\n<figure id=\"attachment_7333\" aria-describedby=\"caption-attachment-7333\" style=\"width: 300px\" class=\"wp-caption aligncenter\"><a href=\"http:\/\/revistadehistoria.es\/wp-content\/uploads\/2015\/06\/article-2189338-003B3A5300000258-146_634x581.jpg\"><img loading=\"lazy\" decoding=\"async\" class=\"wp-image-7333 size-medium\" title=\"La Operaci\u00f3n Barbarroja\" src=\"http:\/\/revistadehistoria.es\/wp-content\/uploads\/2015\/06\/article-2189338-003B3A5300000258-146_634x581-300x275.jpg\" alt=\"La Operaci\u00f3n Barbarroja\" width=\"300\" height=\"275\" \/><\/a><figcaption id=\"caption-attachment-7333\" class=\"wp-caption-text\">La Operaci\u00f3n Barbarroja, restos del Bf-110 de Rudolf Hess en Inglaterra<\/figcaption><\/figure>\n<p class=\"wp-caption-text\">\n<\/div>\n<p style=\"text-align:justify\">Esp\u00edas sovi\u00e9ticos (la llamada y conocida red de esp\u00edas \u201cla Orquesta Roja\u201d) y el propio Churchill le alertaron de la inminente invasi\u00f3n. Stalin, hizo caso omiso de dicha informaci\u00f3n, pensando que el l\u00edder brit\u00e1nico buscaba enfrentarle con Hitler, desatendiendo los m\u00faltiples requerimientos de prepararse para el ataque alem\u00e1n, e incluso enviando materias primas al Reich (cromo, n\u00edquel, combustible, trigo), siendo el d\u00eda 21 de Junio el \u00faltimo env\u00edo de transporte de material desde la Uni\u00f3n Sovi\u00e9tica, y el d\u00eda en que Stalin tuvo que reaccionar, ya que las tropas alemanas atravesaron la frontera sovi\u00e9tica.<\/p>\n<div class=\"mceTemp\">\n<figure id=\"attachment_7335\" aria-describedby=\"caption-attachment-7335\" style=\"width: 300px\" class=\"wp-caption aligncenter\"><a href=\"http:\/\/revistadehistoria.es\/wp-content\/uploads\/2015\/06\/INVASION-DE-GRECIA.jpg\"><img loading=\"lazy\" decoding=\"async\" class=\"wp-image-7335 size-medium\" title=\"La Operaci\u00f3n Barbarroja\" src=\"http:\/\/revistadehistoria.es\/wp-content\/uploads\/2015\/06\/INVASION-DE-GRECIA-300x199.jpg\" alt=\"La Operaci\u00f3n Barbarroja\" width=\"300\" height=\"199\" \/><\/a><figcaption id=\"caption-attachment-7335\" class=\"wp-caption-text\">La Operaci\u00f3n Barbarroja, tropas alemanas en el Parten\u00f3n<\/figcaption><\/figure>\n<p class=\"wp-caption-text\">\n<\/div>\n<p style=\"text-align:justify\"><a href=\"http:\/\/es.wikipedia.org\/wiki\/Operaci%C3%B3n_Barbarroja\" target=\"_blank\" rel=\"noopener noreferrer\">La operaci\u00f3n Barbarroja<\/a> estaba proyectada para mayo de 1941, pero las dificultades que surgieron en Grecia a ra\u00edz de la intervenci\u00f3n italiana en dicho pa\u00eds y en los Balcanes, retrasaron la operaci\u00f3n cuatro semanas m\u00e1s, semanas que ser\u00edan fatales para las fuerzas de la Wehrmacht.<\/p>\n<p><a href=\"http:\/\/revistadehistoria.es\/wp-content\/uploads\/2015\/06\/CED48243.jpg\"><img loading=\"lazy\" decoding=\"async\" class=\"wp-image-7341 \" title=\"La Operaci\u00f3n Barbarroja\" src=\"http:\/\/revistadehistoria.es\/wp-content\/uploads\/2015\/06\/CED48243.jpg\" alt=\"La Operaci\u00f3n Barbarroja\" width=\"498\" height=\"385\" \/><\/a><\/p>\n<h2>La Operaci\u00f3n Barbarroja, objetivos.<\/h2>\n<p style=\"text-align:justify\">La operaci\u00f3n Barbarroja ten\u00eda tres objetivos en 3000 kil\u00f3metros. Hacia el Norte estaba el objetivo ideol\u00f3gico, Leningrado (la ciudad de Lenin, la cuna de la Revoluci\u00f3n Rusa). En el centro, el objetivo pol\u00edtico, Mosc\u00fa (la ciudad de Stalin). Al Sur, el objetivo econ\u00f3mico, Ucrania. El 22 de Junio, los primeros zapadores de la Wehrmacht entran en territorio ruso. Este ataque sorpresa a la Uni\u00f3n Sovi\u00e9tica se extendi\u00f3 en un frente que iba desde Finlandia hasta el Mar Negro.<\/p>\n<div class=\"mceTemp\">\n<figure id=\"attachment_7331\" aria-describedby=\"caption-attachment-7331\" style=\"width: 543px\" class=\"wp-caption aligncenter\"><a href=\"http:\/\/revistadehistoria.es\/wp-content\/uploads\/2015\/06\/Operaci%C3%B3n_Barbarroja.jpg\"><img loading=\"lazy\" decoding=\"async\" class=\"wp-image-7331\" title=\"La Operaci\u00f3n Barbarroja\" src=\"http:\/\/revistadehistoria.es\/wp-content\/uploads\/2015\/06\/Operaci%C3%B3n_Barbarroja.jpg\" alt=\"La Operaci\u00f3n Barbarroja\" width=\"543\" height=\"681\" \/><\/a><figcaption id=\"caption-attachment-7331\" class=\"wp-caption-text\">La Operaci\u00f3n Barbarroja<\/figcaption><\/figure>\n<p class=\"wp-caption-text\">\n<\/div>\n<p style=\"text-align:justify\">Este ataque se realiz\u00f3 mediante 153 divisiones alemanas y tropas extranjeras. Los alemanes contaban con tres millones de soldados, 600000 veh\u00edculos motorizados, 7000 ca\u00f1ones, 3600 carros de combate y m\u00e1s de 2700 aviones. Las tropas extranjeras estaban compuestas por casi 500000 soldados (rumanos, eslovacos, finlandeses, h\u00fangaros y voluntarios franceses y fascistas espa\u00f1oles). El Ej\u00e9rcito Rojo contrapone en el frente occidental a dos millones y medio de hombres.<\/p>\n<div class=\"mceTemp\">\n<figure id=\"attachment_7336\" aria-describedby=\"caption-attachment-7336\" style=\"width: 300px\" class=\"wp-caption alignnone\"><a href=\"http:\/\/revistadehistoria.es\/wp-content\/uploads\/2015\/06\/captura-de-pantalla-2014-05-21-a-las-13-18-10.jpg\"><img loading=\"lazy\" decoding=\"async\" class=\"wp-image-7336 size-medium\" title=\"La Operaci\u00f3n Barbarroja\" src=\"http:\/\/revistadehistoria.es\/wp-content\/uploads\/2015\/06\/captura-de-pantalla-2014-05-21-a-las-13-18-10-300x164.jpg\" alt=\"La Operaci\u00f3n Barbarroja\" width=\"300\" height=\"164\" \/><\/a><figcaption id=\"caption-attachment-7336\" class=\"wp-caption-text\">La Operaci\u00f3n Barbarroja, noticia en la Europa Ocupada<\/figcaption><\/figure>\n<\/div>\n<p style=\"text-align:justify\">Una cifra similar se distribuye entre el C\u00e1ucaso (contra Gran Breta\u00f1a, a la cual Mosc\u00fa considera un enemigo potencial) y Extremo Oriente (contra Jap\u00f3n). El ataque principal lo desencadenan tres Grupos de Ej\u00e9rcitos alemanes, el del Norte (Wilhem von leeb) (26 divisiones y 4\u00aa flota a\u00e9rea), el del Centro (Fedor von Dock) (51 divisiones, y 2\u00aa flota a\u00e9rea) y el del Sur (Gerd von Rundstedt) (59 divisiones, 4\u00aa flota a\u00e9rea).<\/p>\n<div class=\"mceTemp\">\n<figure id=\"attachment_7337\" aria-describedby=\"caption-attachment-7337\" style=\"width: 300px\" class=\"wp-caption aligncenter\"><a href=\"http:\/\/revistadehistoria.es\/wp-content\/uploads\/2015\/06\/BiplazaUTI-4versindeentrenamientoparcialmentedestruidodurantelaOperacinBarbarrojaen1941Rusia.jpg\"><img loading=\"lazy\" decoding=\"async\" class=\"wp-image-7337 size-medium\" title=\"La Operaci\u00f3n Barbarroja\" src=\"http:\/\/revistadehistoria.es\/wp-content\/uploads\/2015\/06\/BiplazaUTI-4versindeentrenamientoparcialmentedestruidodurantelaOperacinBarbarrojaen1941Rusia-300x201.jpg\" alt=\"La Operaci\u00f3n Barbarroja\" width=\"300\" height=\"201\" \/><\/a><figcaption id=\"caption-attachment-7337\" class=\"wp-caption-text\">La Operaci\u00f3n Barbarroja, la aviaci\u00f3n sovi\u00e9tica fue pr\u00e1cticamente destruida en tierra<\/figcaption><\/figure>\n<p class=\"wp-caption-text\"><a href=\"http:\/\/revistadehistoria.es\/la-operacion-barbarroja\/\" target=\"_blank\" rel=\"noopener noreferrer\">Art\u00edculo completo<\/a><\/p>\n<\/div>\n","protected":false},"excerpt":{"rendered":"<p>Fuente: Revista de Historia. En 1938, la Alemania de Hitler y la URSS de Stalin firmaron el pacto de no agresi\u00f3n germano-sovi\u00e9tico, denominado Pacto Ribbentrop-M\u00f3lotov, con el cual tambi\u00e9n se estrechaban v\u00ednculos comerciales y econ\u00f3micos. A pesar de este pacto, la decisi\u00f3n de atacar la URSS ya estaba decidida por Hitler antes del comienzo de &hellip; <a href=\"https:\/\/blogsaverroes.juntadeandalucia.es\/aldeacordoba\/?p=310\" class=\"more-link\">Continuar leyendo<span class=\"screen-reader-text\"> \u00abL.a Operaci\u00f3n Barbarroja\u00bb<\/span><\/a><\/p>\n","protected":false},"author":168,"featured_media":0,"comment_status":"open","ping_status":"open","sticky":false,"template":"","format":"standard","meta":{"ngg_post_thumbnail":0,"footnotes":""},"categories":[224390],"tags":[224416,224683,224803,224943],"aioseo_notices":[],"_links":{"self":[{"href":"https:\/\/blogsaverroes.juntadeandalucia.es\/aldeacordoba\/index.php?rest_route=\/wp\/v2\/posts\/310"}],"collection":[{"href":"https:\/\/blogsaverroes.juntadeandalucia.es\/aldeacordoba\/index.php?rest_route=\/wp\/v2\/posts"}],"about":[{"href":"https:\/\/blogsaverroes.juntadeandalucia.es\/aldeacordoba\/index.php?rest_route=\/wp\/v2\/types\/post"}],"author":[{"embeddable":true,"href":"https:\/\/blogsaverroes.juntadeandalucia.es\/aldeacordoba\/index.php?rest_route=\/wp\/v2\/users\/168"}],"replies":[{"embeddable":true,"href":"https:\/\/blogsaverroes.juntadeandalucia.es\/aldeacordoba\/index.php?rest_route=%2Fwp%2Fv2%2Fcomments&post=310"}],"version-history":[{"count":0,"href":"https:\/\/blogsaverroes.juntadeandalucia.es\/aldeacordoba\/index.php?rest_route=\/wp\/v2\/posts\/310\/revisions"}],"wp:attachment":[{"href":"https:\/\/blogsaverroes.juntadeandalucia.es\/aldeacordoba\/index.php?rest_route=%2Fwp%2Fv2%2Fmedia&parent=310"}],"wp:term":[{"taxonomy":"category","embeddable":true,"href":"https:\/\/blogsaverroes.juntadeandalucia.es\/aldeacordoba\/index.php?rest_route=%2Fwp%2Fv2%2Fcategories&post=310"},{"taxonomy":"post_tag","embeddable":true,"href":"https:\/\/blogsaverroes.juntadeandalucia.es\/aldeacordoba\/index.php?rest_route=%2Fwp%2Fv2%2Ftags&post=310"}],"curies":[{"name":"wp","href":"https:\/\/api.w.org\/{rel}","templated":true}]}}