{"id":314,"date":"2015-07-03T17:28:42","date_gmt":"2015-07-03T16:28:42","guid":{"rendered":"https:\/\/jmoragahc.wordpress.com\/?p=314"},"modified":"2015-07-03T17:28:42","modified_gmt":"2015-07-03T16:28:42","slug":"el-compromiso-politico-de-emmeline-pankhurst","status":"publish","type":"post","link":"https:\/\/blogsaverroes.juntadeandalucia.es\/aldeacordoba\/?p=314","title":{"rendered":"El compromiso pol\u00edtico de Emmeline Pankhurst"},"content":{"rendered":"<p><img decoding=\"async\" class=\" aligncenter\" src=\"http:\/\/estaticos.muyhistoria.es\/media\/cache\/400x300_thumb\/uploads\/images\/article\/5506c6273cafe85f75dec656\/emilie-cuadrada_0.jpg\" alt=\"\" \/><\/p>\n<p><strong>Fuente:<\/strong> <a href=\"http:\/\/www.muyhistoria.es\/contemporanea\/articulo\/el-compromiso-politico-de-emmeline-pankhurst-521426506982\" target=\"_blank\" rel=\"noopener noreferrer\">muyhistoria.es<\/a><\/p>\n<p><strong>Autora:<\/strong>\u00a0Mar\u00eda Fern\u00e1ndez Rei<\/p>\n<p style=\"text-align:justify\">Esta brit\u00e1nica fue <strong>una de las mayores impulsoras del <a href=\"http:\/\/www.muyhistoria.es\/curiosidades\/preguntas-respuestas\/ide-donde-viene-el-termino-qsufragioq\">sufragismo<\/a>\u00a0europeo<\/strong>, el movimiento que luch\u00f3 a favor del derecho al voto femenino.<\/p>\n<p style=\"text-align:justify\">Pankhurst (1858-1928) naci\u00f3 en una rica familia y,<strong>a pesar de crecer en la encorsetada sociedad victoriana, su madre la educ\u00f3 en los principios feministas<\/strong>. En 1879 se cas\u00f3 con Richard Marsden Pankhurst, una abogado que apoyaba p\u00fablicamente el sufragismo.<\/p>\n<p style=\"text-align:justify\">Emmeline comenz\u00f3 pronto su compromiso con la causa sufragista y<strong> fund\u00f3 en 1892 la Liga a Favor del Derecho al <a href=\"http:\/\/www.muyhistoria.es\/curiosidades\/preguntas-respuestas\/icomo-se-vota-en-otros-paises\">voto<\/a>\u00a0de la Mujer y, en 1903, la Uni\u00f3n Pol\u00edtica y Social de la Mujer (WSPU)<\/strong>. Fueron partidos en los que militaron c\u00e9lebres sufragistas como Annie Kenney, Ethel Smyth o Emily Davison, que falleci\u00f3 en una acci\u00f3n de protesta, al lanzarse a los pies de un caballo durante una carrera h\u00edpica.<\/p>\n<p style=\"text-align:justify\">Por primera vez en la\u00a0<a href=\"http:\/\/www.muyhistoria.es\/tag\/historia\">Historia<\/a>, las mujeres reivindicaron sus derechos en la calle y encabezaron decenas de marchas y manifestaciones, que llevaron en numerosas ocasiones a Pankhurst a la c\u00e1rcel. Sin embargo, su figura ha sido criticada en ocasiones porque, al pertenecer a la burgues\u00eda, recib\u00eda un trato deferente en prisi\u00f3n y <strong>no sufr\u00eda las mismas privaciones que sus compa\u00f1eras de\u00a0<a href=\"http:\/\/www.muyhistoria.es\/curiosidades\/preguntas-respuestas\/ien-que-pais-tuvo-lugar-la-lucha-de-las-sufragistas\">lucha<\/a><\/strong>.<\/p>\n<p style=\"text-align:justify\">Falleci\u00f3 en Londres en <strong>1928<\/strong>, el mismo <strong>a\u00f1o en que el Gobierno<a href=\"http:\/\/www.muyhistoria.es\/curiosidades\/preguntas-respuestas\/ipor-que-el-heredero-del-trono-britanico-tiene-el-titulo-de-principe-de-gales\">brit\u00e1nico<\/a>\u00a0aprobaba su mayor ambici\u00f3n: el voto femenino en el Reino Unido<\/strong>.<\/p>\n<p>&nbsp;<\/p>\n","protected":false},"excerpt":{"rendered":"<p>Fuente: muyhistoria.es Autora:\u00a0Mar\u00eda Fern\u00e1ndez Rei Esta brit\u00e1nica fue una de las mayores impulsoras del sufragismo\u00a0europeo, el movimiento que luch\u00f3 a favor del derecho al voto femenino. Pankhurst (1858-1928) naci\u00f3 en una rica familia y,a pesar de crecer en la encorsetada sociedad victoriana, su madre la educ\u00f3 en los principios feministas. En 1879 se cas\u00f3 con &hellip; <a href=\"https:\/\/blogsaverroes.juntadeandalucia.es\/aldeacordoba\/?p=314\" class=\"more-link\">Continuar leyendo<span class=\"screen-reader-text\"> \u00abEl compromiso pol\u00edtico de Emmeline Pankhurst\u00bb<\/span><\/a><\/p>\n","protected":false},"author":168,"featured_media":0,"comment_status":"open","ping_status":"open","sticky":false,"template":"","format":"standard","meta":{"ngg_post_thumbnail":0,"footnotes":""},"categories":[224382,224389],"tags":[224567,224596,224919],"aioseo_notices":[],"_links":{"self":[{"href":"https:\/\/blogsaverroes.juntadeandalucia.es\/aldeacordoba\/index.php?rest_route=\/wp\/v2\/posts\/314"}],"collection":[{"href":"https:\/\/blogsaverroes.juntadeandalucia.es\/aldeacordoba\/index.php?rest_route=\/wp\/v2\/posts"}],"about":[{"href":"https:\/\/blogsaverroes.juntadeandalucia.es\/aldeacordoba\/index.php?rest_route=\/wp\/v2\/types\/post"}],"author":[{"embeddable":true,"href":"https:\/\/blogsaverroes.juntadeandalucia.es\/aldeacordoba\/index.php?rest_route=\/wp\/v2\/users\/168"}],"replies":[{"embeddable":true,"href":"https:\/\/blogsaverroes.juntadeandalucia.es\/aldeacordoba\/index.php?rest_route=%2Fwp%2Fv2%2Fcomments&post=314"}],"version-history":[{"count":0,"href":"https:\/\/blogsaverroes.juntadeandalucia.es\/aldeacordoba\/index.php?rest_route=\/wp\/v2\/posts\/314\/revisions"}],"wp:attachment":[{"href":"https:\/\/blogsaverroes.juntadeandalucia.es\/aldeacordoba\/index.php?rest_route=%2Fwp%2Fv2%2Fmedia&parent=314"}],"wp:term":[{"taxonomy":"category","embeddable":true,"href":"https:\/\/blogsaverroes.juntadeandalucia.es\/aldeacordoba\/index.php?rest_route=%2Fwp%2Fv2%2Fcategories&post=314"},{"taxonomy":"post_tag","embeddable":true,"href":"https:\/\/blogsaverroes.juntadeandalucia.es\/aldeacordoba\/index.php?rest_route=%2Fwp%2Fv2%2Ftags&post=314"}],"curies":[{"name":"wp","href":"https:\/\/api.w.org\/{rel}","templated":true}]}}