{"id":322,"date":"2015-08-15T10:16:44","date_gmt":"2015-08-15T09:16:44","guid":{"rendered":"https:\/\/jmoragahc.wordpress.com\/?p=322"},"modified":"2015-08-15T10:16:44","modified_gmt":"2015-08-15T09:16:44","slug":"el-heroismo-de-los-griegos-ante-alemania","status":"publish","type":"post","link":"https:\/\/blogsaverroes.juntadeandalucia.es\/aldeacordoba\/?p=322","title":{"rendered":"El heroismo de los griegos ante Alemania."},"content":{"rendered":"<p><img loading=\"lazy\" decoding=\"async\" class=\"aligncenter\" style=\"border:1px solid #000000;margin-bottom:10px\" src=\"http:\/\/revistadehistoria.es\/wp-content\/uploads\/2015\/07\/nazi_occupation.jpg\" alt=\"\" width=\"613\" height=\"342\" \/><\/p>\n<p>Fuente: <a href=\"http:\/\/revistadehistoria.es\/el-heroismo-de-los-griegos-ante-alemania\/\" target=\"_blank\" rel=\"noopener noreferrer\">Revista de Historia<\/a>, 20\/07\/2015.<\/p>\n<p style=\"text-align:justify\">El heroismo de los <a href=\"https:\/\/es.wikipedia.org\/wiki\/Grecia\" target=\"_blank\" rel=\"noopener noreferrer\">griegos<\/a> ante Alemania qued\u00f3 muy patente despu\u00e9s de la \u201cOperaci\u00f3n Marita\u201d, nombre en clave de la invasi\u00f3n alemana de Grecia en la Segunda Guerra Mundial. Los griegos estaban implicados en el conflicto mundial, desde que en octubre de 1940 los Italianos les invadieron desde Albania. Sin embargo, pronto los griegos pararon la ofensiva italiana, y, contraatacando, llegaron a ocupar la cuarta parte de Albania.<\/p>\n<div class=\"code-block code-block-1\" style=\"text-align:justify\">Ante esta situaci\u00f3n, el 6 de abril de 1941 Alemania invade Grecia con la intenci\u00f3n de asegurar su flanco sur europeo, tomando Atenas el 27 de abril y forzando al cuerpo expedicionario Brit\u00e1nico, que hab\u00eda desembarcado en Grecia para apoyarles, a evacuar.<\/div>\n<p style=\"text-align:justify\">A pesar de la rapidez de la victoria alemana, la batalla de Grecia fue muy importante, ya que retras\u00f3 en casi 6 semanas la invasi\u00f3n de la URSS, lo que implic\u00f3 que la ofensiva nazi sobre Mosc\u00fa se viese\u00a0detenida\u00a0por el \u201cGeneral Invierno\u201d, adem\u00e1s de tener que destinar cientos de miles de soldados a la ocupaci\u00f3n de Grecia, que podr\u00edan haber sido determinantes en el frente.<\/p>\n<p><a href=\"http:\/\/revistadehistoria.es\/wp-content\/uploads\/2015\/07\/018220767_30300.jpg\"><img loading=\"lazy\" decoding=\"async\" class=\"wp-image-7901\" title=\"El heroismo de los griegos ante Alemania\" src=\"http:\/\/revistadehistoria.es\/wp-content\/uploads\/2015\/07\/018220767_30300.jpg\" alt=\"El heroismo de los griegos ante Alemania\" width=\"522\" height=\"294\" \/><\/a><\/p>\n<h2>El heroismo de los griegos ante Alemania<\/h2>\n<p>Es normal que los aliados de los griegos les dedicasen elogios, as\u00ed Winston Churchill dijo:<\/p>\n<blockquote><p>\u201cNo diremos que los griegos combaten como h\u00e9roes, sino que los h\u00e9roes combaten como los griegos.\u201d<\/p><\/blockquote>\n<p>Mientras que el presidente Franklin Roosvelt a\u00f1ad\u00eda:<\/p>\n<blockquote><p>\u201cTodos los pueblos libres est\u00e1n muy impresionados por el coraje y la tenacidad de la naci\u00f3n griega\u2026 que se defiende a s\u00ed misma con tanto valor.\u201d<\/p><\/blockquote>\n<p>Hasta el mism\u00edsimo Stalin dijo que:<\/p>\n<blockquote><p>\u201cEl pueblo ruso estar\u00e1 eternamente agradecido a los griegos por haber retardado al Ej\u00e9rcito alem\u00e1n lo bastante como para que llegase el invierno, lo que nos concedi\u00f3 un tiempo precioso que necesit\u00e1bamos para prepararnos. No lo olvidaremos jam\u00e1s.\u201d<\/p><\/blockquote>\n<p>Lo que ya no es tan normal es que los propios enemigos de los griegos, les dedicasen grandes elogios. El jefe supremo de las fuerzas armadas alemanas, Wilhelm Keitel, en la misma l\u00ednea de pensamiento que Stalin, reconoci\u00f3 que:<\/p>\n<blockquote><p>\u201cLa incre\u00edble resistencia de los griegos retras\u00f3 en uno o dos meses vitales la ofensiva alemana contra Rusia; sin ese retraso, el final de la guerra habr\u00eda sido diferente en el frente del este y para la guerra en general.\u201d<\/p><\/blockquote>\n<p>Mientras que Joseph Goebbels escribi\u00f3:<\/p>\n<blockquote><p>\u201cProh\u00edbo a la prensa subestimar a Grecia, difamarla\u2026 El F\u00fchrer admira la valent\u00eda de los griegos.\u201d<\/p><\/blockquote>\n<p style=\"text-align:justify\">Y as\u00ed era pues el mism\u00edsimo Adolf Hitler orden\u00f3 que ning\u00fan griego deb\u00eda ser hecho prisionero, y los que lo eran deb\u00edan ser liberados por respeto a su valent\u00eda, lo cual no impidi\u00f3 que los civiles griegos sufriesen una brutal ocupaci\u00f3n, que provoc\u00f3 entre 1940 y 1945, mas de 400.000 muertos.<\/p>\n","protected":false},"excerpt":{"rendered":"<p>Fuente: Revista de Historia, 20\/07\/2015. El heroismo de los griegos ante Alemania qued\u00f3 muy patente despu\u00e9s de la \u201cOperaci\u00f3n Marita\u201d, nombre en clave de la invasi\u00f3n alemana de Grecia en la Segunda Guerra Mundial. Los griegos estaban implicados en el conflicto mundial, desde que en octubre de 1940 los Italianos les invadieron desde Albania. Sin &hellip; <a href=\"https:\/\/blogsaverroes.juntadeandalucia.es\/aldeacordoba\/?p=322\" class=\"more-link\">Continuar leyendo<span class=\"screen-reader-text\"> \u00abEl heroismo de los griegos ante Alemania.\u00bb<\/span><\/a><\/p>\n","protected":false},"author":168,"featured_media":0,"comment_status":"open","ping_status":"open","sticky":false,"template":"","format":"standard","meta":{"ngg_post_thumbnail":0,"footnotes":""},"categories":[224390],"tags":[224416,224633,224683],"aioseo_notices":[],"_links":{"self":[{"href":"https:\/\/blogsaverroes.juntadeandalucia.es\/aldeacordoba\/index.php?rest_route=\/wp\/v2\/posts\/322"}],"collection":[{"href":"https:\/\/blogsaverroes.juntadeandalucia.es\/aldeacordoba\/index.php?rest_route=\/wp\/v2\/posts"}],"about":[{"href":"https:\/\/blogsaverroes.juntadeandalucia.es\/aldeacordoba\/index.php?rest_route=\/wp\/v2\/types\/post"}],"author":[{"embeddable":true,"href":"https:\/\/blogsaverroes.juntadeandalucia.es\/aldeacordoba\/index.php?rest_route=\/wp\/v2\/users\/168"}],"replies":[{"embeddable":true,"href":"https:\/\/blogsaverroes.juntadeandalucia.es\/aldeacordoba\/index.php?rest_route=%2Fwp%2Fv2%2Fcomments&post=322"}],"version-history":[{"count":0,"href":"https:\/\/blogsaverroes.juntadeandalucia.es\/aldeacordoba\/index.php?rest_route=\/wp\/v2\/posts\/322\/revisions"}],"wp:attachment":[{"href":"https:\/\/blogsaverroes.juntadeandalucia.es\/aldeacordoba\/index.php?rest_route=%2Fwp%2Fv2%2Fmedia&parent=322"}],"wp:term":[{"taxonomy":"category","embeddable":true,"href":"https:\/\/blogsaverroes.juntadeandalucia.es\/aldeacordoba\/index.php?rest_route=%2Fwp%2Fv2%2Fcategories&post=322"},{"taxonomy":"post_tag","embeddable":true,"href":"https:\/\/blogsaverroes.juntadeandalucia.es\/aldeacordoba\/index.php?rest_route=%2Fwp%2Fv2%2Ftags&post=322"}],"curies":[{"name":"wp","href":"https:\/\/api.w.org\/{rel}","templated":true}]}}