{"id":328,"date":"2015-09-02T10:54:04","date_gmt":"2015-09-02T09:54:04","guid":{"rendered":"https:\/\/jmoragahc.wordpress.com\/?p=328"},"modified":"2015-09-02T10:54:04","modified_gmt":"2015-09-02T09:54:04","slug":"cuando-bonaparte-dejo-de-ser-bonaparte-para-pasar-a-ser-napoleon","status":"publish","type":"post","link":"https:\/\/blogsaverroes.juntadeandalucia.es\/aldeacordoba\/?p=328","title":{"rendered":"\u00bfCu\u00e1ndo Bonaparte dej\u00f3 de ser Bonaparte para pasar a ser Napol\u00e9on?"},"content":{"rendered":"<p style=\"text-align:justify\"><img decoding=\"async\" class=\"aligncenter\" src=\"http:\/\/historiasdelahistoria.com\/wordpress-2.3.1-ES-0.1-FULL\/wp-content\/uploads\/2015\/06\/Napole%C3%B3n-1024x821.jpg\" alt=\"\" \/><\/p>\n<p>Fuente: <a href=\"http:\/\/historiasdelahistoria.com\/2015\/06\/19\/cuando-bonaparte-dejo-de-ser-bonaparte-para-pasar-a-ser-napoleon\" target=\"_blank\" rel=\"noopener noreferrer\">Historias de la Historia<\/a><\/p>\n<p>Autor:\u00a0<a class=\"author-name vcard author\" title=\"View all posts by Javier Sanz\" href=\"http:\/\/historiasdelahistoria.com\/author\/admin\"><span class=\"fn\">JAVIER SANZ<\/span><\/a> <span class=\"post-meta-separator\">\u2014<\/span> <a class=\"post-date updated\" title=\"Permalink to \u00bfCu\u00e1ndo Bonaparte dej\u00f3 de ser Bonaparte para pasar a ser Napole\u00f3n?\" href=\"http:\/\/historiasdelahistoria.com\/2015\/06\/19\/cuando-bonaparte-dejo-de-ser-bonaparte-para-pasar-a-ser-napoleon\" rel=\"bookmark\">19 JUNIO 2015<\/a><\/p>\n<p style=\"text-align:justify\">Esta redundante pregunta aparece en la mente de cualquiera que haya le\u00eddo una biograf\u00eda del corso que gobern\u00f3 Francia, ya que enseguida se puede observar esta diferencia entre el joven general Bonaparte y el emperador Napole\u00f3n I. Pero <strong>\u00bfcu\u00e1ndo Bonaparte se convirti\u00f3 en Napole\u00f3n?<\/strong> \u00bfPor qu\u00e9 dej\u00f3 de ser un ciudadano o un <em>primus inter pares<\/em>para convertirse en un emperador muy pr\u00f3ximo a ser un dios al estilo greco-romano? \u00bfQu\u00e9 le hizo cambiar su idealismo revolucionario por el absolutismo? \u00bfEl poder? \u00bfLa fama? \u00bfLa idolatr\u00eda de los dem\u00e1s? \u00bfSer\u00e1 cierto aquello de \u00abel poder corrompe, y el poder absoluto corrompe absolutamente\u00bb?<\/p>\n<p style=\"text-align:justify\">El cambio oficial que sufri\u00f3 este personaje, el cambio que le llev\u00f3 a abandonar su categor\u00eda de ciudadano Bonaparte para ser simplemente Napole\u00f3n, es la coronaci\u00f3n en la Catedral de Notre Dame de Par\u00eds el 2 de diciembre de 1804. Este acto simboliza el ascenso definitivo que el corso hab\u00eda ido asumiendo a lo largo de los cinco a\u00f1os de consulado. Sin embargo, este solo ser\u00eda la transformaci\u00f3n de cara al p\u00fablico y la opini\u00f3n internacional, el aut\u00e9ntico cambio hab\u00eda tenido lugar en otro momento.\u00a0Divagar sobre una fecha exacta ser\u00eda un error, ya que es imposible fechar un pensamiento de un hombre que hace dos siglos que muri\u00f3, pero podr\u00edamos llegar f\u00e1cilmente a una conclusi\u00f3n razonable si tenemos en cuenta dos fechas clave de la vida de Napole\u00f3n. En primer lugar, el 9 de noviembre de 1799: apoyado por el ej\u00e9rcito y diversos pol\u00edticos, Napole\u00f3n dio un golpe de estado que lo llev\u00f3 a convertirse en C\u00f3nsul de la Rep\u00fablica de Francia. Dejando de ser un mero espectador de la intrincada pol\u00edtica revolucionaria para pasar a ser un actor protagonista del juego.\u00a0Y, en segundo, el 2 de diciembre de 1805: exactamente un a\u00f1o despu\u00e9s de su coronaci\u00f3n, cerca del peque\u00f1o pueblo de <em>Austerlitz<\/em> \u2014en la actual Rep\u00fablica Checa\u2014, la <em>Grande Arm\u00e9e<\/em> de Napole\u00f3n derrot\u00f3 de forma incre\u00edble a los ej\u00e9rcitos de la Tercera Coalici\u00f3n.<br \/>\nTeniendo en cuenta estos dos hechos, con los que Napol\u00e9on lleg\u00f3 a lo m\u00e1s alto, debemos suponer que la fecha que buscamos se encuentra entre ellos, pero \u00bfcu\u00e1ndo exactamente?<\/p>\n<p style=\"text-align:justify\">Antes de pasar a concretar una fecha, deber\u00edamos tener en cuenta los motivos que provocaron este \u201ccambio radical\u201d en la mentalidad de Napole\u00f3n que estuvieron en su forma de ser desde que ingres\u00f3 en la Escuela Militar de Briennes, y fueron tambi\u00e9n los motivos que lo hicieron sobrevivir a lo largo de su carrera. Hemos estado hablando del poder, incluso podr\u00edamos afirmar que el principal motivo de su cambio fuera este, pero m\u00e1s que el poder lo que era t\u00edpico de la personalidad del Emperador no era en s\u00ed el poder, sino el deseo de poder, es decir, la ambici\u00f3n. Fue esta la que lo llev\u00f3 a triunfar en <em>Toulon<\/em>, en <em>Austerlitz<\/em>, y en una larga lista de campos de batalla; incluso, le favoreci\u00f3 en su regreso despu\u00e9s del exilio en Elba. Pero al mismo tiempo fue esta la que lo perdi\u00f3 en <em>Mosc\u00fa<\/em>, <em>Leipzig<\/em> o <em><a href=\"http:\/\/historiasdelahistoria.com\/2011\/06\/30\/waterloo-una-derrota-para-napoleon-y-un-triunfo-para-los-dentistas\" target=\"_blank\" rel=\"noopener noreferrer\">Waterloo<\/a><\/em>, llev\u00e1ndolo a su desgraciado final en Santa Elena.<\/p>\n<p style=\"text-align:justify\">Ya puestos en precedentes \u2014tanto de historia como de \u201cpsicolog\u00eda napole\u00f3nica\u201d\u2014, debemos considerar que, aun siendo el l\u00edder de Francia, entre 1799 y 1803, Napole\u00f3n segu\u00eda consider\u00e1ndose hijo de la Revoluci\u00f3n y un ferviente seguidor de sus ideales. No ser\u00eda hasta que el ministro de polic\u00eda<strong>Fouch\u00e9<\/strong> le sugiri\u00f3 el Imperio a finales de 1803, que se le pasar\u00eda por la cabeza tal idea, ya que el joven Bonaparte era un hombre con unas ideas firmes. Por lo que el golpe de estado de finales de 1799 no fue la fecha que le hizo cambiar. Pero, si lo pensamos bien, tampoco debe ser la coronaci\u00f3n de diciembre de 1804, ya que en ese instante ya se hab\u00eda producido el cambio, en aquel momento ya se cre\u00eda alguien lo suficientemente poderosos como para coronarse a s\u00ed mismo. Entonces, \u00bfqu\u00e9 sucedi\u00f3 durante la primera mitad de 1804 que implicar\u00e1 un cambio en el equilibrio de poderes internos y externos de Francia, que hiciera que Napole\u00f3n se creyera invencible? El 21 de marzo de 1804 la oposici\u00f3n al gobierno de Napole\u00f3n fue eliminada. El pariente m\u00e1s cercano a los Borbones, y muy posible l\u00edder de las conspiraciones contra Napole\u00f3n, el <strong>Duque de Enghien<\/strong>, fue secuestrado y ejecutado de forma sumaria, logrando, de este modo, que el peque\u00f1o corso actuara por primera vez como un dios, eliminando a un hombre a su placer y deseo, a pesar de que se acepta que tal vez no estuvo involucrado directamente.<\/p>\n<p><a href=\"http:\/\/historiasdelahistoria.com\/wordpress-2.3.1-ES-0.1-FULL\/wp-content\/uploads\/2015\/06\/El-arresto-del-duque-de-Enghien-.jpg\"><img loading=\"lazy\" decoding=\"async\" class=\"size-full wp-image-12284\" src=\"http:\/\/historiasdelahistoria.com\/wordpress-2.3.1-ES-0.1-FULL\/wp-content\/uploads\/2015\/06\/El-arresto-del-duque-de-Enghien-.jpg\" alt=\"&quot;El arresto del duque de Enghien&quot; de  Alphonse Lalauze\" width=\"399\" height=\"524\" \/><\/a><\/p>\n<p style=\"text-align:justify\">Podr\u00edamos afirmar, y estar\u00edamos en lo cierto, que despu\u00e9s de la muerte del Duque de Enghien, Napole\u00f3n ya no ten\u00eda enemigos que no lo temieran, estaba solo ante el poder, era el \u00fanico que pod\u00eda dirigir Francia hasta la cumbre. Esto, junto a su car\u00e1cter claramente ambicioso, provoc\u00f3 que el mismo se cargara encima sus espaldas el peso de un pa\u00eds, de un imperio, y fue tambi\u00e9n el factor que hizo que el corso cambiara el chip \u2014a pesar de que en los discursos y arengas se siga considerando hijo de la Revoluci\u00f3n\u2014 para pasar de ser un joven militar idealista y ferviente seguidor de los ideales revolucionarios, a un monarca absoluto ilustrado con el \u00fanico objetivo de ser el amo de Europa y del Mundo.<\/p>\n","protected":false},"excerpt":{"rendered":"<p>Fuente: Historias de la Historia Autor:\u00a0JAVIER SANZ \u2014 19 JUNIO 2015 Esta redundante pregunta aparece en la mente de cualquiera que haya le\u00eddo una biograf\u00eda del corso que gobern\u00f3 Francia, ya que enseguida se puede observar esta diferencia entre el joven general Bonaparte y el emperador Napole\u00f3n I. Pero \u00bfcu\u00e1ndo Bonaparte se convirti\u00f3 en Napole\u00f3n? &hellip; <a href=\"https:\/\/blogsaverroes.juntadeandalucia.es\/aldeacordoba\/?p=328\" class=\"more-link\">Continuar leyendo<span class=\"screen-reader-text\"> \u00ab\u00bfCu\u00e1ndo Bonaparte dej\u00f3 de ser Bonaparte para pasar a ser Napol\u00e9on?\u00bb<\/span><\/a><\/p>\n","protected":false},"author":168,"featured_media":0,"comment_status":"open","ping_status":"open","sticky":false,"template":"","format":"standard","meta":{"ngg_post_thumbnail":0,"footnotes":""},"categories":[224380],"tags":[224787,224871,224898],"aioseo_notices":[],"_links":{"self":[{"href":"https:\/\/blogsaverroes.juntadeandalucia.es\/aldeacordoba\/index.php?rest_route=\/wp\/v2\/posts\/328"}],"collection":[{"href":"https:\/\/blogsaverroes.juntadeandalucia.es\/aldeacordoba\/index.php?rest_route=\/wp\/v2\/posts"}],"about":[{"href":"https:\/\/blogsaverroes.juntadeandalucia.es\/aldeacordoba\/index.php?rest_route=\/wp\/v2\/types\/post"}],"author":[{"embeddable":true,"href":"https:\/\/blogsaverroes.juntadeandalucia.es\/aldeacordoba\/index.php?rest_route=\/wp\/v2\/users\/168"}],"replies":[{"embeddable":true,"href":"https:\/\/blogsaverroes.juntadeandalucia.es\/aldeacordoba\/index.php?rest_route=%2Fwp%2Fv2%2Fcomments&post=328"}],"version-history":[{"count":0,"href":"https:\/\/blogsaverroes.juntadeandalucia.es\/aldeacordoba\/index.php?rest_route=\/wp\/v2\/posts\/328\/revisions"}],"wp:attachment":[{"href":"https:\/\/blogsaverroes.juntadeandalucia.es\/aldeacordoba\/index.php?rest_route=%2Fwp%2Fv2%2Fmedia&parent=328"}],"wp:term":[{"taxonomy":"category","embeddable":true,"href":"https:\/\/blogsaverroes.juntadeandalucia.es\/aldeacordoba\/index.php?rest_route=%2Fwp%2Fv2%2Fcategories&post=328"},{"taxonomy":"post_tag","embeddable":true,"href":"https:\/\/blogsaverroes.juntadeandalucia.es\/aldeacordoba\/index.php?rest_route=%2Fwp%2Fv2%2Ftags&post=328"}],"curies":[{"name":"wp","href":"https:\/\/api.w.org\/{rel}","templated":true}]}}