{"id":330,"date":"2015-09-04T08:35:44","date_gmt":"2015-09-04T07:35:44","guid":{"rendered":"https:\/\/jmoragahc.wordpress.com\/?p=330"},"modified":"2015-09-04T08:35:44","modified_gmt":"2015-09-04T07:35:44","slug":"mauthausen-9-fotografias-que-reflejan-el-horror","status":"publish","type":"post","link":"https:\/\/blogsaverroes.juntadeandalucia.es\/aldeacordoba\/?p=330","title":{"rendered":"Mauthausen: 9 fotograf\u00edas que reflejan el horror."},"content":{"rendered":"<p style=\"text-align:justify\">Fuente: <a href=\"http:\/\/www.huffingtonpost.es\/2015\/05\/05\/mauthausen-fotografias_n_7211994.html\" target=\"_blank\" rel=\"noopener noreferrer\">Huffingtonpost.es<\/a>, 05\/065\/2015.<\/p>\n<p style=\"text-align:justify\">El campo de concentraci\u00f3n nazi de Mauthausen fue liberado por el ej\u00e9rcito estadounidense el 5 de mayo de 1945. En \u00e9l fueron internadas m\u00e1s de 71.000 personas de las que murieron unas 35.800. Entre ellos, miles de republicanos que fueron enviados por Franco tras la guerra.<\/p>\n<p style=\"text-align:justify\">Setenta a\u00f1os despu\u00e9s de la liberaci\u00f3n del campo nazi de Mauthausen, en Austria, resultan estremecedoras esta serie de fotograf\u00edas. Fueron robadas a las SS por Francisco Boix con ayuda de otros prisioneros espa\u00f1oles. Su historia ha sido recreada por el historiador Benito Bermejo en el libro <em>El fot\u00f3grafo del horror.<\/em><\/p>\n<p style=\"text-align:justify\">Apasionado de la fotograf\u00eda y militante socialista, primero, y luego comunista, Boix (Barcelona, 1920-Par\u00eds, 1951) lleg\u00f3 en 1941 a Mauthausen, donde el colectivo de republicanos espa\u00f1oles fue de los m\u00e1s numerosos. La mayor\u00eda de ellos (3.893) murieron en el campo vecino de Gusen y 431 gaseados en el castillo de Hartheim.<\/p>\n<p style=\"text-align:justify\">Boix fue \u00abun privilegiado\u00bb porque en 1941 entr\u00f3 a trabajar en el servicio fotogr\u00e1fico que los alemanes ten\u00edan en Mauthausen, que sirvi\u00f3 para fotografiar la vida y la muerte en el campo. Alg\u00fan prisionero contabiliz\u00f3 hasta 35 formas de morir all\u00ed.<\/p>\n<p style=\"text-align:justify\">En 1943, tras la rendici\u00f3n alemana en Stalingrado, los SS dieron la orden de destruir los archivos fotogr\u00e1ficos porque eran \u00abcomprometedores\u00bb, pero, seg\u00fan declar\u00f3 Boix en los juicios de N\u00farenberg y Dachau, se lograron salvar unas veinte mil fotos de las sesenta mil que se hab\u00edan hecho.<\/p>\n<p style=\"text-align:justify\">Estas son algunas de ellas:<\/p>\n<ul id=\"listicle\" class=\"listicle\">\n<li id=\"slide_5435684\" class=\"slide_5435684 image slide\" style=\"text-align:justify\">\n<header class=\"no-number\"><\/header>\n<div class=\"title\"><\/div>\n<div class=\"listicle-content\"><img decoding=\"async\" class=\"image-image\" src=\"http:\/\/i.huffpost.com\/gadgets\/slideshows\/423188\/slide_423188_5435684_free.jpg\" alt=\"\" \/><span class=\"credits\">FRANCISCO BOIX \/ EFE<\/span><\/div>\n<div class=\"caption\">Por Mauthausen, liberado por el ej\u00e9rcito estadounidense el 5 de mayo de 1945, y por otros campos de concentraci\u00f3n dependientes de \u00e9l, como Gusen, pasaron unos 200.000 prisioneros de diferentes nacionalidades, de los cuales murieron la mitad, entre ellos 4.761 de los 7.200 republicanos espa\u00f1oles que estuvieron confinados all\u00ed.<\/div>\n<\/li>\n<li id=\"slide_5435670\" class=\"slide_5435670 image slide\" style=\"text-align:justify\">\n<header class=\"no-number\"><\/header>\n<div class=\"title\"><\/div>\n<div class=\"listicle-content\"><img decoding=\"async\" class=\"image-image\" src=\"http:\/\/i.huffpost.com\/gadgets\/slideshows\/423188\/slide_423188_5435670_free.jpg\" alt=\"\" \/><span class=\"credits\">FRANCISCO BOIX \/ EFE<\/span><\/div>\n<div class=\"caption\">La escalera de la cantera de Mauthausen, de 186 pelda\u00f1os, donde se dejaron la vida cientos de prisioneros. Seg\u00fan Francisco Boix, la historia del campo calcula un hombre muerto por losa de pelda\u00f1o. Trabajar en las canteras de granito del campo de concentraci\u00f3n austr\u00edaco de Mauthausen significaba la muerte casi segura para los prisioneros. Por esa escalera sub\u00edan cargados con pesados bloques de granito. A veces, cuando llegaban arriba, los guardianes de los SS los empujaban y los hac\u00edan caer en cadena.<\/div>\n<\/li>\n<li id=\"slide_5435672\" class=\"slide_5435672 image slide\" style=\"text-align:justify\">\n<header class=\"no-number\"><\/header>\n<div class=\"title\"><\/div>\n<div class=\"listicle-content\"><img decoding=\"async\" class=\"image-image\" src=\"http:\/\/i.huffpost.com\/gadgets\/slideshows\/423188\/slide_423188_5435672_free.jpg\" alt=\"\" \/><span class=\"credits\">FRANCISCO BOIX \/ EFE<\/span><\/div>\n<div class=\"caption\">Centenares de prisioneros desnudos a la espera de una desinfecci\u00f3n general en el campo nazi de Mauthausen<\/div>\n<\/li>\n<li id=\"slide_5435682\" class=\"slide_5435682 image slide\" style=\"text-align:justify\">\n<header class=\"no-number\"><\/header>\n<div class=\"title\"><\/div>\n<div class=\"listicle-content\"><img decoding=\"async\" class=\"image-image\" src=\"http:\/\/i.huffpost.com\/gadgets\/slideshows\/423188\/slide_423188_5435682_free.jpg\" alt=\"\" \/><span class=\"credits\">FRANCISCO BOIX \/ EFE<\/span><\/div>\n<div class=\"caption\"><\/div>\n<\/li>\n<li id=\"slide_5435674\" class=\"slide_5435674 image slide\" style=\"text-align:justify\">\n<header class=\"no-number\"><\/header>\n<div class=\"title\"><\/div>\n<div class=\"listicle-content\"><img decoding=\"async\" class=\"image-image\" src=\"http:\/\/i.huffpost.com\/gadgets\/slideshows\/423188\/slide_423188_5435674_free.jpg\" alt=\"\" \/><span class=\"credits\">FRANCISCO BOIX \/ EFE<\/span><\/div>\n<div class=\"caption\">Un grupo de presos espa\u00f1oles arrastran una vagoneta de tierra en el campo de Mauthausen<\/div>\n<\/li>\n<li id=\"slide_5435676\" class=\"slide_5435676 image slide\" style=\"text-align:justify\">\n<header class=\"no-number\"><\/header>\n<div class=\"title\"><\/div>\n<div class=\"listicle-content\"><img decoding=\"async\" class=\"image-image\" src=\"http:\/\/i.huffpost.com\/gadgets\/slideshows\/423188\/slide_423188_5435676_free.jpg\" alt=\"\" \/><span class=\"credits\">FRANCISCO BOIX \/ EFE<\/span><\/div>\n<div class=\"caption\">Un prisionero de Mauthausen muerto junto a una de las alambradas electrificadas del campo nazi.<\/div>\n<\/li>\n<li id=\"slide_5435678\" class=\"slide_5435678 image slide\" style=\"text-align:justify\">\n<header class=\"no-number\"><\/header>\n<div class=\"title\"><\/div>\n<div class=\"listicle-content\"><img decoding=\"async\" class=\"image-image\" src=\"http:\/\/i.huffpost.com\/gadgets\/slideshows\/423188\/slide_423188_5435678_free.jpg\" alt=\"\" \/><span class=\"credits\">FRANCISCO BOIX \/ EFE<\/span><\/div>\n<div class=\"caption\">Un grupo de prisioneros derriba el s\u00edmbolo nazi instalado en la entrada del campo de Mauthausen, el mismo d\u00eda de la liberaci\u00f3n<\/div>\n<\/li>\n<li id=\"slide_5435680\" class=\"slide_5435680 image slide\" style=\"text-align:justify\">\n<header class=\"no-number\"><\/header>\n<div class=\"title\"><\/div>\n<div class=\"listicle-content\"><img decoding=\"async\" class=\"image-image\" src=\"http:\/\/i.huffpost.com\/gadgets\/slideshows\/423188\/slide_423188_5435680_free.jpg\" alt=\"\" \/><span class=\"credits\">FRANCISCO BOIX \/ EFE<\/span><\/div>\n<div class=\"caption\">Un grupo de prisioneros derriba el s\u00edmbolo nazi instalado en la entrada del campo de Mauthausen, el mismo d\u00eda de la liberaci\u00f3n<\/div>\n<\/li>\n<li id=\"slide_5435700\" class=\"slide_5435700 image slide last\">\n<header class=\"no-number\"><\/header>\n<div class=\"title\" style=\"text-align:justify\"><\/div>\n<div class=\"listicle-content\" style=\"text-align:justify\"><img decoding=\"async\" class=\"image-image\" src=\"http:\/\/i.huffpost.com\/gadgets\/slideshows\/423188\/slide_423188_5435700_free.jpg\" alt=\"\" \/><span class=\"credits\">FRANCISCO BOIX \/ EFE<\/span><\/div>\n<div class=\"caption\">Fotograf\u00eda realizada por Francisco Boix el d\u00eda de la liberaci\u00f3n de Mauthausen, que muestra a cientos de muertos en el campo nazi.<\/div>\n<\/li>\n<\/ul>\n","protected":false},"excerpt":{"rendered":"<p>Fuente: Huffingtonpost.es, 05\/065\/2015. El campo de concentraci\u00f3n nazi de Mauthausen fue liberado por el ej\u00e9rcito estadounidense el 5 de mayo de 1945. En \u00e9l fueron internadas m\u00e1s de 71.000 personas de las que murieron unas 35.800. Entre ellos, miles de republicanos que fueron enviados por Franco tras la guerra. Setenta a\u00f1os despu\u00e9s de la liberaci\u00f3n &hellip; <a href=\"https:\/\/blogsaverroes.juntadeandalucia.es\/aldeacordoba\/?p=330\" class=\"more-link\">Continuar leyendo<span class=\"screen-reader-text\"> \u00abMauthausen: 9 fotograf\u00edas que reflejan el horror.\u00bb<\/span><\/a><\/p>\n","protected":false},"author":168,"featured_media":0,"comment_status":"open","ping_status":"open","sticky":false,"template":"","format":"standard","meta":{"ngg_post_thumbnail":0,"footnotes":""},"categories":[224390],"tags":[224416,224465],"aioseo_notices":[],"_links":{"self":[{"href":"https:\/\/blogsaverroes.juntadeandalucia.es\/aldeacordoba\/index.php?rest_route=\/wp\/v2\/posts\/330"}],"collection":[{"href":"https:\/\/blogsaverroes.juntadeandalucia.es\/aldeacordoba\/index.php?rest_route=\/wp\/v2\/posts"}],"about":[{"href":"https:\/\/blogsaverroes.juntadeandalucia.es\/aldeacordoba\/index.php?rest_route=\/wp\/v2\/types\/post"}],"author":[{"embeddable":true,"href":"https:\/\/blogsaverroes.juntadeandalucia.es\/aldeacordoba\/index.php?rest_route=\/wp\/v2\/users\/168"}],"replies":[{"embeddable":true,"href":"https:\/\/blogsaverroes.juntadeandalucia.es\/aldeacordoba\/index.php?rest_route=%2Fwp%2Fv2%2Fcomments&post=330"}],"version-history":[{"count":0,"href":"https:\/\/blogsaverroes.juntadeandalucia.es\/aldeacordoba\/index.php?rest_route=\/wp\/v2\/posts\/330\/revisions"}],"wp:attachment":[{"href":"https:\/\/blogsaverroes.juntadeandalucia.es\/aldeacordoba\/index.php?rest_route=%2Fwp%2Fv2%2Fmedia&parent=330"}],"wp:term":[{"taxonomy":"category","embeddable":true,"href":"https:\/\/blogsaverroes.juntadeandalucia.es\/aldeacordoba\/index.php?rest_route=%2Fwp%2Fv2%2Fcategories&post=330"},{"taxonomy":"post_tag","embeddable":true,"href":"https:\/\/blogsaverroes.juntadeandalucia.es\/aldeacordoba\/index.php?rest_route=%2Fwp%2Fv2%2Ftags&post=330"}],"curies":[{"name":"wp","href":"https:\/\/api.w.org\/{rel}","templated":true}]}}