{"id":342,"date":"2018-04-03T08:24:53","date_gmt":"2018-04-03T07:24:53","guid":{"rendered":"https:\/\/jmoragahc.wordpress.com\/?p=342"},"modified":"2018-04-03T08:24:53","modified_gmt":"2018-04-03T07:24:53","slug":"el-archiduque-en-sarajevo-un-atentado-para-detonar-la-guerra","status":"publish","type":"post","link":"https:\/\/blogsaverroes.juntadeandalucia.es\/aldeacordoba\/?p=342","title":{"rendered":"El archiduque en Sarajevo, un atentado para detonar la guerra."},"content":{"rendered":"<p><img loading=\"lazy\" decoding=\"async\" class=\"alignnone size-large\" src=\"http:\/\/e02-elmundo.uecdn.es\/assets\/multimedia\/imagenes\/2016\/06\/28\/14671117343294.jpg\" width=\"660\" height=\"582\" \/><\/p>\n<p>Fuente: <a href=\"http:\/\/www.elmundo.es\/la-aventura-de-la-historia\/2016\/06\/28\/5772529522601dff658b4654.html\" target=\"_blank\" rel=\"noopener noreferrer\"><em>El Mundo. La Aventura de la Historia<\/em><\/a>. 28\/06\/2016<\/p>\n<p>Autor:\u00a0<strong>\u00c1LVARO LOZANO,\u00a0<\/strong>Historiador y diplom\u00e1tico,<\/p>\n<p>\u00a0<\/p>\n<p style=\"text-align:justify\">El domingo 28 de junio de 1914 amaneci\u00f3 caluroso y despejado sobre los Balcanes. Aquella ma\u00f1ana de verano, nada hac\u00eda presagiar que unas horas m\u00e1s tarde tendr\u00eda lugar uno de los asesinatos pol\u00edticos m\u00e1s decisivos de la Historia, magnicidio que a la postre ser\u00eda el detonante de la\u00a0<strong>Primera Guerra Mundial<\/strong>, aunque no su causa, en la que 13 millones de personas perder\u00edan la vida (contabilizando las v\u00edctimas civiles, 23 millones).<\/p>\n<p style=\"text-align:justify\">Para los serbios era un d\u00eda muy especial: San Vitus (Vidovdan), patr\u00f3n nacional de Serbia. En esa fecha se recordaba la tr\u00e1gica batalla de Kosovo Polje (el Campo de los Mirlos) de 1389, en la que el reino medieval serbio del pr\u00edncipe L\u00e1zaro fue derrotado por los turcos. Para la Historia serbia, se iniciaba un largo per\u00edodo de sufrimiento bajo la opresi\u00f3n otomana, opresi\u00f3n que, para los nacionalistas serbios, era similar a la que, en 1914, representaba el Imperio Austro-H\u00fangaro como sucesor del Imperio turco en los Balcanes.<\/p>\n<p style=\"text-align:justify\">Ese d\u00eda era tambi\u00e9n especial, por razones diferentes, para el\u00a0<strong>archiduque Francisco Fernando<\/strong>, heredero de la corona de Austria-Hungr\u00eda, ya que celebraba el decimocuarto aniversario de su matrimonio con\u00a0<strong>Sof\u00eda Chotek<\/strong>. La pareja se encontraba en ese momento en Bosnia, asistiendo a las maniobras militares de verano y, terminadas estas, ten\u00edan programada una visita a la vecina ciudad de Sarajevo, donde ser\u00edan recibidos con alto protocolo, algo impensable en Viena, puesto que la esposa del archiduque no era de sangre real.<\/p>\n<aside class=\"summary-item\">\n<figure class=\"multimedia-item foto\"><img decoding=\"async\" class=\"full-image\" src=\"http:\/\/e03-elmundo.uecdn.es\/assets\/multimedia\/imagenes\/2016\/06\/28\/14671126764252.jpg\" alt=\"\" \/><figcaption class=\"caption\"><i class=\"icon-foto_16_g\"><\/i>Francisco Fernando y Sof\u00eda poco antes del atentado.<\/figcaption><\/figure>\n<h3 class=\"subhead\" style=\"text-align:justify\">Sof\u00eda, embarazada de su cuarto hijo, podr\u00eda por fin acompa\u00f1ar a su marido en el mismo autom\u00f3vil, algo que le era vedado por el estricto protocolo<\/h3>\n<\/aside>\n<p style=\"text-align:justify\">Sof\u00eda, embarazada de su cuarto hijo, podr\u00eda por fin acompa\u00f1ar a su marido en el mismo autom\u00f3vil en un acto oficial, algo que le era vedado por el estricto protocolo de Viena, dirigido por el implacable gran maestro de ceremonias, el pr\u00edncipe Montenuovo. Tambi\u00e9n aquel 28 de junio era un d\u00eda especial parta siete j\u00f3venes serbo-bosnios.<\/p>\n<p style=\"text-align:justify\">Para ellos, la visita del Archiduque el d\u00eda de la festividad del patr\u00f3n nacional de Serbia constitu\u00eda toda una provocaci\u00f3n, por lo que representaba el momento oportuno para atentar contra \u00e9l, representante y heredero del odiado Imperio, y un paso importante para alcanzar\u00a0<strong>el sue\u00f1o de la Gran Serbia<\/strong>, en la cual se integrasen la mayor\u00eda de los eslavos de los Balcanes. En ella deb\u00edan incluirse, seg\u00fan las aspiraciones nacionalistas, las provincias de Bosnia-Herzegovina, que hab\u00edan sido anexionadas por el\u00a0<strong>Imperio Austro-H\u00fangaro<\/strong>\u00a0en 1908.<\/p>\n<h3 class=\"subhead\">La Mano Negra<\/h3>\n<p style=\"text-align:justify\">En Belgrado se hab\u00edan formado diversas sociedades secretas, cuyo fin era atentar con todos lo medios disponibles contra el poder austro-h\u00fangaro, muy especialmente en las provincias que Serbia deseaba anexionarse. Una de tales sociedades era la llamada\u00a0<em><strong>Ujedinjenje lli Smrt<\/strong><\/em>\u00a0(Uni\u00f3n o muerte), popularmente conocida como\u00a0<em><strong>La Mano Negra<\/strong><\/em>. Su misi\u00f3n era conseguir, a trav\u00e9s de m\u00e9todos terroristas contra personalidades y objetivos austr\u00edacos, la anexi\u00f3n de Bosnia a Serbia.<\/p>\n<aside class=\"summary-item\">\n<figure class=\"multimedia-item foto\"><img decoding=\"async\" class=\"full-image\" src=\"http:\/\/e04-elmundo.uecdn.es\/assets\/multimedia\/imagenes\/2016\/06\/28\/14671125302555.jpg\" alt=\"\" \/><figcaption class=\"caption\"><i class=\"icon-foto_16_g\"><\/i>Gavrilo Princip, el estudiante reclutado por La Mano Negra, que acab\u00f3 con la vida de los archiduques.<\/figcaption><\/figure>\n<h3 class=\"subhead\" style=\"text-align:justify\"><em>La Mano Negra<\/em>\u00a0ten\u00eda como misi\u00f3n conseguir, a trav\u00e9s de m\u00e9todos terroristas contra personalidades y objetivos austr\u00edacos, la anexi\u00f3n de Bosnia a Serbia<\/h3>\n<\/aside>\n<p style=\"text-align:justify\">Entre la lista de objetivos no se encontraba el emperador de Austria-Hungr\u00eda,\u00a0<strong>Francisco Jos\u00e9<\/strong>, ya que su figura era respetada en todo el Imperio y la causa serbia no ganar\u00eda ninguna simpat\u00eda con su desaparici\u00f3n. Por el contrario, el heredero al trono, su sobrino Francisco Fernando, constitu\u00eda el mejor objetivo posible.<\/p>\n<p style=\"text-align:justify\">En la corte de Viena, el Archiduque no era muy popular. Por un lado, el emperador se hab\u00eda negado a dar a su enlace matrimonial otro car\u00e1cter que el de morgan\u00e1tico, lo cual exclu\u00eda a sus descendientes de la sucesi\u00f3n mon\u00e1rquica. Por otro, eran bien conocidos sus proyectos de conceder m\u00e1s derechos a los serbios del Imperio, poni\u00e9ndoles en pie de igualdad con austriacos y h\u00fangaros en el sistema dual, vigente desde el Ausgleich o compromiso de 1867.<\/p>\n<aside class=\"summary-item\">\n<h3 class=\"subhead\">Para los nacionalistas serbios, las concesiones de Viena alejar\u00edan la posible insurrecci\u00f3n, con lo que se perder\u00eda el objetivo de la Gran Serbia<\/h3>\n<\/aside>\n<p style=\"text-align:justify\">Atentar contra alguien con proyectos favorables a los serbios parecer\u00eda, a simple vista, una contradicci\u00f3n. Pero, para\u00a0<strong>los nacionalistas serbios<\/strong>, las concesiones de Viena alejar\u00edan la posible insurrecci\u00f3n, con lo que se perder\u00eda el objetivo de la Gran Serbia. Cuando se supo que el heredero del trono visitar\u00eda Sarajevo en junio de 1914,\u00a0<em>La Mano Negra<\/em>\u00a0decidi\u00f3 atentar contra \u00e9l. Para ese fin se\u00a0<strong>reclut\u00f3 a siete j\u00f3venes serbo-bosnios<\/strong>\u00a0-se evit\u00f3 reclutar directamente a terroristas serbios, para dejar a salvo la responsabilidad de Serbia-.<\/p>\n<p style=\"text-align:justify\">El entrenamiento y las armas para la misi\u00f3n proven\u00edan directamente de Serbia. La organizaci\u00f3n La Mano Negra estaba dirigida por el coronel Apis, cuya verdadera identidad era la del\u00a0<strong>coronel Dragutin Dimitrevich<\/strong>, nada menos que la cabeza de la Inteligencia militar serbia. Los j\u00f3venes, ligeramente adiestrados, llegaron a Sarajevo el 3 de junio.<\/p>\n<h3 class=\"subhead\">Una vaga advertencia<\/h3>\n<p style=\"text-align:justify\">Las conexiones de La Mano Negra con el ej\u00e9rcito y la administraci\u00f3n serbias, eran conocidas por casi todos los miembros del Gobierno de Belgrado. Cuando el primer ministro serbio, Nikoia Pasic, tuvo noticias indirectas de lo que se tramaba, se encontr\u00f3 con un dilema de dif\u00edcil soluci\u00f3n. Si dejaba actuar a La Mano Negra y \u00e9sta llevaba a cabo su plan con \u00e9xito, las numerosas conexiones de los terroristas con el Gobierno serbio no tardar\u00edan en salir a la luz, lo que llevar\u00eda sin duda a un conflicto con Austria-Hungr\u00eda.<\/p>\n<p style=\"text-align:justify\">Por el contrario, si avisaba directamente al Gobierno austr\u00edaco, sus compatriotas le considerar\u00edan un traidor y se convertirla sin duda en el siguiente objetivo de<em>\u00a0La Mano Negra<\/em>. Finalmente,\u00a0<strong>decidi\u00f3 avisar al Gobierno de Viena<\/strong>\u00a0en t\u00e9rminos vagos, de forma que no se inculpase directamente a\u00a0<em>La Mano Negra<\/em>. La persona elegida para trasladar el mensaje a las autoridades austr\u00edacas era el representante serbio en Viena,\u00a0<strong>Jovan Jovanovic, un ardiente nacionalista\u00a0<\/strong>que no era muy apreciado en la Canciller\u00eda austr\u00edaca.<\/p>\n<aside class=\"summary-item\">\n<figure class=\"multimedia-item foto\"><img decoding=\"async\" class=\"full-image\" src=\"http:\/\/e04-elmundo.uecdn.es\/assets\/multimedia\/imagenes\/2016\/06\/28\/14671127261766.jpg\" alt=\"\" \/><figcaption class=\"caption\"><i class=\"icon-foto_16_g\"><\/i>Los guardias detienen a Gavrilo Princip, que hab\u00eda intentado suicidarse despu\u00e9s del atentado.<\/figcaption><\/figure>\n<h3 class=\"subhead\">Al regresar a su embajada, Jovanovic no hizo m\u00e1s esfuerzos para avisar del grave peligro a las autoridades austr\u00edacas<\/h3>\n<\/aside>\n<p style=\"text-align:justify\">Sin embargo, Jovanovic hab\u00eda cultivado una relaci\u00f3n de amistad con el ministro de finanzas austr\u00edaco, Ritter Von Bilinski. La misi\u00f3n no era sencilla, ya que no pod\u00eda dar la impresi\u00f3n de que Serbia estaba intentando intimidar a los austr\u00edacos hasta el punto de querer hacerles abandonar las proyectadas maniobras y la visita del heredero a Bosnia.<\/p>\n<p style=\"text-align:justify\">El d\u00eda 5 de junio, Jovanovic se entrevist\u00f3 con Von Bilinski, aconsej\u00e1ndole que el Archiduque renunciase a visitar Sarajevo y que las maniobras no se organizasen en Bosnia y mucho menos en junio, por la celebraci\u00f3n del Vidovdan. Von Bilinski, totalmente ajeno al sutil lenguaje diplom\u00e1tico, no se percat\u00f3 de la advertencia y se limit\u00f3 a responder: \u00abEsperemos que no ocurra nada\u00bb.<\/p>\n<aside class=\"summary-item\">\n<h3 class=\"subhead\">Francisco Fernando desde su asiento trasero se percat\u00f3 del objeto que volaba en su direcci\u00f3n y levant\u00f3 el brazo para alejarlo de su mujer<\/h3>\n<\/aside>\n<p style=\"text-align:justify\">Al regresar a su embajada, Jovanovic coment\u00f3 que su amigo Bilinski no se hab\u00eda dado cuenta del mensaje, pero no hizo m\u00e1s esfuerzos para avisar del grave peligro a las autoridades austr\u00edacas. La advertencia de Jovanovic a Bilinski nunca fue transmitida a los miembros de la Seguridad austr\u00edaca; en Sarajevo nadie fue detenido ni sometido a control. Europa se encontraba a tan solo un paso de la guerra.<\/p>\n<p style=\"text-align:justify\">Aquel a\u00f1o, el archiduque Francisco Fernando\u00a0<strong>hab\u00eda sido invitado por el gobernador de Bosnia<\/strong>, el general Oskar Potoirek, a las maniobras militares de verano, que ese a\u00f1o tendr\u00edan lugar a las afueras de Sarajevo. La seguridad para la visita planeada dejaba mucho que desear.<strong>\u00a0Al Archiduque<\/strong>\u00a0le fastidiaba profundamente la presencia de miembros del servicio secreto en sus viajes y\u00a0<strong>tampoco le gustaba que un cord\u00f3n policial le separase de la gente<\/strong>\u00a0en sus desplazamientos. Edmund Gerde, jefe de la Polic\u00eda de Sarajevo, cre\u00eda que exist\u00eda un peligro real de atentado y pidi\u00f3 que se reforzaran las medidas de seguridad. La respuesta que recibi\u00f3 de los oficiales del Ej\u00e9rcito fue que \u00abestaba obsesionado con fantasmas\u00bb. Los j\u00f3venes terroristas nunca gozar\u00edan de una mejor ocasi\u00f3n.<\/p>\n<h3 class=\"subhead\" style=\"text-align:justify\">Recepci\u00f3n con bomba<\/h3>\n<p style=\"text-align:justify\">Francisco Fernando lleg\u00f3 el 25 de junio a Tarcin, localidad pr\u00f3xima a Sarajevo. Mientras, su mujer se entretuvo unas horas en esta ciudad. Su visita transcurri\u00f3 sin novedad y es posible que comentara a su marido que nada hab\u00eda que temer. Comenzaba as\u00ed\u00a0<strong>la \u00faltima etapa de su estancia en Bosnia<\/strong>. En tan s\u00f3lo 30 horas calculaba estar de regreso en casa con sus hijos. A las 9 de la ma\u00f1ana del 28 de junio, una vez finalizadas las maniobras, la comitiva\u00a0<strong>se dirigi\u00f3 en tren hacia Sarajevo<\/strong>. All\u00ed les esperaban, a las 10 una recepci\u00f3n ofrecida en el Ayuntamiento y diversos actos, entre ellos la inauguraci\u00f3n del museo local.<\/p>\n<p style=\"text-align:justify\">Posteriormente se dirigir\u00edan a almorzar con el general Potoirek en su residencia, e inmediatamente despu\u00e9s partir\u00edan de regreso. La multitud esperaba a lo largo de la ruta para saludar a la pareja imperial. Entre la gente y<strong>\u00a0apostados en diversos lugares del trayecto se encontraban los siete terroristas<\/strong>. El primero de ellos era un joven llamado Mehmedbasic y a pocos pasos se encontraba su compa\u00f1ero Cabrinovic.<\/p>\n<aside class=\"summary-item\">\n<figure class=\"multimedia-item video\">\n<div id=\"video-5772529522601dff658b4654_summary_5\" class=\"full-video\">\n<div>\n<p><img decoding=\"async\" class=\"kWidgetCentered\" src=\"http:\/\/k.uecdn.es\/html5\/html5lib\/v1.9.1-ue4\/modules\/KalturaSupport\/thumbnail.php\/p\/108\/uiconf_id\/8704917\/entry_id\/0_z6422l66\/height\/402?\" \/><\/p>\n<div id=\"video-5772529522601dff658b4654_summary_5_playBtn\" class=\"kWidgetCentered kWidgetPlayBtn\">\u00a0La gran tormenta europea\u00a0Mario Viciosa<\/div>\n<\/div>\n<\/div>\n<\/figure>\n<\/aside>\n<p style=\"text-align:justify\">Al acercarse la caravana, Mehmedbasic no actu\u00f3, porque un polic\u00eda le bloqueaba el espacio por donde pensaba lanzar su bomba, pero al paso de la comitiva,\u00a0<strong>Cabrinovic<\/strong><strong>lanz\u00f3 la suya<\/strong>\u00a0hacia el veh\u00edculo del Archiduque. Francisco Fernando desde su asiento trasero se percat\u00f3 del objeto que volaba en su direcci\u00f3n y levant\u00f3 el brazo para alejarlo de su mujer, que se encontraba a su derecha, entre \u00e9l y Cabrinovic.<\/p>\n<p style=\"text-align:justify\"><strong>La bomba rebot\u00f3 en el brazo del Archiduque<\/strong>\u00a0y fue a parar al suelo donde estall\u00f3, hiriendo a una docena de personas. El conductor del veh\u00edculo result\u00f3 herido leve y la peor parte se la llev\u00f3 el teniente coronel Erich von Merizzi, ayudante del general Potoirek, herido en la cabeza. Mientras tanto, el terrorista hab\u00eda ingerido el cianuro que llevaba y se hab\u00eda arrojado al r\u00edo. Sin embargo, el veneno no hizo efecto y durante el verano el r\u00edo Miljacka no tiene la profundidad suficiente para ahogarse. Unos minutos m\u00e1s tarde, Cabrinovic era detenido.<\/p>\n<h3 class=\"subhead\">El asesinato que se pudo evitar<\/h3>\n<p style=\"text-align:justify\">La comitiva sigui\u00f3 su camino sin que ninguno de los otros terroristas se decidiese a actuar, bien por falta de valor, bien porque pensaban que su compa\u00f1ero hab\u00eda tenido \u00e9xito. Cuando los veh\u00edculos llegaron al Ayuntamiento,\u00a0<strong>el Archiduque estaba furioso\u00a0<\/strong>y dirigi\u00e9ndose al alcalde, quien hab\u00eda iniciado el discurso de bienvenida, le increp\u00f3: \u00ab\u00a1Se\u00f1or alcalde uno viene aqu\u00ed de visita y es recibido con bombas! \u00a1Esto es un esc\u00e1ndalo!\u00bb.<\/p>\n<p style=\"text-align:justify\">El alcalde, ignorante de cuanto hab\u00eda sucedido, prosigui\u00f3 el discurso. Se lleg\u00f3 as\u00ed al momento m\u00e1s importante de aquel d\u00eda: \u00bfcu\u00e1les deber\u00edan ser los planes para el resto de la jornada? Se discuti\u00f3 si no ser\u00eda m\u00e1s conveniente que el Archiduque abandonase sin demora Sarajevo, pero \u00e9l\u00a0<strong>se neg\u00f3 a que se cambiaran los planes<\/strong>, pidiendo solo que se alterase su agenda para poder incluir una visita al hospital, donde se encontraban los heridos del atentado. Antes de partir, el gobernador Potoirek se dirigi\u00f3 al Archiduque, asegur\u00e1ndole que pod\u00eda seguir su trayecto con toda tranquilidad, ya que se hab\u00edan redoblado las medidas de seguridad y los controles en toda la ciudad.<\/p>\n<aside class=\"summary-item\">\n<h3 class=\"subhead\" style=\"text-align:justify\">Se discuti\u00f3 si no ser\u00eda m\u00e1s conveniente que el Archiduque abandonase sin demora Sarajevo, pero \u00e9l se neg\u00f3 a que se cambiaran los planes<\/h3>\n<\/aside>\n<p style=\"text-align:justify\">A pesar de esta tranquilizadoras palabras,\u00a0<strong>el Archiduque le pidi\u00f3 a su mujer que no le acompa\u00f1ase<\/strong>\u00a0durante el resto de la jornada y que abandonase Sarajevo, a lo que ella se neg\u00f3. A las 11 menos cuarto, los mismos veh\u00edculos de la ma\u00f1ana se pon\u00edan en marcha. El autom\u00f3vil del Archiduque era conducido por un antiguo soldado llamado Leopold Sojka. A su lado se situ\u00f3 el general Potoirek. En la parte posterior, se sentaron Fernando y Sof\u00eda.<\/p>\n<p style=\"text-align:justify\">Para mayor seguridad, el conde Frantisek Harrach, due\u00f1o del veh\u00edculo y amigo personal del Archiduque, se apost\u00f3 en el estribo por el lateral donde esa ma\u00f1ana habla ca\u00eddo la bomba.<\/p>\n<h3 class=\"subhead\">Una casualidad para una guerra<\/h3>\n<p style=\"text-align:justify\">Los veh\u00edculos deb\u00edan dirigirse al Hospital siguiendo la avenida Appel, que bordea el r\u00edo, sin adentrarse en las angostas callejuelas de la ciudad antigua.<\/p>\n<p style=\"text-align:justify\">El\u00a0<strong>cambio de planes<\/strong>\u00a0servir\u00eda de medida de seguridad, ya que\u00a0<strong>nadie les esperar\u00eda por esta avenida<\/strong>\u00a0y porque as\u00ed se evitar\u00edan las calles m\u00e1s estrechas y concurridas de la ciudad. Sin embargo, ninguno de los conductores hab\u00eda sido informado de los cambios, por lo que pensaban seguir el camino originariamente trazado, por la calle Francisco Jos\u00e9 en direcci\u00f3n al Museo, para posteriormente dirigirse a la residencia del gobernador. El trabajo de alertar a los conductores sobre las rutas era responsabilidad del teniente coronel Merizzi, pero \u00e9ste se encontraba herido en el hospital. Ese error iba a tener tr\u00e1gicas consecuencias.<\/p>\n<aside class=\"summary-item\">\n<h3 class=\"subhead\" style=\"text-align:justify\">Los terroristas, sin ninguna certeza de que el Archiduque fuese a seguir el itinerario previsto, se situaron en diversos puntos de la ruta<\/h3>\n<\/aside>\n<p style=\"text-align:justify\">Mientras tanto,\u00a0<strong>los terroristas se encontraban desconcertados<\/strong>. Sin ninguna certeza de que el Archiduque fuese a seguir el itinerario previsto, se situaron en diversos puntos de la ruta. Uno de ellos,\u00a0<strong>el estudiante de 19 a\u00f1os, Gavrilo Princip<\/strong>, deprimido por la falta de suerte de la misi\u00f3n, decidi\u00f3 comer algo mientras reflexionaba sobre lo que har\u00eda despu\u00e9s. Se encamin\u00f3 hacia la calle Francisco Jos\u00e9, donde se detuvo para comprar un bocadillo en el establecimiento de un tal Moritz Schiller.<\/p>\n<p style=\"text-align:justify\">Al salir, se encontr\u00f3 con un amigo. Justo en ese mismo instante,\u00a0<strong>ignorando el cambio de itinerario<\/strong>, el conductor del primer autom\u00f3vil de la comitiva gir\u00f3 para adentrarse en la calle Francisco Jos\u00e9, seg\u00fan las instrucciones que hab\u00eda recibido esa ma\u00f1ana. El general Potoirek se dio cuenta del error y le grit\u00f3 para que rectificase: \u00ab\u00bfQu\u00e9 es esto? \u00a1Este es el camino equivocado, se supone que seguir\u00edamos por la avenida Appel!\u00bb.\u00a0<strong>El conductor, sorprendido por los gritos del general, fren\u00f3 en seco<\/strong>\u00a0para dar marcha atr\u00e1s. El autom\u00f3vil se detuvo as\u00ed a escasos pasos de Princip.<\/p>\n<aside class=\"summary-item\">\n<figure class=\"multimedia-item foto\"><img decoding=\"async\" class=\"full-image\" src=\"http:\/\/e01-elmundo.uecdn.es\/assets\/multimedia\/imagenes\/2016\/06\/28\/14671128203571.jpg\" alt=\"\" \/><figcaption class=\"caption\"><i class=\"icon-foto_16_g\"><\/i>La capilla ardiente con los cad\u00e1veres de Francisco Fernando y Sof\u00eda.<\/figcaption><\/figure>\n<\/aside>\n<p style=\"text-align:justify\">Pocas veces en la Historia un error ha tenido unas consecuencias tan graves.\u00a0<strong>Princip se dio cuenta r\u00e1pidamente<\/strong>\u00a0de lo que estaba sucediendo. Apenas se lo pod\u00eda creer: all\u00ed, a escasos metros se encontraba el Archiduque, el odiado enemigo. No se lo pens\u00f3 dos veces, sac\u00f3 su pistola del bolsillo y\u00a0<strong>realiz\u00f3 dos disparos sin apenas apuntar<\/strong>. Tras ellos, el Archiduque y su mujer siguieron erguidos, Potoirek pens\u00f3 que los terroristas hab\u00edan vuelto a fallar y dio ordenes al conductor para que se dirigiera a toda prisa hacia la residencia del gobernador. Princip intent\u00f3 suicidarse dispar\u00e1ndose un tiro, pero un espectador le agarr\u00f3 el brazo y se lo impidi\u00f3. Momentos despu\u00e9s, estaba a punto de ser linchado por la multitud.<\/p>\n<h3 class=\"subhead\">No es nada, no es nada&#8230;<\/h3>\n<p style=\"text-align:justify\">Mientras el veh\u00edculo aceleraba a trav\u00e9s del Puente Lateiner, un hilo de sangre comenz\u00f3 a surgir de la boca del Archiduque. Hab\u00eda sido alcanzado en el cuello y la bala le hab\u00eda perforado la yugular, aloj\u00e1ndose en la columna vertebral. Su mujer exclam\u00f3: \u00ab\u00a1Por Dios! \u00bfQu\u00e9 te ha sucedido?\u00bb y, acto seguido, se inclin\u00f3 hacia delante. El general Potoirek pens\u00f3 que se hab\u00eda desmayado e intent\u00f3 ayudarla. Sin embargo, la duquesa Sof\u00eda hab\u00eda sido mortalmente alcanzada en el abdomen. Agonizando, su marido alcanz\u00f3 a pronunciar: \u00ab\u00a1<strong>Querida Sof\u00eda no te mueras, vive por nuestros hijos<\/strong>!\u00bb, pero la duquesa Sof\u00eda estaba muerta y\u00a0<strong>unos minutos despu\u00e9s fallecer\u00eda tambi\u00e9n el Archiduque<\/strong>. Sus \u00faltimas palabras fueron:<\/p>\n<p style=\"text-align:justify\">\u00abNo es nada, no es nada&#8230;\u00bb A las 11,30 de la ma\u00f1ana comenzaron a sonar todas las campanas de Sarajevo; los terroristas hab\u00edan logrado su objetivo. En un primer momento pareci\u00f3 que nada iba a suceder en Europa tras el atentado;\u00a0<strong>el asesinato de Sarajevo pareci\u00f3 ser algo distante y sin mayor importancia<\/strong>.<\/p>\n<p style=\"text-align:justify\">Al recibir la noticia en su central de Londres, la redacci\u00f3n de Reuter pens\u00f3 que aquel mensaje urgente era el resultado de una carrera de caballos, con indicaci\u00f3n de los vencedores: Sarajevo (1\u00ba), Fernando (2\u00ba), Asesinado (3\u00ba). En Viena se celebr\u00f3 un discreto funeral para el heredero; el origen plebeyo de la duquesa impidi\u00f3 su entierro en la iglesia de los Capuchinos en Viena, lugar reservado para la realeza de los Habsburgo. La pareja fue enterrada en el castillo de Arttesten, propiedad de Francisco Fernando.<\/p>\n<aside class=\"summary-item\">\n<h3 class=\"subhead\" style=\"text-align:justify\">Al recibir la noticia en Londres, la redacci\u00f3n de Reuter pens\u00f3 que aquel mensaje urgente era el resultado de una carrera de caballos, con indicaci\u00f3n de los vencedores: Sarajevo (1\u00ba), Fernando (2\u00ba), Asesinado (3\u00ba)<\/h3>\n<\/aside>\n<p style=\"text-align:justify\">Como se\u00f1ala Marc Ferro, \u00abViena sigui\u00f3 siendo Viena y la m\u00fasica no ces\u00f3 de sonar\u00bb. En Sarajevo, los terroristas, salvo uno, ya hab\u00edan sido arrestados el 5 de julio. Dada la escasa simpat\u00eda que Francisco Fernando despertaba, Viena deleg\u00f3 la investigaci\u00f3n policial a las autoridades de Sarajevo. Estas, \u00fanicamente pudieron establecer con claridad que las armas proven\u00edan de Serbia, pero\u00a0<strong>nunca pudo probarse la complicidad del Gobierno serbio<\/strong>. Mas eso no salvar\u00eda a Belgrado, cuyas aspiraciones a la Gran Serbia atentaban directamente contra la supervivencia del Imperio Austro-H\u00fangaro. Por eso, Viena decidi\u00f3 que el doble asesinato no pod\u00eda quedar impune.<\/p>\n<p style=\"text-align:justify\">As\u00ed, tras recibir el acuerdo de su aliado alem\u00e1n, dirigi\u00f3 el 23 de julio un ultim\u00e1tum a Belgrado que, de haberlo aceptado en su totalidad, le hubiese reducido a un sat\u00e9lite de Austria. Serbia acept\u00f3 todas las condiciones, salvo la participaci\u00f3n de investigadores austr\u00edacos en su territorio, por considerarla un atentado a su soberan\u00eda. La respuesta de Serbia no satisfizo a Austria, que le declar\u00f3 la guerra el d\u00eda 28 de julio.<\/p>\n<p style=\"text-align:justify\">La raz\u00f3n por la cual este atentado desencaden\u00f3 un conflicto mundial estuvo en el funcionamiento autom\u00e1tico de movilizaciones y en el\u00a0<strong>sistema de alianzas establecidas en Europa desde hac\u00eda a\u00f1os<\/strong>. Rusia quer\u00eda evitar el aniquilamiento de Serbia y as\u00ed, el 26 de julio, el zar decretaba una movilizaci\u00f3n parcial para intimidar a Austria Hungr\u00eda. El d\u00eda 1 de agosto, Alemania declaraba la guerra a Rusia y el d\u00eda 3, a Francia. Inglaterra entr\u00f3 en el conflicto el 4 de agosto. La Primera Guerra Mundial hab\u00eda comenzado, tal y como hab\u00eda previsto unos a\u00f1os antes el canciller Bismarck, \u00abpor alguna estupidez en los Balcanes\u00bb.<\/p>\n","protected":false},"excerpt":{"rendered":"<p>Fuente: El Mundo. La Aventura de la Historia. 28\/06\/2016 Autor:\u00a0\u00c1LVARO LOZANO,\u00a0Historiador y diplom\u00e1tico, \u00a0 El domingo 28 de junio de 1914 amaneci\u00f3 caluroso y despejado sobre los Balcanes. Aquella ma\u00f1ana de verano, nada hac\u00eda presagiar que unas horas m\u00e1s tarde tendr\u00eda lugar uno de los asesinatos pol\u00edticos m\u00e1s decisivos de la Historia, magnicidio que a &hellip; <a href=\"https:\/\/blogsaverroes.juntadeandalucia.es\/aldeacordoba\/?p=342\" class=\"more-link\">Continuar leyendo<span class=\"screen-reader-text\"> \u00abEl archiduque en Sarajevo, un atentado para detonar la guerra.\u00bb<\/span><\/a><\/p>\n","protected":false},"author":168,"featured_media":0,"comment_status":"open","ping_status":"open","sticky":false,"template":"","format":"standard","meta":{"ngg_post_thumbnail":0,"footnotes":""},"categories":[224385],"tags":[224427,224677,224890],"aioseo_notices":[],"_links":{"self":[{"href":"https:\/\/blogsaverroes.juntadeandalucia.es\/aldeacordoba\/index.php?rest_route=\/wp\/v2\/posts\/342"}],"collection":[{"href":"https:\/\/blogsaverroes.juntadeandalucia.es\/aldeacordoba\/index.php?rest_route=\/wp\/v2\/posts"}],"about":[{"href":"https:\/\/blogsaverroes.juntadeandalucia.es\/aldeacordoba\/index.php?rest_route=\/wp\/v2\/types\/post"}],"author":[{"embeddable":true,"href":"https:\/\/blogsaverroes.juntadeandalucia.es\/aldeacordoba\/index.php?rest_route=\/wp\/v2\/users\/168"}],"replies":[{"embeddable":true,"href":"https:\/\/blogsaverroes.juntadeandalucia.es\/aldeacordoba\/index.php?rest_route=%2Fwp%2Fv2%2Fcomments&post=342"}],"version-history":[{"count":0,"href":"https:\/\/blogsaverroes.juntadeandalucia.es\/aldeacordoba\/index.php?rest_route=\/wp\/v2\/posts\/342\/revisions"}],"wp:attachment":[{"href":"https:\/\/blogsaverroes.juntadeandalucia.es\/aldeacordoba\/index.php?rest_route=%2Fwp%2Fv2%2Fmedia&parent=342"}],"wp:term":[{"taxonomy":"category","embeddable":true,"href":"https:\/\/blogsaverroes.juntadeandalucia.es\/aldeacordoba\/index.php?rest_route=%2Fwp%2Fv2%2Fcategories&post=342"},{"taxonomy":"post_tag","embeddable":true,"href":"https:\/\/blogsaverroes.juntadeandalucia.es\/aldeacordoba\/index.php?rest_route=%2Fwp%2Fv2%2Ftags&post=342"}],"curies":[{"name":"wp","href":"https:\/\/api.w.org\/{rel}","templated":true}]}}