{"id":353,"date":"2018-04-10T10:00:00","date_gmt":"2018-04-10T09:00:00","guid":{"rendered":"https:\/\/jmoragahc.wordpress.com\/?p=353"},"modified":"2018-04-10T10:00:00","modified_gmt":"2018-04-10T09:00:00","slug":"la-historia-secreta-de-como-alemania-oriental-y-la-union-sovietica-construyeron-el-muro-de-berlin","status":"publish","type":"post","link":"https:\/\/blogsaverroes.juntadeandalucia.es\/aldeacordoba\/?p=353","title":{"rendered":"La historia secreta de c\u00f3mo Alemania Oriental y la Uni\u00f3n Sovi\u00e9tica construyeron el Muro de Berl\u00edn."},"content":{"rendered":"<figure style=\"width: 660px\" class=\"wp-caption alignnone\"><img loading=\"lazy\" decoding=\"async\" class=\"size-large\" src=\"https:\/\/ichef.bbci.co.uk\/news\/660\/cpsprodpb\/75FC\/production\/_100740203_gettyimages-508218225.jpg\" width=\"660\" height=\"371\" \/><figcaption class=\"wp-caption-text\">GETTY IMAGES Image caption Las autoridades de Alemania del Este comenzaron a erigir de forma abrupta el muro de Berl\u00edn en 1961.<\/figcaption><\/figure>\n<p>Fuente:<a href=\"http:\/\/www.bbc.com\/mundo\/noticias-43670180\" target=\"_blank\" rel=\"noopener noreferrer\"> BBC Mundo<\/a>.8 de abril de 2018.<\/p>\n<p>Autor:\u00a0<strong>Patrick Major<\/strong><\/p>\n<p class=\"story-body__introduction\" style=\"text-align:justify\">Berl\u00edn hab\u00eda sido un espacio peculiar desde el final de la Segunda Guerra Mundial.<\/p>\n<p style=\"text-align:justify\">Era una ciudad \u00abisla\u00bb cuatripartita, dirigida por los cuatro ocupantes, cada uno con su propio sector, pero encerrado dentro de la zona sovi\u00e9tica y a m\u00e1s de 160 kil\u00f3metros de las zonas occidentales de Estados Unidos, Reino Unido y Francia.<\/p>\n<ul class=\"story-body__unordered-list\">\n<li class=\"story-body__list-item\"><a class=\"story-body__link\" href=\"http:\/\/www.bbc.com\/mundo\/noticias-internacional-38010934\">10 impresionantes cifras que muestran la inmensidad y el poder\u00edo de la desaparecida Uni\u00f3n Sovi\u00e9tica<\/a><\/li>\n<\/ul>\n<p style=\"text-align:justify\">En represalia por los intentos de formar el estado de Alemania Occidental separado en 1948, Stalin hab\u00eda explotado la posici\u00f3n expuesta de Berl\u00edn Occidental cortando sus enlaces terrestres hacia el oeste.<\/p>\n<p style=\"text-align:justify\">Pero Berl\u00edn Occidental eventualmente se convirti\u00f3 en una espina permanente para la Alemania del Este circundante. La CIA y el MI6 la usaban como base de espionaje de avanzada; su econom\u00eda atra\u00eda a decenas de miles de viajeros de Alemania Oriental.<\/p>\n<p style=\"text-align:justify\">En la noche del 13 de agosto de 1961, esta grieta en la Cortina de Hierro se cerr\u00f3 con una brusquedad dram\u00e1tica.<\/p>\n<p style=\"text-align:justify\">Desde la una de la madrugada, cordones humanos de la polic\u00eda fronteriza de Alemania del Este y milicianos descendieron al l\u00edmite del sector sovi\u00e9tico para enfrentarse a la polic\u00eda de Berl\u00edn Occidental y las tropas estadounidenses, brit\u00e1nicas y francesas.<\/p>\n<h5 class=\"media-landscape has-caption full-width\"><span class=\"image-and-copyright-container\"><img loading=\"lazy\" decoding=\"async\" class=\"responsive-image__img js-image-replace aligncenter\" src=\"https:\/\/ichef.bbci.co.uk\/news\/624\/cpsprodpb\/1123C\/production\/_100740207_gettyimages-3336559.jpg\" alt=\"Construcci\u00f3n del muro de Berl\u00edn.\" width=\"976\" height=\"549\" \/><span class=\"off-screen\">Derechos de autor de la imagen<\/span><span class=\"story-image-copyright\">GETTY IMAGES<\/span><\/span><br \/>\n<span class=\"off-screen\">Image caption\u00a0<\/span><span class=\"media-caption__text\">Pronto el alambra de p\u00faas fue dando paso a estructuras de hormig\u00f3n.<\/span><\/h5>\n<p style=\"text-align:justify\">Grandes dep\u00f3sitos de alambre de p\u00faas, as\u00ed como cercas de malla y postes de concreto, se erigieron r\u00e1pidamente justo adentro del sector este, a veces hasta aprovechando farolas y v\u00edas de tranv\u00edas soldados para hacer barreras improvisadas.<\/p>\n<p style=\"text-align:justify\">Cuatro d\u00edas m\u00e1s tarde, sin contramedidas occidentales, las autoridades de Alemania del Este comenzaron a construir una estructura m\u00e1s permanente de bloques de cemento y losas de hormig\u00f3n: el Muro de Berl\u00edn propiamente dicho.<\/p>\n<ul class=\"story-body__unordered-list\" style=\"text-align:justify\">\n<li class=\"story-body__list-item\"><a class=\"story-body__link\" href=\"http:\/\/www.bbc.com\/mundo\/noticias-internacional-43555075\">\u00bfQu\u00e9 fue la Guerra Fr\u00eda y por qu\u00e9 algunos dicen que puede resurgir con el enfrentamiento entre Occidente y Rusia?<\/a><\/li>\n<\/ul>\n<p style=\"text-align:justify\">De un solo golpe, la RDA hab\u00eda puesto fin a un \u00e9xodo humano en marcha desde 1945, que hab\u00eda alcanzado proporciones epid\u00e9micas en el verano de 1961.<\/p>\n<p style=\"text-align:justify\">Apodado por el partido <i>Republikflucht<\/i>, o \u00abfuga de la Rep\u00fablica\u00bb, uno de cada seis del alemanes del este se hab\u00edan ido al oeste, la mayor\u00eda v\u00eda Berl\u00edn.<\/p>\n<h2 class=\"story-body__crosshead\">Ni con zanahorias<\/h2>\n<p style=\"text-align:justify\">Desde 1958, las autoridades comunistas hab\u00edan estado particularmente alarmadas ante el n\u00famero de m\u00e9dicos, profesores e ingenieros que se marchaban.<\/p>\n<h5 class=\"media-landscape has-caption full-width\"><span class=\"image-and-copyright-container\"><img loading=\"lazy\" decoding=\"async\" class=\"responsive-image__img js-image-replace aligncenter\" src=\"https:\/\/ichef.bbci.co.uk\/news\/624\/cpsprodpb\/4140\/production\/_100740761_gettyimages-2695440.jpg\" alt=\"Personas saludan desde el otro lado del muro.\" width=\"976\" height=\"549\" \/><span class=\"off-screen\">Derechos de autor de la imagen<\/span><span class=\"story-image-copyright\">GETTY IMAGES<\/span><\/span><br \/>\n<span class=\"off-screen\">Image caption<\/span><span class=\"media-caption__text\">El muro, de s\u00fabito, comenz\u00f3 a separar a quienes hab\u00eda sido vecinos.<\/span><\/h5>\n<p style=\"text-align:justify\">A pesar de la pol\u00edtica de zanahoria y palo, no lograban disuadir a los desertores mientras manten\u00edan la frontera abierta, como exig\u00eda el estado cuatripartito especial de Berl\u00edn.<\/p>\n<p style=\"text-align:justify\">Desde mayo de 1960, la Stasi, la temida polic\u00eda secreta de la Alemania Oriental, hab\u00eda sido reclutada pero solo hab\u00eda podido interceptar a uno de cada cinco.<\/p>\n<ul class=\"story-body__unordered-list\" style=\"text-align:justify\">\n<li class=\"story-body__list-item\"><a class=\"story-body__link\" href=\"http:\/\/www.bbc.com\/mundo\/noticias-40715979\">\u00bfQu\u00e9 ha pasado con Akademgorodok, la \u00abaldea acad\u00e9mica\u00bb creada por la URSS para competir con Silicon Valley?<\/a><\/li>\n<\/ul>\n<p style=\"text-align:justify\">Y concluyeron: \u00abUn cierre total de Berl\u00edn Occidental no es posible y por lo tanto no se puede dejar el combate de <i>Republikflucht<\/i> a los \u00f3rganos de seguridad de la RDA solamente\u00bb.<\/p>\n<p style=\"text-align:justify\">Se necesitaba una soluci\u00f3n m\u00e1s radical, que implicara un aislamiento f\u00edsico de Berl\u00edn Occidental, una v\u00e1lvula de una sola v\u00eda que mantuviera a los alemanes orientales en el este, pero que no negara el acceso del occidente al oriente.<\/p>\n<h2 class=\"story-body__crosshead\">Pelea con Kennedy<\/h2>\n<p style=\"text-align:justify\">Los alemanes del Este hab\u00edan contemplado en privado esta idea a lo largo de la d\u00e9cada de 1950, pero hab\u00edan sido vetados por el hermano mayor sovi\u00e9tico a favor de una soluci\u00f3n diplom\u00e1tica.<\/p>\n<h5 class=\"media-landscape has-caption full-width\"><span class=\"image-and-copyright-container\"><img loading=\"lazy\" decoding=\"async\" class=\"responsive-image__img js-image-replace aligncenter\" src=\"https:\/\/ichef.bbci.co.uk\/news\/624\/cpsprodpb\/DD80\/production\/_100740765_gettyimages-2695400.jpg\" alt=\"Nikita Jruschov y Walter Ulbricht.\" width=\"976\" height=\"549\" \/><span class=\"off-screen\">Derechos de autor de la imagen<\/span><span class=\"story-image-copyright\">GETTY IMAGES<\/span><\/span><br \/>\n<span class=\"off-screen\">Image caption<\/span><span class=\"media-caption__text\">En julio de 1961, Nikita Jruschov accedi\u00f3 a la petici\u00f3n del l\u00edder de Alemania oriental, Walter Ulbricht, para construir una barrera f\u00edsica que separara Berl\u00edn.<\/span><\/h5>\n<p style=\"text-align:justify\">En mayo de 1961, el l\u00edder de Alemania Oriental, Walter Ulbricht, le solicit\u00f3 formalmente a Mosc\u00fa que cerrara la frontera.<\/p>\n<p style=\"text-align:justify\">Pero fue solo despu\u00e9s de la confrontaci\u00f3n del primer ministro sovi\u00e9tico, Nikita Jruschov, con el nuevo presidente estadounidense, John F. Kennedy, en junio, seguida por un intransigente discurso televisado de este \u00faltimo, a finales de julio, que el l\u00edder del Kremlin finalmente cedi\u00f3.<\/p>\n<p style=\"text-align:justify\">La decisi\u00f3n de construir un muro lleg\u00f3 por lo tanto \u00faltima hora, y tuvo que llevarse a cabo en secreto extremo, a fin de evitar una estampida de gente queriendo salir.<\/p>\n<h2 class=\"story-body__crosshead\" style=\"text-align:justify\">Un anillo de hierro<\/h2>\n<p style=\"text-align:justify\">Al d\u00eda siguiente del discurso de Kennedy, el 26 de julio, Jruschov le orden\u00f3 al embajador sovi\u00e9tico que le dijera a Ulbricht que ten\u00edan que \u00abusar la tensi\u00f3n en las relaciones internacionales <strong>para rodear Berl\u00edn <\/strong><strong>con<\/strong><strong> un <\/strong><strong>anillo<\/strong><strong> de hierro<\/strong>\u00ab.<\/p>\n<p style=\"text-align:justify\">\u00abEsto debe hacerse antes de concluir un tratado de paz\u00bb.<\/p>\n<h5 class=\"media-landscape has-caption full-width\"><span class=\"image-and-copyright-container\"><img loading=\"lazy\" decoding=\"async\" class=\"responsive-image__img js-image-replace aligncenter\" src=\"https:\/\/ichef-1.bbci.co.uk\/news\/624\/cpsprodpb\/162B4\/production\/_100740809_gettyimages-3304302.jpg\" alt=\"Alambre de p\u00faas cerca de la Puerta de Brandemburgo.\" width=\"976\" height=\"549\" \/><span class=\"off-screen\">Derechos de autor de la imagen<\/span><span class=\"story-image-copyright\">GETTY IMAGES<\/span><\/span><br \/>\n<span class=\"off-screen\">Image caption<\/span><span class=\"media-caption__text\">Por seguridad, los brit\u00e1nicos colocaron en el lado occidental un alambre de p\u00faas cerca de la Puerta de Brandemburgo.<\/span><\/h5>\n<p style=\"text-align:justify\">En efecto, el l\u00edder sovi\u00e9tico estaba cortocircuitando la crisis diplom\u00e1tica <strong>que \u00e9l mismo hab\u00eda desencadenado<\/strong> en noviembre de 1958 al emitir un ultim\u00e1tum a las potencias occidentales para que desalojaran Berl\u00edn Occidental o aceptaran un acuerdo de paz que los habr\u00eda obligado a reconocer lo que consideraban un estado t\u00edtere sovi\u00e9tico ileg\u00edtimo: la llamada \u00abRep\u00fablica Democr\u00e1tica Alemana\u00bb.<\/p>\n<p style=\"text-align:justify\">La soberan\u00eda de la RDA le habr\u00eda dado a los alemanes orientales el control directo sobre las autopistas de tr\u00e1nsito entre Berl\u00edn Occidental y Alemania Occidental, as\u00ed como sobre los corredores a\u00e9reos.<\/p>\n<p style=\"text-align:justify\">Alemania Oriental efectivamente habr\u00eda podido comenzar un segundo bloqueo de Berl\u00edn.<\/p>\n<h2 class=\"story-body__crosshead\" style=\"text-align:justify\">La discreta operaci\u00f3n rosa<\/h2>\n<p style=\"text-align:justify\">El discurso de Kennedy hab\u00eda dejado en claro que Estados Unidos estaba dispuesto a ir a la guerra para defender Berl\u00edn Occidental, pero cualquier compromiso con un Berl\u00edn Oriental abierto <strong>hab\u00eda brillado por su ausencia<\/strong>.<\/p>\n<p style=\"text-align:justify\">Impl\u00edcitamente, se le hab\u00eda dado mano libre a los comunistas en su sector.<\/p>\n<h5 class=\"media-landscape has-caption full-width\"><span class=\"image-and-copyright-container\"><img loading=\"lazy\" decoding=\"async\" class=\"responsive-image__img js-image-replace aligncenter\" src=\"https:\/\/ichef.bbci.co.uk\/news\/624\/cpsprodpb\/7C3C\/production\/_100740813_gettyimages-2667171.jpg\" alt=\"John F. Kennedy.\" width=\"549\" height=\"549\" \/><\/span><\/h5>\n<h5 class=\"media-landscape has-caption full-width\"><span class=\"image-and-copyright-container\"><span class=\"off-screen\">Derechos de autor de la imagen<\/span><span class=\"story-image-copyright\">GETTY IMAGES<\/span><\/span><br \/>\n<span class=\"off-screen\">Image caption<\/span><span class=\"media-caption__text\">El entonces presidente de EE.UU., John F. Kennedy, hab\u00eda dejado clara su disposici\u00f3n de ir a la guerra para defender Berl\u00edn occidental.<\/span><\/h5>\n<p style=\"text-align:justify\">Desde ese punto, \u00abla operaci\u00f3n rosa\u00bb -el plan para cortar Berl\u00edn Occidental- se desarroll\u00f3 r\u00e1pidamente bajo el m\u00e1s estricto secreto.<\/p>\n<p style=\"text-align:justify\">La cadena de mando normal fue eludida, y en total s\u00f3lo unos 60 funcionarios de la RDA sab\u00edan de ella.<\/p>\n<p style=\"text-align:justify\">El jefe de operaciones en tierra era Erich Honecker, n\u00famero dos en el partido comunista de Alemania Oriental, destinado a convertirse en l\u00edder de la RDA una d\u00e9cada m\u00e1s tarde. En 1961, era el secretario de seguridad del Politbur\u00f3 responsable de la seguridad interna y militar.<\/p>\n<p style=\"text-align:justify\"><strong>El cierre de la frontera se llevar\u00eda a cabo desde un s\u00e1bado por la noche hasta el domingo por la ma\u00f1ana<\/strong>, para evitar posibles paralizaciones en las f\u00e1bricas; el partido ten\u00eda dolorosos recuerdos de las huelgas masivas del 17 de junio de 1953.<\/p>\n<p style=\"text-align:justify\">Para el 24 de julio, la secci\u00f3n de seguridad del partido hab\u00eda calculado que el cierre total requerir\u00eda 27.000 d\u00edas-hombre de trabajo y casi 500 toneladas de alambre de p\u00faas.<\/p>\n<h2 class=\"story-body__crosshead\" style=\"text-align:justify\">Anillo de tanques<\/h2>\n<p style=\"text-align:justify\">Los pocos elegidos del ministerio del Interior se reunieron en la escuela de formaci\u00f3n del Volkspolizei, en las afueras de Berl\u00edn, bajo las \u00f3rdenes de Willi Seifert, comandante de las tropas del interior, pero tambi\u00e9n exrecluso de Buchenwald, por lo tanto con amplia experiencia \u00abdesde dentro\u00bb de instalaciones de m\u00e1xima seguridad.<\/p>\n<h5 class=\"media-landscape has-caption full-width\"><span class=\"image-and-copyright-container\"><img loading=\"lazy\" decoding=\"async\" class=\"responsive-image__img js-image-replace aligncenter\" src=\"https:\/\/ichef.bbci.co.uk\/news\/624\/cpsprodpb\/1187C\/production\/_100740817_gettyimages-51399560.jpg\" alt=\"Erich Honecker.\" width=\"549\" height=\"549\" \/><span class=\"off-screen\">Derechos de autor de la imagen<\/span><span class=\"story-image-copyright\">GETTY IMAGES<\/span><\/span><br \/>\n<span class=\"off-screen\">Image caption<\/span><span class=\"media-caption__text\">Solo unos pocos funcionarios de la RDA, incluyendo al futuro l\u00edder Erich Honecker conoc\u00edan los planes para construir el muro.<\/span><\/h5>\n<p style=\"text-align:justify\">Poco a poco, los materiales para las cercas fueron secretamente trasladados a la capital desde otras regiones fronterizas y unidades policiales. Pero no se trataba solo una acci\u00f3n policial.<\/p>\n<p style=\"text-align:justify\">A finales de julio, el jefe del Estado Mayor de las fuerzas sovi\u00e9ticas, el teniente general Ariko, se reuni\u00f3 con su hom\u00f3logo de Alemania Oriental, el mayor general Riedel, para discutir la coordinaci\u00f3n del<strong> \u00abanillo de hierro\u00bb de los tanques sovi\u00e9ticos y alemanes orientales<\/strong> que proporcionar\u00eda una fuerza de disuasi\u00f3n a 1,6 kil\u00f3metros detr\u00e1s las unidades de polic\u00eda.<\/p>\n<p style=\"text-align:justify\">El ej\u00e9rcito comenz\u00f3 la planificaci\u00f3n conspirativa en Schlo\u00df Wilkendorf, al noreste de Berl\u00edn, donde el ministro de Defensa Heinz Hoffmann, Riedel y otros 11 oficiales trazaron los planes para una avanzada en el m\u00e1s estricto silencio de radio, detallando hasta la necesidad de amortiguar los tanques.<\/p>\n<h2 class=\"story-body__crosshead\">Occidente despistado<\/h2>\n<p style=\"text-align:justify\">Mantener en secreto la operaci\u00f3n tambi\u00e9n era importante pues hab\u00eda mucha especulaci\u00f3n sobre cu\u00e1nto sab\u00eda Occidente de antemano.<\/p>\n<h5 class=\"media-landscape has-caption full-width\"><span class=\"image-and-copyright-container\"><img loading=\"lazy\" decoding=\"async\" class=\"responsive-image__img js-image-replace aligncenter\" src=\"https:\/\/ichef-1.bbci.co.uk\/news\/624\/cpsprodpb\/5CFC\/production\/_100740832_gettyimages-103810062.jpg\" alt=\"Tanques sovi\u00e9ticos desplegados en Berl\u00edn.\" width=\"976\" height=\"549\" \/><span class=\"off-screen\">Derechos de autor de la imagen<\/span><span class=\"story-image-copyright\">GETTY IMAGES<\/span><\/span><br \/>\n<span class=\"off-screen\">Image caption<\/span><span class=\"media-caption__text\">Sovi\u00e9ticos y alemanes orientales desplegaron un \u00abanillo de hierro\u00bb con tanques en apoyo a las obras del muro.<\/span><\/h5>\n<p style=\"text-align:justify\"><strong>Los estadounidenses ten\u00edan un super<\/strong><strong>e<\/strong><strong>sp\u00eda del Kremlin<\/strong>, Oleg Penkovsky, que el 9 de agosto supo de la acci\u00f3n inminente pero no pudo transmitir la informaci\u00f3n hasta despu\u00e9s del evento.<\/p>\n<p style=\"text-align:justify\">Las estimaciones previas de inteligencia de la CIA, ya en oto\u00f1o de 1957, por ejemplo, hab\u00edan predicho el posible cierre de fronteras. El Comit\u00e9 Conjunto de Inteligencia brit\u00e1nico lleg\u00f3 a conclusiones similares en febrero de 1959.<\/p>\n<p style=\"text-align:justify\">En 1961, sin embargo, los analistas de la CIA estaban m\u00e1s obsesionados con lo que suceder\u00eda si los sovi\u00e9ticos intentaban repetir el bloqueo de 1948 para expulsar a los aliados de Berl\u00edn occidental atacando las rutas de tr\u00e1nsito.<\/p>\n<p style=\"text-align:justify\">Tambi\u00e9n hubo informes de acaparamiento de alambre de p\u00faas, pero estos no eran nuevos y, como con la mayor\u00eda de las evaluaciones de inteligencia, <strong>el problema era una sobrecarga de informaci\u00f3n<\/strong>. Las misiones militares de los aliados occidentales, que pod\u00edan recoger inteligencia abiertamente, no encontraron evidencia de la acci\u00f3n inminente.<\/p>\n<p style=\"text-align:justify\">Como los estadounidenses informaron el 2 de agosto: \u00ab<strong>S<\/strong><strong>ituaci\u00f3n en gran medida igual que hace una semana<\/strong>\u00ab.<\/p>\n<p style=\"text-align:justify\">El 12 de agosto, los brit\u00e1nicos tambi\u00e9n descartaron soluciones dr\u00e1sticas: \u00abLos rusos probablemente est\u00e9n m\u00e1s impresionados por los riesgos de disturbios si la ruta de escape es completamente cortada que por el da\u00f1o actual a la RDA\u00bb.<\/p>\n<h2 class=\"story-body__crosshead\">Una opci\u00f3n poco clara<\/h2>\n<p style=\"text-align:justify\">La evidencia que ha salido a la luz de fuentes de Alemania Occidental tampoco es concluyente.<\/p>\n<h5 class=\"media-landscape has-caption full-width\"><span class=\"image-and-copyright-container\"><img loading=\"lazy\" decoding=\"async\" class=\"responsive-image__img js-image-replace\" src=\"https:\/\/ichef-1.bbci.co.uk\/news\/624\/cpsprodpb\/F93C\/production\/_100740836_gettyimages-2665969.jpg\" alt=\"Konrad Adenauer.\" width=\"976\" height=\"549\" \/><span class=\"off-screen\">Derechos de autor de la imagen<\/span><span class=\"story-image-copyright\">GETTY IMAGES<\/span><\/span><br \/>\n<span class=\"off-screen\">Image caption<\/span><span class=\"media-caption__text\">El canciller de Alemania occidental, Konrad Adenauer, hab\u00eda sido advertido sobre la importancia que ten\u00eda Berl\u00edn occidental para el r\u00e9gimen comunista del Este.<\/span><\/h5>\n<p style=\"text-align:justify\">El <i>Bundesnachrichtendienst<\/i> (BND), el servicio secreto de la Rep\u00fablica Federal de Alemania, ten\u00eda una gran red de informantes anticomunistas en la RDA.<\/p>\n<p style=\"text-align:justify\">Esa red recaba informaci\u00f3n de inteligencia militar. Su jefe, Reinhard Gehlen, afirm\u00f3 en sus memorias que el BND hab\u00eda informado de la acci\u00f3n antes de que ocurriera.<\/p>\n<p style=\"text-align:justify\">Su informe de julio de 1961 efectivamente indicaba que <strong>el cierre de <\/strong><strong>las fronteras<\/strong><strong>del sector<\/strong><strong> era considerado como<\/strong><strong> una posibilidad real e inminente<\/strong>.<\/p>\n<p style=\"text-align:justify\">A pesar de estos indicadores aparentemente amenazadores, hubo informes contradictorios.<\/p>\n<p style=\"text-align:justify\">La inteligencia interna de Alemania Occidental, <i>Verfassungsschutz<\/i>, le dijo al canciller, Konrad Adenauer, que, aunque \u00abla isla de Berl\u00edn Occidental se ha convertido en una cuesti\u00f3n de vida o muerte para el r\u00e9gimen comunista\u00bb, unas restricciones de viaje m\u00e1s contundentes ser\u00edan \u00abintolerables para toda la poblaci\u00f3n\u00bb.<\/p>\n<p style=\"text-align:justify\">Por lo tanto, <strong>parece <\/strong><strong>probable que la comunidad de inteligencia sab\u00eda que el cierre de Berl\u00edn era una opci\u00f3n<\/strong> que el Este estaba sopesando y planificando activamente, pero no estaba segura de una fecha exacta.<\/p>\n<h2 class=\"story-body__crosshead\" style=\"text-align:justify\">El momento y lugar correcto<\/h2>\n<p style=\"text-align:justify\">\u00abLa lecci\u00f3n estrat\u00e9gica y t\u00e1ctica m\u00e1s importante de la exitosa acci\u00f3n del 13 de agosto\u00bb, como registraron sus contrapartes en la Stasi, \u00abes <strong>la importancia de mantener en secreto el <\/strong><strong>momento<\/strong><strong> en el tiempo<\/strong>, como un requisito previo decisivo para m\u00e1s golpes exitosos contra el enemigo, en el momento correcto y en el lugar correcto\u00bb.<\/p>\n<p style=\"text-align:justify\">Antes de una reuni\u00f3n de los principales l\u00edderes del bloque oriental, el 1 de agosto,<strong>Ulbricht habl\u00f3 con Jruschov durante dos horas por tel\u00e9fono<\/strong> en una conversaci\u00f3n descubierta hace pocos a\u00f1os en Mosc\u00fa.<\/p>\n<h5 class=\"media-landscape has-caption full-width\"><span class=\"image-and-copyright-container\"><img loading=\"lazy\" decoding=\"async\" class=\"responsive-image__img js-image-replace aligncenter\" src=\"https:\/\/ichef-1.bbci.co.uk\/news\/624\/cpsprodpb\/0388\/production\/_100740900_gettyimages-3261648.jpg\" alt=\"Walter Ulbricht y Nikita Khrushchev.\" width=\"976\" height=\"549\" \/><span class=\"off-screen\">Derechos de autor de la imagen<\/span><span class=\"story-image-copyright\">GETTY IMAGES<\/span><\/span><br \/>\n<span class=\"off-screen\">Image caption\u00a0<\/span><span class=\"media-caption__text\">Walter Ulbricht y Nikita Jruschov acordaron en secreto la construcci\u00f3n del muro.<\/span><\/h5>\n<p style=\"text-align:justify\">Despu\u00e9s de algunas bromas sobre el estado de la colectivizaci\u00f3n de la RDA, Khrushchev repiti\u00f3 su llamado a poner \u00abun anillo de hierro alrededor de Berl\u00edn\u00bb.<\/p>\n<p style=\"text-align:justify\">\u00abCreo que nuestras tropas deber\u00edan poner el anillo, pero sus tropas deber\u00edan controlarlo\u00bb.<\/p>\n<p style=\"text-align:justify\">Ulbricht estaba claramente muy preocupado por un embargo econ\u00f3mico occidental contra la RDA y gran parte de sus comentarios se refer\u00edan la situaci\u00f3n econ\u00f3mica de Alemania Oriental.<\/p>\n<p style=\"text-align:justify\">Los dos finalmente terminaron hablando de la seguridad:<\/p>\n<p style=\"text-align:justify\"><strong>Jruschov<\/strong>: <i>Le\u00ed informes originales de los servicios secretos occidentales que estiman que las condiciones para un levantamiento han madurado en la RDA. E<\/i><i>llos e<\/i><i>st\u00e1n usando sus propios canales para evitar que las cosas <\/i><i>lleguen a<\/i><i> un levantamiento porque eso no lograr\u00e1 nada. Est\u00e1n diciendo: no podemos ayudar y los rusos aplastar\u00e1n todo con tanques. Por lo tanto, est\u00e1n <\/i><i>pidi\u00e9ndole<\/i><i> a la <\/i><i>gente<\/i><i> que espere hasta que las condiciones sean adecuadas. \u00bfEs eso realmente cierto? No estoy seguro y <\/i><i>estoy bas\u00e1ndome solamente<\/i><i> en los informes <\/i><i>occidentales<\/i>.<\/p>\n<p style=\"text-align:justify\"><strong>Ulbricht<\/strong>: <i>Tenemos informaci\u00f3n de que, de forma lenta pero segura, reclutando desertores y organizando <\/i><i>la <\/i><i>resistencia, el gobierno de Bonn est\u00e1 preparando las condiciones para un levantamiento que tendr\u00e1 lugar en el oto\u00f1o de 1961. Vemos <\/i><i>los<\/i><i>m\u00e9todos <\/i><i>que <\/i><i>usa el enemigo: la iglesia organiza el retiro de los agricultores de los colectivos, aunque con poco \u00e9xito; hay acciones de <\/i><i>sabotaje<\/i><i>&#8230; Un levantamiento no es realista, pero<\/i><i> hay acciones<\/i><i> posibles que podr\u00edan causarnos un gran da\u00f1o internacional<\/i>.<\/p>\n<p style=\"text-align:justify\">Sin embargo, incluso en esta etapa, Ulbricht parec\u00eda estar contemplando medidas graduales que requer\u00edan preparaci\u00f3n pol\u00edtica.<\/p>\n<p style=\"text-align:justify\">\u00abReal\u00edzalo cuando quieras\u00bb, respondi\u00f3 el l\u00edder del Kremlin. \u00abPodemos coordinarlo en cualquier momento\u00bb.<\/p>\n<p style=\"text-align:justify\">Sin embargo, estaba m\u00e1s inclinado a la conspiraci\u00f3n que su hom\u00f3logo de Alemania Oriental: \u00abAntes de la introducci\u00f3n del nuevo r\u00e9gimen fronterizo no deber\u00edas explicar nada, ya que eso solo aumentar\u00eda el movimiento de refugiados y podr\u00eda conducir a una estampida&#8230; Te daremos una, dos semanas para que puedas prepararte econ\u00f3micamente\u00bb.<\/p>\n<h5 class=\"media-landscape has-caption full-width\"><span class=\"image-and-copyright-container\"><img loading=\"lazy\" decoding=\"async\" class=\"responsive-image__img js-image-replace aligncenter\" src=\"https:\/\/ichef-1.bbci.co.uk\/news\/624\/cpsprodpb\/9FC8\/production\/_100740904_gettyimages-3334495.jpg\" alt=\"Walter Ulbricht.\" width=\"976\" height=\"549\" \/><span class=\"off-screen\">Derechos de autor de la imagen<\/span><span class=\"story-image-copyright\">GETTY IMAGES<\/span><\/span><br \/>\n<span class=\"off-screen\">Image caption<\/span><span class=\"media-caption__text\">Walter Ulbricht quer\u00eda que la construcci\u00f3n se hiciera de forma muy r\u00e1pida.<\/span><\/h5>\n<p style=\"text-align:justify\">Jruschov luego plante\u00f3 el estado de las cuatro potencias de Berl\u00edn: \u00bfdeber\u00eda la frontera rodear el Gran Berl\u00edn en lugar de solo los sectores occidentales?<\/p>\n<p style=\"text-align:justify\">Sin embargo, Ulbricht se mantuvo firme; el cerco pasar\u00eda por el centro de la ciudad: \u00abPor encima de todo, tiene que suceder r\u00e1pido\u00bb.<\/p>\n<p style=\"text-align:justify\"><strong>Jruschov <\/strong>confiaba en que Occidente no reaccionar\u00eda de forma exagerada: \u00abCuando implementes estos controles, todos estar\u00e1n satisfechos. Adem\u00e1s, <strong>van a tener una muestra del poder que detentas<\/strong>\u00ab.<\/p>\n<p style=\"text-align:justify\"><strong>Ulbricht<\/strong>: \u00abS\u00ed, entonces lograremos la estabilizaci\u00f3n\u00bb.<\/p>\n<p style=\"text-align:justify\">A pesar de la conversaci\u00f3n, una cuesti\u00f3n de guerra y paz requer\u00eda el respaldo pol\u00edtico del Pacto de Varsovia. Aunque para cuando lleg\u00f3 la reuni\u00f3n del 3 al 5 de agosto, la suerte ya estaba echada.<\/p>\n<p style=\"text-align:justify\">Ya en el primer d\u00eda, en lo que probablemente fue una reuni\u00f3n privada con Jruschov, el l\u00edder de la RDA hab\u00eda elaborado los elementos esenciales de lo que estaba por venir, y para entonces ten\u00edan una fecha: 13 de agosto.<\/p>\n<p style=\"text-align:justify\">\u00ab<strong>Bromeamos entre nosotros <\/strong><strong>porque en Occidente se supone que<\/strong><strong> el 13 es un d\u00eda desafortunado<\/strong>\u00ab, record\u00f3 Jruschov m\u00e1s tarde. \u00abBrome\u00e9 que para nosotros y para todo el campo socialista ser\u00eda un d\u00eda muy afortunado\u00bb.<\/p>\n<figure class=\"media-portrait has-caption body-narrow-width\"><span class=\"image-and-copyright-container\"><img loading=\"lazy\" decoding=\"async\" class=\"responsive-image__img js-image-replace aligncenter\" src=\"https:\/\/ichef.bbci.co.uk\/news\/304\/cpsprodpb\/13C08\/production\/_100740908_gettyimages-3200289.jpg\" alt=\"Una mujer intenta escapar hacia Berl\u00edn occidental.\" width=\"412\" height=\"549\" \/><\/span><\/figure>\n<h6 class=\"media-portrait has-caption body-narrow-width\"><span class=\"image-and-copyright-container\"><span class=\"off-screen\">Derechos de autor de la imagen<\/span><span class=\"story-image-copyright\">GETTY IMAGES<\/span><\/span><span class=\"off-screen\">Image caption<\/span><span class=\"media-caption__text\">Aunque el muro se construy\u00f3 para evitar que los ciudadanos de Alemania oriental se fugar\u00e1n a Occidente, muchas personas siguieron intentando hacerlo.<\/span><\/h6>\n<p style=\"text-align:justify\">El 12 de agosto, alrededor de las 4 p.m., Ulbricht firm\u00f3 la inminente acci\u00f3n y luego invit\u00f3 a los funcionarios del gobierno y del partido a su residencia rural en el lago D\u00f6lln, al norte de Berl\u00edn, para dar un paseo y cenar.<\/p>\n<p style=\"text-align:justify\">Hablando con el embajador sovi\u00e9tico, el l\u00edder del partido de Alemania del Este, en un raro estallido de humor, brome\u00f3 diciendo: \u00abNo los dejar\u00e9 ir hasta que la operaci\u00f3n termine. Por si acaso\u00bb.<\/p>\n<p style=\"text-align:justify\">Los l\u00edderes reunidos estaban un poco desconcertados por la ronda de bromas e interludios musicales, hasta que alrededor de las 9.30 p.m.,<strong>Ulbricht<\/strong><strong>,<\/strong><strong> repentinamente los convoc\u00f3 a una sesi\u00f3n de emergencia del Consejo de Ministros para aprobar las medidas por venir<\/strong>.<\/p>\n<p style=\"text-align:justify\">Cuando los invitados se separaron hacia la medianoche, el camino de regreso a Berl\u00edn ya estaba lleno de tanques rusos.<\/p>\n<p style=\"text-align:justify\"><strong>La operaci\u00f3n <\/strong><strong>rosa<\/strong><strong> hab\u00eda comenzado<\/strong>.<\/p>\n<p style=\"text-align:justify\">\u00abUn muro es no muy agradable, pero es much\u00edsimo mejor que una guerra\u00bb, dijo John F. Kennedy.<\/p>\n<p>________________________________________<\/p>\n<p style=\"text-align:justify\"><i>Patrick Major<\/i><i>, el autor de este art\u00edculo,<\/i><i> es profesor de <\/i><i>H<\/i><i>istoria <\/i><i>M<\/i><i>oderna en la Universidad de Reading. Sus libros <\/i><i>incluyen \u00ab<\/i>A la sombra del muro: Historias verdaderas del pasado dividido de Berl\u00edn<i>\u00bb y \u00ab<\/i>Detr\u00e1s del muro de Berl\u00edn: Alemania Oriental y las fronteras del poder<i>\u00ab.<\/i><\/p>\n","protected":false},"excerpt":{"rendered":"<p>Fuente: BBC Mundo.8 de abril de 2018. Autor:\u00a0Patrick Major Berl\u00edn hab\u00eda sido un espacio peculiar desde el final de la Segunda Guerra Mundial. Era una ciudad \u00abisla\u00bb cuatripartita, dirigida por los cuatro ocupantes, cada uno con su propio sector, pero encerrado dentro de la zona sovi\u00e9tica y a m\u00e1s de 160 kil\u00f3metros de las zonas &hellip; <a href=\"https:\/\/blogsaverroes.juntadeandalucia.es\/aldeacordoba\/?p=353\" class=\"more-link\">Continuar leyendo<span class=\"screen-reader-text\"> \u00abLa historia secreta de c\u00f3mo Alemania Oriental y la Uni\u00f3n Sovi\u00e9tica construyeron el Muro de Berl\u00edn.\u00bb<\/span><\/a><\/p>\n","protected":false},"author":168,"featured_media":0,"comment_status":"open","ping_status":"open","sticky":false,"template":"","format":"standard","meta":{"ngg_post_thumbnail":0,"footnotes":""},"categories":[224391,224394],"tags":[224415,224581,224643,224783,224943],"aioseo_notices":[],"_links":{"self":[{"href":"https:\/\/blogsaverroes.juntadeandalucia.es\/aldeacordoba\/index.php?rest_route=\/wp\/v2\/posts\/353"}],"collection":[{"href":"https:\/\/blogsaverroes.juntadeandalucia.es\/aldeacordoba\/index.php?rest_route=\/wp\/v2\/posts"}],"about":[{"href":"https:\/\/blogsaverroes.juntadeandalucia.es\/aldeacordoba\/index.php?rest_route=\/wp\/v2\/types\/post"}],"author":[{"embeddable":true,"href":"https:\/\/blogsaverroes.juntadeandalucia.es\/aldeacordoba\/index.php?rest_route=\/wp\/v2\/users\/168"}],"replies":[{"embeddable":true,"href":"https:\/\/blogsaverroes.juntadeandalucia.es\/aldeacordoba\/index.php?rest_route=%2Fwp%2Fv2%2Fcomments&post=353"}],"version-history":[{"count":0,"href":"https:\/\/blogsaverroes.juntadeandalucia.es\/aldeacordoba\/index.php?rest_route=\/wp\/v2\/posts\/353\/revisions"}],"wp:attachment":[{"href":"https:\/\/blogsaverroes.juntadeandalucia.es\/aldeacordoba\/index.php?rest_route=%2Fwp%2Fv2%2Fmedia&parent=353"}],"wp:term":[{"taxonomy":"category","embeddable":true,"href":"https:\/\/blogsaverroes.juntadeandalucia.es\/aldeacordoba\/index.php?rest_route=%2Fwp%2Fv2%2Fcategories&post=353"},{"taxonomy":"post_tag","embeddable":true,"href":"https:\/\/blogsaverroes.juntadeandalucia.es\/aldeacordoba\/index.php?rest_route=%2Fwp%2Fv2%2Ftags&post=353"}],"curies":[{"name":"wp","href":"https:\/\/api.w.org\/{rel}","templated":true}]}}