{"id":363,"date":"2018-04-22T16:11:01","date_gmt":"2018-04-22T15:11:01","guid":{"rendered":"https:\/\/jmoragahc.wordpress.com\/?p=363"},"modified":"2018-04-22T16:11:01","modified_gmt":"2018-04-22T15:11:01","slug":"cuando-castro-quiso-fichar-a-bardem","status":"publish","type":"post","link":"https:\/\/blogsaverroes.juntadeandalucia.es\/aldeacordoba\/?p=363","title":{"rendered":"Cuando Castro quiso fichar a Bardem."},"content":{"rendered":"<p><img loading=\"lazy\" decoding=\"async\" class=\"alignnone size-large\" src=\"https:\/\/e00-elmundo.uecdn.es\/assets\/multimedia\/imagenes\/2018\/04\/20\/15242489567607.jpg\" width=\"660\" height=\"600\" \/><\/p>\n<p>Fuente: <a href=\"http:\/\/www.elmundo.es\/cultura\/2018\/04\/21\/5ada328746163f60248b45fc.html\">El Mundo<\/a>, 21\/04\/2018<\/p>\n<p>Autor: Mat\u00edas Rebolledo.<\/p>\n<p style=\"text-align:justify\">Corr\u00eda el mes de abril de 1959.\u00a0<strong>Una m\u00e1quina de escribir reci\u00e9n comprada estampa letra a letra<\/strong>, mancha a mancha, una carta tan curiosa como descriptiva del tiempo en el que fue concebida.\u00a0<strong>El destinatario es Juan Antonio Bardem<\/strong>, hermano de Pilar y t\u00edo de Javier,\u00a0<strong>uno de los guionistas m\u00e1s importantes de la historia del cine espa\u00f1ol y reconocido miembro del Partido Comunista de Espa\u00f1a<\/strong>: \u00ab(&#8230;) Buenos d\u00edas (la verdad es que no ha habido malos d\u00edas) y un pisar m\u00e1s firme que el que se estila por ac\u00e1. Y el recuerdo de 6 horas estupendas en La Habana, donde el Director General de Cine es nuestro amigo Alfredo Guevara quien, con otros, vino a recibirme\u00bb. El remitente es Ricardo Mu\u00f1oz Suay, quien luego fundar\u00eda la Filmoteca Valenciana y que termina la frase: \u00abObjetivo n\u00famero 1 de Fidel en el cine: hacer un film con Bardem\u00bb.<\/p>\n<p style=\"text-align:justify\"><strong>En esa \u00e9poca, J.A. Bardem acababa de colaborar con Suay<\/strong>\u00a0para rodar\u00a0<em>Sonatas<\/em>, una de sus pel\u00edculas m\u00e1s reconocidas como director junto a la celebrada\u00a0<em>Los inocentes<\/em>, ya de 1962. En Cuba, la revoluci\u00f3n liberada por Castro para derrocar a Batista llevaba apenas tres meses en pie y Espa\u00f1a viv\u00eda en los albores de la reforma econ\u00f3mica de la dictadura de Franco que se materializar\u00eda en la d\u00e9cada de los 60. \u00abSolo lo nuestro, para nosotros, es la salida\u00bb, escribe Suay. Ello tambi\u00e9n significa el gusto de Fidel Castro y los suyos por el cine, no en vano y con el aperturismo, por su cine privado de La Habana pasaron Steven Spielberg, Sean Penn, Kevin Costner o su \u00abamigo\u00bb Oliver Stone.<\/p>\n<p style=\"text-align:justify\">Por si fuera poco, la carta describe el proyecto de pel\u00edcula de manera tan minuciosa que uno se pregunta por qu\u00e9 no lleg\u00f3 a realizarse. Con fecha de env\u00edo del 2 de abril, Suey asegura haber hablado con Luc\u00eda Bos\u00e9 para que la dirigiese y que esta cuenta con el \u00abpermiso\u00bb de su marido, Luis Miguel \u00abDomingu\u00edn\u00bb.\u00a0<strong>Toros, comunismo, franquismo, cine, exilio y la promesa de una gran pel\u00edcula sobre la revoluci\u00f3n cubana<\/strong>: \u00abSi s\u00e1bado lo resuelvo te mandar\u00eda un cable a la direcci\u00f3n de Hollywood que t\u00fa debes enviarme\u00bb. La historia del cine espa\u00f1ol, negro sobre blanco.<\/p>\n<p style=\"text-align:justify\">Esta carta es una de las joyas que presenta la exposici\u00f3n\u00a0<em>Memorias de Luz. Historia del cine espa\u00f1ol<\/em>\u00a0en la\u00a0<strong>Filmoteca Valenciana<\/strong>\u00a0que acoger\u00e1\u00a0<strong>hasta el 3 de junio<\/strong>\u00a0la sede central en Madrid del\u00a0<strong>Instituto Cervantes<\/strong>. Fundada hace ahora tres d\u00e9cadas por Suay, la instituci\u00f3n que vela por el cuidado de la producci\u00f3n cinematogr\u00e1fica valenciana organiza la muestra en colaboraci\u00f3n con el Institut Valenci\u00e0 de Cultura: \u00abLa idea era condensar el primer siglo de historia de nuestro cine en una exposici\u00f3n con todo nuestro patrimonio no f\u00edlmico\u00bb, afirm\u00f3 su director general, Abel Guarinos.<\/p>\n<aside class=\"summary-item\">\n<figure class=\"multimedia-item foto\">\n<div class=\"container-image\"><img decoding=\"async\" class=\"full-image\" src=\"https:\/\/e00-elmundo.uecdn.es\/assets\/multimedia\/imagenes\/2018\/04\/20\/15242490994180.jpg\" alt=\"\" \/><\/div><figcaption class=\"caption\">Carta escrita por Ricardo Mu\u00f1oz Suay a Juan Antonio Bardem en 1959, expuesta en la muestra &#8216;Memorias de Luz&#8217; en la Filmoteca de Valencia<\/figcaption><\/figure>\n<\/aside>\n<p style=\"text-align:justify\">M\u00e1s all\u00e1 de las curiosidades y piezas de colecci\u00f3n cin\u00e9filas como la misiva antes citada o el plan de rodaje de Bienvenido Mr. Marshall (pel\u00edcula en la que Bardem escribi\u00f3 el guion junto a Berglanga),\u00a0<strong>en la exposici\u00f3n se podr\u00e1 disfrutar de hasta 62 carteles originales de la historia del cine patrio<\/strong>. El visitante se encontrar\u00e1 con la mirada furtiva de Catherine Deneuve en la Tristana de Luis Bu\u00f1uel, o con el mism\u00edsimo Charles Chaplin caracterizado como un torero en su adaptaci\u00f3n de Carmen. A todo color y en gran formato.<\/p>\n<p style=\"text-align:justify\"><strong>Comisariada por Nieves L\u00f3pez Menchero<\/strong>, responsable del fondo de la Filmoteca,\u00a0<em>Memorias de Luz<\/em>\u00a0es una retrospectiva tan bien cuidada como fr\u00e1gil: \u00abHemos tenido que superar muchos a\u00f1os de vicisitudes pol\u00edticas y econ\u00f3micas para poder mostrarlo. De hecho, despu\u00e9s del trabajo de restauraci\u00f3n el papel es muy fr\u00e1gil y han tenido que seleccionarse tipos de cristal muy concretos para exponerlos sin da\u00f1arlos m\u00e1s y que puedan ser disfrutados por los ciudadanos, que es a quien pertenece este patrimonio\u00bb, afirm\u00f3.<\/p>\n<p style=\"text-align:justify\">La muestra, que estar\u00e1 abierta al p\u00fablico hasta principios del mes de junio, se completa con varios bocetos y grabados de grandes producciones espa\u00f1olas de la d\u00e9cada de los cincuenta o\u00a0<strong>cat\u00e1logos del NO-DO restaurados para su exposici\u00f3n.<\/strong>\u00abUna de las cosas m\u00e1s interesantes que se puede observar es c\u00f3mo cambian los reclamos durante el Gobierno de la Rep\u00fablica, con la Guerra Civil y con el Franquismo\u00bb, asegur\u00f3 la comisaria.\u00a0<strong>Se fue Fidel, se fue Bardem y se fue Suay, pero aquella carta y el legado f\u00edlmico que dejaron ya forma parte del patrimonio cultural.<\/strong><\/p>\n","protected":false},"excerpt":{"rendered":"<p>Fuente: El Mundo, 21\/04\/2018 Autor: Mat\u00edas Rebolledo. Corr\u00eda el mes de abril de 1959.\u00a0Una m\u00e1quina de escribir reci\u00e9n comprada estampa letra a letra, mancha a mancha, una carta tan curiosa como descriptiva del tiempo en el que fue concebida.\u00a0El destinatario es Juan Antonio Bardem, hermano de Pilar y t\u00edo de Javier,\u00a0uno de los guionistas m\u00e1s &hellip; <a href=\"https:\/\/blogsaverroes.juntadeandalucia.es\/aldeacordoba\/?p=363\" class=\"more-link\">Continuar leyendo<span class=\"screen-reader-text\"> \u00abCuando Castro quiso fichar a Bardem.\u00bb<\/span><\/a><\/p>\n","protected":false},"author":168,"featured_media":0,"comment_status":"open","ping_status":"open","sticky":false,"template":"","format":"standard","meta":{"ngg_post_thumbnail":0,"footnotes":""},"categories":[224391,224394,224397],"tags":[382,224531,224722],"aioseo_notices":[],"_links":{"self":[{"href":"https:\/\/blogsaverroes.juntadeandalucia.es\/aldeacordoba\/index.php?rest_route=\/wp\/v2\/posts\/363"}],"collection":[{"href":"https:\/\/blogsaverroes.juntadeandalucia.es\/aldeacordoba\/index.php?rest_route=\/wp\/v2\/posts"}],"about":[{"href":"https:\/\/blogsaverroes.juntadeandalucia.es\/aldeacordoba\/index.php?rest_route=\/wp\/v2\/types\/post"}],"author":[{"embeddable":true,"href":"https:\/\/blogsaverroes.juntadeandalucia.es\/aldeacordoba\/index.php?rest_route=\/wp\/v2\/users\/168"}],"replies":[{"embeddable":true,"href":"https:\/\/blogsaverroes.juntadeandalucia.es\/aldeacordoba\/index.php?rest_route=%2Fwp%2Fv2%2Fcomments&post=363"}],"version-history":[{"count":0,"href":"https:\/\/blogsaverroes.juntadeandalucia.es\/aldeacordoba\/index.php?rest_route=\/wp\/v2\/posts\/363\/revisions"}],"wp:attachment":[{"href":"https:\/\/blogsaverroes.juntadeandalucia.es\/aldeacordoba\/index.php?rest_route=%2Fwp%2Fv2%2Fmedia&parent=363"}],"wp:term":[{"taxonomy":"category","embeddable":true,"href":"https:\/\/blogsaverroes.juntadeandalucia.es\/aldeacordoba\/index.php?rest_route=%2Fwp%2Fv2%2Fcategories&post=363"},{"taxonomy":"post_tag","embeddable":true,"href":"https:\/\/blogsaverroes.juntadeandalucia.es\/aldeacordoba\/index.php?rest_route=%2Fwp%2Fv2%2Ftags&post=363"}],"curies":[{"name":"wp","href":"https:\/\/api.w.org\/{rel}","templated":true}]}}