{"id":392,"date":"2018-05-14T11:19:00","date_gmt":"2018-05-14T10:19:00","guid":{"rendered":"https:\/\/jmoragahc.wordpress.com\/?p=392"},"modified":"2018-05-14T11:19:00","modified_gmt":"2018-05-14T10:19:00","slug":"el-alzamiento-irlandes-de-1916","status":"publish","type":"post","link":"https:\/\/blogsaverroes.juntadeandalucia.es\/aldeacordoba\/?p=392","title":{"rendered":"El alzamiento irland\u00e9s de 1916"},"content":{"rendered":"<p><img decoding=\"async\" src=\"https:\/\/estaticos.muyhistoria.es\/media\/cache\/760x570_thumb\/uploads\/images\/article\/5addea9a5cafe88dbc0e2a0e\/pascua-de-1916_0.jpg\" \/><\/p>\n<div id=\"paragraph_1\" class=\"article--paragraph\">\n<p>Autora:\u00a0<a class=\"article--author--name\" title=\"Mar\u00eda Fern\u00e1ndez Rei\" href=\"https:\/\/www.muyhistoria.es\/firmas\/staff\/maria-fernandez-rei\" rel=\"author\">Mar\u00eda Fern\u00e1ndez Rei<\/a><\/p>\n<p>Fuente:<a href=\"https:\/\/www.muyhistoria.es\/contemporanea\/articulo\/el-alzamiento-irlandes-de-1916-811524492786\"> Muy Historia<\/a>.<\/p>\n<p style=\"text-align:justify\">Esta rebeli\u00f3n irlandesa contra las autoridades brit\u00e1nicas se puso en marcha el 24 de abril de 1916. Como era lunes de\u00a0<a class=\"textlink\" title=\"\u00bfQu\u00e9 es la mona de Pascua?\" href=\"https:\/\/www.muyhistoria.es\/h-antigua\/articulo\/ique-es-la-mona-de-pascua\">Pascua<\/a>, coincidi\u00f3 con un d\u00eda de celebraci\u00f3n religiosa para la comunidad cat\u00f3lica irlandesa que se ha vuelto simb\u00f3lico. El objetivo de los sublevados era extender la revuelta a toda la isla, pero el levantamiento no se produjo en todo el territorio.<\/p>\n<p style=\"text-align:justify\">Mientras que en Belfast se opt\u00f3 por no actuar debido a la preeminencia unionista, la insurrecci\u00f3n se centraliz\u00f3 en Dubl\u00edn, donde se movilizaron m\u00e1s de un millar de personas armadas para ocupar posiciones estrat\u00e9gicas y simb\u00f3licas de la ciudad.<\/p>\n<p style=\"text-align:justify\">Un peque\u00f1o grupo de poetas, escritores y maestros socialistas revolucionarios que contaba con el apoyo tibio de\u00a0<a class=\"textlink\" title=\"La Alemania nazi, casi en quiebra\" href=\"https:\/\/www.muyhistoria.es\/contemporanea\/articulo\/la-alemania-nazi-casi-en-quiebra-721510843256\">Alemania<\/a> ocup\u00f3 la Oficina General de Correos de la Sackville Street (hoy O\u2019Connell Street), reemplaz\u00f3 la bandera del Reino Unido por la tricolor (el verde nacionalista, el naranja unionista y el blanco de la paz y la reconciliaci\u00f3n), y Patrick Pearse ley\u00f3 con voz solemne la proclamaci\u00f3n de la Rep\u00fablica que empieza as\u00ed: \u201cIrlandeses e irlandesas, en el nombre de Dios y de las generaciones muertas de las cuales recibi\u00f3 su vieja tradici\u00f3n y nacionalidad, Irlanda, a trav\u00e9s de nosotros, convoca a sus hijos bajo su bandera y se rebela por su libertad\u201d.<\/p>\n<p>&nbsp;<\/p>\n<\/div>\n<div id=\"paragraph_2\" class=\"article--paragraph\">\n<p style=\"text-align:justify\">Fue un texto muy progresista para su tiempo, el primero de esta naturaleza que se dirig\u00eda por igual a los hombres y a las mujeres, promet\u00eda el fin de la discriminaci\u00f3n religiosa, y abogaba por la igualdad de oportunidades y el sufragio universal.<\/p>\n<p style=\"text-align:justify\">Organizado por los siete miembros del consejo militar de la Hermandad Republicana Irlandesa y con el apoyo de \u00fanicamente 1.600 rebeldes en todo el pa\u00eds, el\u00a0<a class=\"textlink\" title=\"Centenario del Alzamiento de Pascua\" href=\"https:\/\/www.muyhistoria.es\/contemporanea\/articulo\/centenario-del-alzamiento-de-pascua-251461924148\">Alzamiento de Pascua<\/a>\u00a0fue portada de\u00a0<em>The New York Times<\/em>\u00a0ocho d\u00edas seguidos.<\/p>\n<p style=\"text-align:justify\">Las autoridades de\u00a0<a class=\"textlink\" title=\"La batalla que Inglaterra nunca gan\u00f3\" href=\"https:\/\/www.muyhistoria.es\/h-moderna\/articulo\/la-batalla-que-inglaterra-nunca-gano-761460021379\">Reino Unido<\/a>\u00a0hab\u00edan destinado la mayor parte de sus esfuerzos a la\u00a0<a class=\"textlink\" title=\"\u00bfCu\u00e1nto sabes sobre la Primera Guerra Mundial?\" href=\"https:\/\/www.muyhistoria.es\/tests\/test\/cuanto-sabes-sobre-la-primera-guerra-mundial\">Primera Guerra Mundial<\/a>\u00a0y el Gobierno de\u00a0<a class=\"textlink\" title=\"Centro de tortura en Londres\" href=\"https:\/\/www.muyhistoria.es\/contemporanea\/articulo\/centro-de-tortura-en-londres-781455206702\">Londres<\/a>\u00a0manten\u00eda una presencia militar muy reducida en Irlanda. Esto hizo que las tropas inglesas no pudieran enviar suficientes efectivos para responder a la insurrecci\u00f3n hasta dos d\u00edas despu\u00e9s. Aun as\u00ed, una vez lleg\u00f3 con los batallones suficientes para actuar,\u00a0<strong>la armada brit\u00e1nica atac\u00f3 con dureza y al cabo de cuatro d\u00edas acab\u00f3 con la rebeli\u00f3n.<\/strong><\/p>\n<p style=\"text-align:justify\">Una semana m\u00e1s tarde, tras la llegada de veinte mil soldados brit\u00e1nicos, la insurrecci\u00f3n hab\u00eda sido sofocada con un balance de 450 muertos, m\u00e1s de la mitad civiles, y dos mil heridos.<\/p>\n<p style=\"text-align:justify\">Dos centenares de edificios del centro de la capital fueron destruidos por la artiller\u00eda brit\u00e1nica.<\/p>\n<p style=\"text-align:justify\">Poco despu\u00e9s fueron fusilados todos los cabecillas de la sublevaci\u00f3n.<\/p>\n<p style=\"text-align:justify\"><strong>La \u00fanica excepci\u00f3n fue \u00c9amon de Valera<\/strong>, cuya sentencia de muerte fue conmutada por haber nacido en Nueva York y tener pasaporte norteamericano, y que acab\u00f3 siendo presidente del Gobierno irland\u00e9s.<\/p>\n<p style=\"text-align:justify\">En la fachada de la casa de correos de Dubl\u00edn, que todav\u00eda perdura en el centro de la ciudad y que fue el cuartel general del levantamiento, pueden verse las marcas de los disparos y est\u00e1 considerado como un\u00a0<a class=\"textlink\" title=\"Los monumentos m\u00e1s valiosos de Europa\" href=\"https:\/\/www.muyhistoria.es\/contemporanea\/articulo\/los-monumentos-mas-valiosos-de-europa-701366272529\">monumento<\/a>\u00a0nacional.<\/p>\n<h2 style=\"text-align:justify\">Irlandesas combatientes<\/h2>\n<p style=\"text-align:justify\">Enfermeras, cocineras, mensajeras y tambi\u00e9n combatientes, las mujeres irlandesas tambi\u00e9n <strong>fueron protagonistas heroicas de aquella rebeli\u00f3n en la Pascua de 1916<\/strong> que condujo a sus l\u00edderes ante el pelot\u00f3n de\u00a0<a class=\"textlink\" title=\"El fusilamiento de Benito Mussolini 'Il Duce'\" href=\"https:\/\/www.muyhistoria.es\/contemporanea\/articulo\/el-fusilamiento-de-benito-mussolini-il-duce-391461841925\">fusilamiento<\/a>, pero que levant\u00f3 al pueblo irland\u00e9s hasta conquistar su\u00a0<a class=\"textlink\" title=\"El Grito de M\u00e9xico: 200 a\u00f1os de independencia\" href=\"https:\/\/www.muyhistoria.es\/contemporanea\/articulo\/el-grito-de-mexico-200-anos-de-independencia\">independencia<\/a>.<\/p>\n<\/div>\n","protected":false},"excerpt":{"rendered":"<p>Autora:\u00a0Mar\u00eda Fern\u00e1ndez Rei Fuente: Muy Historia. Esta rebeli\u00f3n irlandesa contra las autoridades brit\u00e1nicas se puso en marcha el 24 de abril de 1916. Como era lunes de\u00a0Pascua, coincidi\u00f3 con un d\u00eda de celebraci\u00f3n religiosa para la comunidad cat\u00f3lica irlandesa que se ha vuelto simb\u00f3lico. El objetivo de los sublevados era extender la revuelta a toda &hellip; <a href=\"https:\/\/blogsaverroes.juntadeandalucia.es\/aldeacordoba\/?p=392\" class=\"more-link\">Continuar leyendo<span class=\"screen-reader-text\"> \u00abEl alzamiento irland\u00e9s de 1916\u00bb<\/span><\/a><\/p>\n","protected":false},"author":168,"featured_media":0,"comment_status":"open","ping_status":"open","sticky":false,"template":"","format":"standard","meta":{"ngg_post_thumbnail":0,"footnotes":""},"categories":[224385,224388],"tags":[224699,224707,224849],"aioseo_notices":[],"_links":{"self":[{"href":"https:\/\/blogsaverroes.juntadeandalucia.es\/aldeacordoba\/index.php?rest_route=\/wp\/v2\/posts\/392"}],"collection":[{"href":"https:\/\/blogsaverroes.juntadeandalucia.es\/aldeacordoba\/index.php?rest_route=\/wp\/v2\/posts"}],"about":[{"href":"https:\/\/blogsaverroes.juntadeandalucia.es\/aldeacordoba\/index.php?rest_route=\/wp\/v2\/types\/post"}],"author":[{"embeddable":true,"href":"https:\/\/blogsaverroes.juntadeandalucia.es\/aldeacordoba\/index.php?rest_route=\/wp\/v2\/users\/168"}],"replies":[{"embeddable":true,"href":"https:\/\/blogsaverroes.juntadeandalucia.es\/aldeacordoba\/index.php?rest_route=%2Fwp%2Fv2%2Fcomments&post=392"}],"version-history":[{"count":0,"href":"https:\/\/blogsaverroes.juntadeandalucia.es\/aldeacordoba\/index.php?rest_route=\/wp\/v2\/posts\/392\/revisions"}],"wp:attachment":[{"href":"https:\/\/blogsaverroes.juntadeandalucia.es\/aldeacordoba\/index.php?rest_route=%2Fwp%2Fv2%2Fmedia&parent=392"}],"wp:term":[{"taxonomy":"category","embeddable":true,"href":"https:\/\/blogsaverroes.juntadeandalucia.es\/aldeacordoba\/index.php?rest_route=%2Fwp%2Fv2%2Fcategories&post=392"},{"taxonomy":"post_tag","embeddable":true,"href":"https:\/\/blogsaverroes.juntadeandalucia.es\/aldeacordoba\/index.php?rest_route=%2Fwp%2Fv2%2Ftags&post=392"}],"curies":[{"name":"wp","href":"https:\/\/api.w.org\/{rel}","templated":true}]}}