{"id":396,"date":"2018-05-18T08:01:55","date_gmt":"2018-05-18T07:01:55","guid":{"rendered":"https:\/\/jmoragahc.wordpress.com\/?p=396"},"modified":"2018-05-18T08:01:55","modified_gmt":"2018-05-18T07:01:55","slug":"nakba-la-catastrofe-de-los-palestinos","status":"publish","type":"post","link":"https:\/\/blogsaverroes.juntadeandalucia.es\/aldeacordoba\/?p=396","title":{"rendered":"Nakba, la \u00abcat\u00e1strofe\u00bb de los palestinos."},"content":{"rendered":"<figure style=\"width: 700px\" class=\"wp-caption alignnone\"><img loading=\"lazy\" decoding=\"async\" class=\"size-large\" src=\"http:\/\/www.dw.com\/image\/43112625_303.jpg\" width=\"700\" height=\"394\" \/><figcaption class=\"wp-caption-text\">Sentados en camiones cargados con burros o caballos, o sencillamente a pie. En interminables filas avanzaban en el verano de 1948 miles de personas que, tras la fundaci\u00f3n de Israel, perdieron su patria y debieron huir.<\/figcaption><\/figure>\n<p><strong>Autor:\u00a0Kersten Knipp<\/strong> (DZC\/CT), 13\/05\/2018<\/p>\n<p><strong>Fuente: <a href=\"http:\/\/www.dw.com\/es\/nakba-la-cat%C3%A1strofe-de-los-palestinos\/a-43770718\">dw.com<\/a><\/strong><\/p>\n<p style=\"text-align:justify\">Durante mucho tiempo se hab\u00eda anunciado la \u00abNakba\u00bb, o la cat\u00e1strofe, como conocen los palestinos a las consecuencias del surgimiento de Israel. M\u00e1s de 30 a\u00f1os antes, el 1 de noviembre de 1917, el ministro de Exteriores brit\u00e1nico, lord Arthur James Balfour, le hab\u00eda explicado al presidente de la Federaci\u00f3n Sionista Brit\u00e1nica, Lionel Walter Rothschild, que Gran Breta\u00f1a respaldar\u00eda y apoyar\u00eda con fuerza la creaci\u00f3n de una \u00abpatria\u00bb para el pueblo jud\u00edo.<\/p>\n<p style=\"text-align:justify\">Poco tiempo antes, miles de jud\u00edos escapaban de Europa y de los pogromos, las acciones antisemitas, hacia Palestina. Entre 1882 y 1939 fueron cerca de 380 mil personas. Llegaron a un pa\u00eds donde viv\u00edan 450 mil personas, de los cuales cerca del 90 por ciento eran \u00e1rabes musulmanes.<\/p>\n<p><strong>Los \u00e1rabes se sienten amenazados<\/strong><\/p>\n<p style=\"text-align:justify\">Desde la d\u00e9cada de 1920, las tensiones provocadas por la inmigraci\u00f3n aumentaron. Pronto, dos movimientos nacionales se enfrentaron: el jud\u00edo-sionista por un lado y el palestino por el otro. Los \u00e1rabes ve\u00edan su propia existencia cada vez m\u00e1s amenazada, un sentimiento que llev\u00f3 a un primer levantamiento entre 1936 y 1939.<\/p>\n<div class=\"picBox \">\n<figure style=\"width: 220px\" class=\"wp-caption alignleft\"><a class=\"overlayLink init\" href=\"http:\/\/www.dw.com\/es\/nakba-la-cat%C3%A1strofe-de-los-palestinos\/a-43770718#\" rel=\"nofollow\"><img loading=\"lazy\" decoding=\"async\" title=\"Libro sobre la Nakba.\" src=\"http:\/\/www.dw.com\/image\/18474355_404.jpg\" alt=\"Libro sobre la Nakba.\" width=\"220\" height=\"293\" \/><\/a><figcaption class=\"wp-caption-text\">Libro sobre la \u00abNakba\u00bb.<\/figcaption><\/figure>\n<p>&nbsp;<\/p>\n<\/div>\n<p style=\"text-align:justify\">Para aminorar las tensiones, Gran Breta\u00f1a restringi\u00f3 la llegada de m\u00e1s jud\u00edos, a pesar de la creciente presi\u00f3n generada por los jud\u00edos que quer\u00edan abandonar la Alemania nacionalsocialista. Esto llev\u00f3 a cada vez m\u00e1s grupos sionistas a enfrentarse contra los brit\u00e1nicos del Mandato. Ya en 1942, sus dirigentes exigieron la creaci\u00f3n de un Estado jud\u00edo una vez que finalizara la Segunda Guerra Mundial.<\/p>\n<p style=\"text-align:justify\">Despu\u00e9s de 1945, luego de que los nazis asesinaran a un estimado de seis millones de personas, las tensiones continuaron. Gran Breta\u00f1a pidi\u00f3 la mediaci\u00f3n de las Naciones Unidas, que decidi\u00f3 en noviembre de 1947 la partici\u00f3n de Palestina. El Estado jud\u00edo se quedar\u00eda con el 57 por ciento del territorio, quedando el 43 por ciento restante para los \u00e1rabes.<\/p>\n<p><strong>Guerra tras la fundaci\u00f3n<\/strong><\/p>\n<p style=\"text-align:justify\">El 14 de mayo, el ministro de Gobierno provisional David Ben Guri\u00f3n, ley\u00f3 la proclamaci\u00f3n de independencia del nuevo estado de Israel. Poco despu\u00e9s comenz\u00f3 la guerra entre israel\u00edes y \u00e1rabes. Por un lado peleaban cinco estados (Egipto, Irak, Jordania, L\u00edbano y Siria), y por el otro los israel\u00edes, para los que las fronteras establecidas ya no se aplicaban m\u00e1s debido a los enfrentamientos. La guerra no finaliz\u00f3 hasta la firma de numerosos tratados de paz.<\/p>\n<p style=\"text-align:justify\">El conflicto signific\u00f3 para los \u00e1rabes de la regi\u00f3n una verdadera cat\u00e1strofe. Ellos, escribi\u00f3 el autor palestino Sari Nusseibeh, uno de los grandes defensores del entendimiento entre ambas partes, fueron desde un comienzo inferiores a los combatientes sionistas. Estos hab\u00edan formado un \u00abEj\u00e9rcito de esp\u00edritu espartano, templado por los horrores de Europa. Adem\u00e1s, estaban mucho mejor equipados: dispon\u00edan de un enorme arsenal de armas que hab\u00edan sido introducidas de contrabando en el pa\u00eds desde el Viejo Continente o que hab\u00edan sido robadas durante la guerra a los brit\u00e1nicos. En peque\u00f1os talleres fabricaban veh\u00edculos blindados, morteros y granadas\u00bb, escribi\u00f3 Nusseibeh en sus memorias \u00ab\u00c9rase una vez un pa\u00eds. Una vida en Palestina\u00bb.<\/p>\n<div class=\"picBox full \">\n<figure style=\"width: 700px\" class=\"wp-caption alignnone\"><a class=\"overlayLink init\" href=\"http:\/\/www.dw.com\/es\/nakba-la-cat%C3%A1strofe-de-los-palestinos\/a-43770718#\" rel=\"nofollow\"><img loading=\"lazy\" decoding=\"async\" title=\"Las llaves, s\u00edmbolo de una esperanza.\" src=\"http:\/\/www.dw.com\/image\/15948984_401.jpg\" alt=\"Naqba Nakba Pal\u00e4stina Gedenkfeier Gedenken Vertreibung\" width=\"700\" height=\"394\" \/><\/a><figcaption class=\"wp-caption-text\">Las llaves, s\u00edmbolo de una esperanza.<\/figcaption><\/figure>\n<\/div>\n<p style=\"text-align:justify\">Un enorme n\u00famero de personas debi\u00f3 abandonar sus casas ubicadas en barrios ahora controlados por las fuerzas israel\u00edes. Alrededor de 530 aldeas fueron destruidas deliberadamente, tras una cuidadosa planificaci\u00f3n, con el \u00fanico fin de impedir que los palestinos tuvieran chances de sobrevivir en ellas. En ciudades como Tel Aviv, Jaffa, Haifa y Jerusal\u00e9n apenas quedaron \u00e1rabes. Tanto en el campo como en la ciudad, los colonos jud\u00edos se apropiaron de las pertenencias de los desplazados.<\/p>\n<p style=\"text-align:justify\">\u00abComo toda Palestina, Jerusal\u00e9n tambi\u00e9n entr\u00f3 en una guerra civil\u00bb, dice Nusseibeh. \u00abProfesores, m\u00e9dicos y comerciantes de ambos bandos tomaron posiciones y dispararon a personas que, en otros tiempos, felices habr\u00edan recibido en sus casas como visitantes. Las reglas de la civilizaci\u00f3n fueron redefinidas, dos pueblos amantes de la paz ahora solo pensaban en la batalla\u00bb.<\/p>\n<p><strong>Las llaves, s\u00edmbolo de esperanza<\/strong><\/p>\n<p style=\"text-align:justify\">\u00ab750.000 personas perdieron con la fundaci\u00f3n de Israel sus bienes y propiedades. Esa fue la cantidad que la Agencia de Naciones Unidas para los Refugiados de Palestina en Oriente Pr\u00f3ximo (UNRWA, por sus siglas en ingl\u00e9s) registr\u00f3 desde que comenz\u00f3 su trabajo, en 1950\u00bb, escribi\u00f3 la experta en Medio Oriente Marl\u00e8ne Schnieper en su libro \u00abNakba. Las heridas abiertas\u00bb. Las consecuencias de ese \u00e9xodo masivo son visibles hasta el d\u00eda de hoy. \u00abCon sus hijos e hijos de sus hijos, los refugiados han llegado a ser cinco millones\u00bb, apunta Schnieper. \u00abY la cifra sigue creciendo\u00bb. Por ahora, los refugiados palestinos registrados viven en campos reconocidos oficialmente en L\u00edbano, Jordania y Siria, as\u00ed como en la Franja de Gaza y Cisjordania, incluida Jerusal\u00e9n Oriental. Muchos, al ser expulsados, se llevaron consigo las llaves de sus casas, con las que reflejan la esperanza de los palestinos por alguna vez volver a ellas.<\/p>\n<div class=\"picBox medium rechts \">\n<figure style=\"width: 340px\" class=\"wp-caption alignleft\"><a class=\"overlayLink init\" href=\"http:\/\/www.dw.com\/es\/nakba-la-cat%C3%A1strofe-de-los-palestinos\/a-43770718#\" rel=\"nofollow\"><img loading=\"lazy\" decoding=\"async\" title=\"La masacre de Deir Yassin perpetrada por soldados israel\u00edes.\" src=\"http:\/\/www.dw.com\/image\/15948458_404.jpg\" alt=\"La masacre de Deir Yassin perpetrada por soldados israel\u00edes.\" width=\"340\" height=\"191\" \/><\/a><figcaption class=\"wp-caption-text\">La masacre de Deir Yassin perpetrada por soldados israel\u00edes.<\/figcaption><\/figure>\n<\/div>\n<p style=\"text-align:justify\">El conflicto \u00e1rabe-israel\u00ed sigue sin ser resuelto hasta hoy. Al contrario, los enfrentamientos entre los bandos se han repetido a lo largo de los a\u00f1os. Entre los m\u00e1s relevantes se cuenta la llamada \u00abGuerra de los Seis D\u00edas\u00bb en 1967, en la que Israel se defendi\u00f3 exitosamente de ataques coordinados por fuerzas egipcias, sirias y jordanas. Como consecuencia, ocup\u00f3 la Franja de Gaza, Cisjordania y parte de la Pen\u00ednsula del Sina\u00ed.<\/p>\n<p style=\"text-align:justify\"><strong>Conflicto latente<\/strong><\/p>\n<p style=\"text-align:justify\">A ra\u00edz de la guerra de 1967, Israel comenz\u00f3 a construir asentamientos en Cisjordania. La resistencia contra la anexi\u00f3n no reconocida por Naciones Unidas ha llevado a dos levantamientos: la primera (1987-1993) y la segunda Intifada (2000-2005). Los palestinos, claramente superados militarmente, dependen de acciones armadas aisladas, como atentados suicidas contra el transporte p\u00fablico, para hacer patente su malestar. Los israel\u00edes, por su parte, ejercen una fuerte presi\u00f3n a los palestinos a trav\u00e9s de sus fuerzas de seguridad. Uno de los medios m\u00e1s pol\u00e9micos ha sido la destrucci\u00f3n de las casas de los atacantes suicidas.<\/p>\n<p style=\"text-align:justify\">El conflicto sigue sin resolver 70 a\u00f1os despu\u00e9s. En la primavera, a prop\u00f3sito del aniversario de la fundaci\u00f3n de Israel, miles de personas se han manifestado en la Franja de Gaza, en la frontera con Israel. La \u00abcat\u00e1strofe\u00bb, como llaman los palestinos a la creaci\u00f3n del Estado jud\u00edo, sigue neg\u00e1ndose a una soluci\u00f3n.<\/p>\n","protected":false},"excerpt":{"rendered":"<p>Autor:\u00a0Kersten Knipp (DZC\/CT), 13\/05\/2018 Fuente: dw.com Durante mucho tiempo se hab\u00eda anunciado la \u00abNakba\u00bb, o la cat\u00e1strofe, como conocen los palestinos a las consecuencias del surgimiento de Israel. M\u00e1s de 30 a\u00f1os antes, el 1 de noviembre de 1917, el ministro de Exteriores brit\u00e1nico, lord Arthur James Balfour, le hab\u00eda explicado al presidente de la &hellip; <a href=\"https:\/\/blogsaverroes.juntadeandalucia.es\/aldeacordoba\/?p=396\" class=\"more-link\">Continuar leyendo<span class=\"screen-reader-text\"> \u00abNakba, la \u00abcat\u00e1strofe\u00bb de los palestinos.\u00bb<\/span><\/a><\/p>\n","protected":false},"author":168,"featured_media":0,"comment_status":"open","ping_status":"open","sticky":false,"template":"","format":"standard","meta":{"ngg_post_thumbnail":0,"footnotes":""},"categories":[224391,224396],"tags":[224711,224805,224812],"aioseo_notices":[],"_links":{"self":[{"href":"https:\/\/blogsaverroes.juntadeandalucia.es\/aldeacordoba\/index.php?rest_route=\/wp\/v2\/posts\/396"}],"collection":[{"href":"https:\/\/blogsaverroes.juntadeandalucia.es\/aldeacordoba\/index.php?rest_route=\/wp\/v2\/posts"}],"about":[{"href":"https:\/\/blogsaverroes.juntadeandalucia.es\/aldeacordoba\/index.php?rest_route=\/wp\/v2\/types\/post"}],"author":[{"embeddable":true,"href":"https:\/\/blogsaverroes.juntadeandalucia.es\/aldeacordoba\/index.php?rest_route=\/wp\/v2\/users\/168"}],"replies":[{"embeddable":true,"href":"https:\/\/blogsaverroes.juntadeandalucia.es\/aldeacordoba\/index.php?rest_route=%2Fwp%2Fv2%2Fcomments&post=396"}],"version-history":[{"count":0,"href":"https:\/\/blogsaverroes.juntadeandalucia.es\/aldeacordoba\/index.php?rest_route=\/wp\/v2\/posts\/396\/revisions"}],"wp:attachment":[{"href":"https:\/\/blogsaverroes.juntadeandalucia.es\/aldeacordoba\/index.php?rest_route=%2Fwp%2Fv2%2Fmedia&parent=396"}],"wp:term":[{"taxonomy":"category","embeddable":true,"href":"https:\/\/blogsaverroes.juntadeandalucia.es\/aldeacordoba\/index.php?rest_route=%2Fwp%2Fv2%2Fcategories&post=396"},{"taxonomy":"post_tag","embeddable":true,"href":"https:\/\/blogsaverroes.juntadeandalucia.es\/aldeacordoba\/index.php?rest_route=%2Fwp%2Fv2%2Ftags&post=396"}],"curies":[{"name":"wp","href":"https:\/\/api.w.org\/{rel}","templated":true}]}}