{"id":405,"date":"2018-05-29T08:54:07","date_gmt":"2018-05-29T07:54:07","guid":{"rendered":"https:\/\/jmoragahc.wordpress.com\/?p=405"},"modified":"2018-05-29T08:54:07","modified_gmt":"2018-05-29T07:54:07","slug":"napoleon-ha-vuelto-y-esta-de-moda","status":"publish","type":"post","link":"https:\/\/blogsaverroes.juntadeandalucia.es\/aldeacordoba\/?p=405","title":{"rendered":"Napole\u00f3n ha vuelto&#8230; y est\u00e1 de moda."},"content":{"rendered":"<figure style=\"width: 1960px\" class=\"wp-caption alignnone\"><img loading=\"lazy\" decoding=\"async\" class=\"size-large\" src=\"https:\/\/ep01.epimg.net\/elpais\/imagenes\/2018\/05\/11\/eps\/1526043010_145033_1526297414_noticia_normal_recorte1.jpg\" width=\"1960\" height=\"1449\" \/><figcaption class=\"wp-caption-text\">Ilustraci\u00f3n de Napole\u00f3n y sus obsesiones mentales para la exposici\u00f3n Napole\u00f3n estratega, en el Museo del Ej\u00e9rcito de Par\u00eds. ILUSTRACI\u00d3N DE VIOLAINE &amp; J\u00c9R\u00c9MY<\/figcaption><\/figure>\n<p>AUTOR: BORJA HERMOSO.<\/p>\n<p>FUENTE: <a href=\"https:\/\/elpais.com\/elpais\/2018\/05\/11\/eps\/1526043010_145033.html?por=mosaico\"><em>El Pa\u00eds<\/em><\/a>, 23\/05\/2018<\/p>\n<p style=\"text-align:justify\">Dos siglos despu\u00e9s, debajo de su\u00a0<a href=\"https:\/\/www.google.es\/search?q=bicornio+napoleon&amp;rlz=1C1GGRV_enES785ES785&amp;tbm=isch&amp;source=iu&amp;ictx=1&amp;fir=th3gpP0Pm6MxFM%253A%252CvlprePvvSHVnuM%252C_&amp;usg=__JCbmMsbZfBYd3gINnxaEBDwfMfE%3D&amp;sa=X&amp;ved=0ahUKEwiD0e3A0_3aAhVFbxQKHSrKCLgQ9QEIOjAC#imgrc=th3gpP0Pm6MxFM:\">bicornio<\/a>\u00a0inmortal,\u00a0<strong><a href=\"https:\/\/elpais.com\/diario\/2004\/11\/28\/eps\/1101626812_850215.html\">Napole\u00f3n Bonaparte<\/a><\/strong>sigue cabalgando a lomos de\u00a0<a href=\"https:\/\/www.google.es\/search?q=marengo+napole%C3%B3n&amp;rlz=1C1GGRV_enES785ES785&amp;source=lnms&amp;tbm=isch&amp;sa=X&amp;ved=0ahUKEwib9fGF1P3aAhWBvRQKHWQ2BQYQ_AUICigB&amp;biw=1527&amp;bih=858#imgrc=YEeIqiZPXWOSwM:\">Marengo<\/a>\u00a0y ganando batallas: ni\u00a0<a href=\"http:\/\/www.batallasdeguerra.com\/2011\/11\/batalla-de-austerlitz.html\">Austerlitz<\/a>\u00a0ni Wagram, ni Friedland ni las Pir\u00e1mides de Egipto, sino victorias p\u00f3stumas. Las que otorga el veredicto del tiempo. Aquellas m\u00e1s relacionadas con la trascendencia hist\u00f3rica y el juicio de los hombres que con la sangre, el honor y la conquista. Hasta aqu\u00ed, todo perfecto y bien enmarcado. Claro que, como la Historia es as\u00ed de caprichosa y no nos llega en forma de hechos comprobados sino como sucesivas interpretaciones y reinterpretaciones seg\u00fan los autores y las fuentes, podr\u00eda decirse que dos siglos despu\u00e9s, bajo su casaca de general de divisi\u00f3n, Napole\u00f3n sigue huyendo del enemigo y perdiendo batallas: ni Leipzig ni\u00a0<a href=\"https:\/\/elpais.com\/cultura\/2015\/06\/17\/actualidad\/1434550455_742269.html\">Waterloo<\/a>, sino derrotas p\u00f3stumas. Las que otorga el veredicto del tiempo. Las que hablan m\u00e1s que de una gloria nacional de un bragado sanguinario que mand\u00f3 a la tumba a millones de personas. Las que prefieren la versi\u00f3n de un\u00a0<em>f\u00fchrer avant la lettre<\/em>\u00a0a la de un h\u00e9roe al servicio de Francia.<\/p>\n<section id=\"sumario_11|html\" class=\"sumario_html izquierda\"><a name=\"sumario_11\"><\/a><\/p>\n<div class=\"sumario__interior\">\n<div class=\"sumario-texto\">\n<p class=\"texto_grande\">Napole\u00f3n aport\u00f3 a las campa\u00f1as militares nuevas formas de hacer la guerra, como el uso de redes de espionaje y el estudio geogr\u00e1fico\u00a0y pol\u00edtico de las zonas de batalla<\/p>\n<\/div>\n<\/div>\n<\/section>\n<p>&nbsp;<\/p>\n<p style=\"text-align:justify\">Las dos versiones valen, probablemente porque el Primer C\u00f3nsul y Emperador de los Franceses fue ambas cosas: h\u00e9roe y sanguinario a partes iguales. Un cruce de caminos entre el hombre bien pertrechado de c\u00f3digos de honor y el invasor insaciable de Europa. Las dos valen porque son, sencillamente, las que conviven 197 a\u00f1os despu\u00e9s de su muerte en el destierro de\u00a0<a href=\"http:\/\/www.nationalgeographic.com.es\/historia\/actualidad\/napoleon-destierro-y-muerte-en-santa-elena_7243\">Santa Elena.<\/a>\u00a0Conviven entre sus eternos compatriotas, los franceses, y conviven entre sus eternos estudiosos, los historiadores de medio mundo. Pero una cosa est\u00e1 clara: Napole\u00f3n I ha vuelto y \u2013perd\u00f3nese la expresi\u00f3n- est\u00e1 de moda. Aunque justo es decir que nunca se fue.<\/p>\n<section id=\"sumario_1|foto\" class=\"sumario_foto izquierda\"><a name=\"sumario_1\"><\/a><\/p>\n<div class=\"sumario__interior\">\n<figure class=\"foto foto_w360\"><img loading=\"lazy\" decoding=\"async\" src=\"https:\/\/ep01.epimg.net\/elpais\/imagenes\/2018\/05\/11\/eps\/1526043010_145033_1526297615_sumario_normal.jpg\" alt=\"El joven general, durante la batalla de Arcole, pintura de Antoine-Jean Gros (1796).\" width=\"360\" height=\"504\" \/><figcaption class=\"foto-pie\"><span class=\"foto-texto\">El joven general, durante la batalla de Arcole, pintura de Antoine-Jean Gros (1796).<\/span>\u00a0<span class=\"foto-firma\"><span class=\"foto-autor\">G\u00c9RARD BLOT (RMN-GRAND PALAIS-VERSALLES)<\/span><\/span><\/figcaption><\/figure>\n<div class=\"sumario-texto\"><\/div>\n<\/div>\n<\/section>\n<p style=\"text-align:justify\">Todo resulta extraordinario y ambiguo en la figura de Bonaparte, que sigue, pues, ganando y perdiendo batallas. Entre sus activos: su astucia como estratega en el campo de batalla y su capacidad para salir victorioso en inferioridad num\u00e9rica y en situaciones cr\u00edticas, sus incomparables dotes para ganarse el fervor de mariscales y soldados rasos a pesar de una escasa o nula empat\u00eda, su habilidad para traducir los triunfos militares en triunfos pol\u00edticos, su mano de hierro a la hora de condenar al oprobio y la deshonra a sus colaboradores ca\u00eddos en desgracia\u2026 y sobre todo su indisimulada ansia de poder hasta el punto de dar golpes de estado (<a href=\"https:\/\/es.wikipedia.org\/wiki\/Golpe_de_Estado_del_18_de_brumario\">18 Brumario)<\/a>, urdir bodas de inter\u00e9s (la suya con la\u00a0<a href=\"http:\/\/www.mujeresenlahistoria.com\/2015\/06\/la-segunda-emperatriz-francesa-maria.html\">emperatriz Mar\u00eda Luisa,<\/a>\u00a0sobrina de Mar\u00eda Antonieta e hija del Emperador de Austria, tras divorciarse de\u00a0<a href=\"http:\/\/www.revistavanityfair.es\/celebrities\/articulos\/los-amores-de-josefina\/19084\">Josefina Beauharnais<\/a>) o autocoronarse Emperador en la mism\u00edsima Notre-Dame y en presencia del Papa. Entre los pasivos: no conocer sus l\u00edmites, no saber perder ni retirarse a tiempo con honor, no observar ni piedad ni respeto por el adversario y, muy probablemente, un egotismo tan exacerbado que lleg\u00f3 a creerse el aut\u00e9ntico Dios inmortal de los franceses, en la estirpe que va desde Hugo Capeto a Luis XIV y desde De Gaulle a\u00a0<a href=\"https:\/\/elpais.com\/elpais\/2018\/05\/07\/album\/1525690985_323826.html\">Emmanuel Macron<\/a>. Y aqu\u00ed se llega al meollo del asunto.<\/p>\n<p style=\"text-align:justify\">Napole\u00f3n Bonaparte est\u00e1 de moda, s\u00ed, aunque la expresi\u00f3n pueda indignar a historiadores y profesores. Regresa el Emperador. Lo hace en forma de exposiciones, ensayos, gigantescos vol\u00famenes de cartas, libros de ficci\u00f3n con base hist\u00f3rica e incluso l\u00edneas de interpretaci\u00f3n que emparentan al viejo militar, guerrero y estadista corso con el actual inquilino del Palacio del El\u00edseo. \u00bfGuardan Napole\u00f3n Bonaparte y Emmanuel Macron las similitudes de las que tanto se ha hablado y escrito en Francia? \u00bfSon meras aproximaciones de trazo grueso y vocaci\u00f3n oportunista? Pues depende del cristal con que se mire.<\/p>\n<section id=\"sumario_10|html\" class=\"sumario_html izquierda\"><a name=\"sumario_10\"><\/a><\/p>\n<div class=\"sumario__interior\">\n<div class=\"sumario-texto\">\n<p class=\"texto_grande\">\u201cFue un general al servicio de la Revoluci\u00f3n, pero en el fondo sent\u00eda un gusto secreto por la realeza y sus s\u00edmbolos\u201d (Fr\u00e9d\u00e9ric Lacaille, comisario de exposici\u00f3n)<\/p>\n<p>&nbsp;<\/p>\n<\/div>\n<\/div>\n<\/section>\n<p style=\"text-align:justify\">En su reciente y controvertido libro\u00a0<em>Macron Bonaparte<\/em>, el ensayista y analista pol\u00edtico Jean-Dominique Merchet dej\u00f3 bien clara su personal tetralog\u00eda de puntos concomitantes entre ambos personajes. Merchet los ha explicado as\u00ed: \u201cEl esp\u00edritu de conquista, t\u00e9rmino que utilizaba Bonaparte y que el propio Macron utiliz\u00f3 en su campa\u00f1a electoral y que un De Gaulle, por ejemplo, nunca hubiera empleado; la irrupci\u00f3n de dos personajes, Napole\u00f3n y Macron que triunfan frente a pol\u00edticos incapaces de gestionar el pa\u00eds y que tienen presiones de la extrema izquierda y de la extrema derecha: los jacobinos y los realistas en el caso de Napole\u00f3n, y la izquierda de M\u00e9lenchon en el caso de Macron; una mezcla de autoritarismo, capacidad de seducci\u00f3n y falta de empat\u00eda en ambos personajes; y el hecho de tomarse los dos la pol\u00edtica como una aventura personal y casi novelesca, debido a sus personalidades eg\u00f3latras\u201d.<\/p>\n<section id=\"sumario_2|foto\" class=\"sumario_foto centro\"><a name=\"sumario_2\"><\/a><\/p>\n<div class=\"sumario__interior\">\n<figure class=\"foto foto_w980\"><img loading=\"lazy\" decoding=\"async\" src=\"https:\/\/ep01.epimg.net\/elpais\/imagenes\/2018\/05\/11\/eps\/1526043010_145033_1526297694_sumario_normal.jpg\" alt=\"Napole\u00f3n I descansando en el campo de batalla de Wagram, el 6 de julio de 1809. Pintura al \u00f3leo de Adolphe Roehn.\" width=\"980\" height=\"809\" \/><figcaption class=\"foto-pie\"><span class=\"foto-texto\">Napole\u00f3n I descansando en el campo de batalla de Wagram, el 6 de julio de 1809. Pintura al \u00f3leo de Adolphe Roehn.<\/span>\u00a0<span class=\"foto-firma\"><span class=\"foto-autor\">RMN-PALACIO DE VERSALLES<\/span><\/span><\/figcaption><\/figure>\n<div class=\"sumario-texto\"><\/div>\n<\/div>\n<\/section>\n<p style=\"text-align:justify\">Una interpretaci\u00f3n que se dio de bruces con otra opuesta, tambi\u00e9n en forma de libro, en lo que supuso el germen de uno de sus debates editorial-intelectuales genuinamente franceses. En este caso fue el tambi\u00e9n ensayista Olivier Gracia quien, en\u00a0<em>La Historia siempre se repite dos veces,<\/em>\u00a0sosten\u00eda que el actual presidente de la Rep\u00fablica no se parec\u00eda en realidad a Napole\u00f3n, sino a\u00a0<a href=\"https:\/\/redhistoria.com\/luis-felipe-i-el-ultimo-rey-de-francia\/\">Luis Felipe de Orl\u00e9ans<\/a>, el \u00faltimo rey de Francia. \u00bfSu argumentaci\u00f3n?: \u201cMacron ha despolitizado la burgues\u00eda; da igual que sea de derechas o de izquierdas, lo \u00fanico importante es que la econom\u00eda funcione\u2026 y eso es exactamente lo que hizo Luis Felipe, un rey que reconcili\u00f3 los dos bloques. Ni Macron ni Luis Felipe son ni bonapartistas, ni legitimistas, ni republicanos\u2026 son ellos mismos\u201d.<\/p>\n<p style=\"text-align:justify\">Cabe preguntarse si, en la Francia de Macron, es un estricto fruto del azar el hecho de que est\u00e9n abiertas al p\u00fablico dos gigantescas exposiciones a la mayor gloria de Bonaparte. \u201cNo es m\u00e1s que una casualidad, no hay que buscarle m\u00e1s explicaciones\u201d, zanja con un ligero rictus de iron\u00eda Fr\u00e9deric Lacaille. \u00c9l es conservador jefe del patrimonio en los Museos Nacionales de Versalles y Trianon, adem\u00e1s de uno de los comisarios de la muestra\u00a0<a href=\"https:\/\/www.arras.fr\/fr\/exposition-napoleon-images-de-la-legende\"><em>Napole\u00f3n. Im\u00e1genes de la leyenda,<\/em><\/a>\u00a0que abri\u00f3 sus puertas el pasado 7 de octubre en el Museo de Bellas Artes de Arras (norte de Francia), donde permanecer\u00e1 hasta el mes de noviembre.<\/p>\n<section id=\"sumario_9|html\" class=\"sumario_html izquierda\"><a name=\"sumario_9\"><\/a><\/p>\n<div class=\"sumario__interior\">\n<div class=\"sumario-texto\">\n<p class=\"texto_grande\">En el libro \u2018Macron Bonaparte\u2019, el analista pol\u00edtico Jean-Dominique Merchet subraya las similitudes entre el actual presidente franc\u00e9s y el c\u00f3nsul y emperador<\/p>\n<p>&nbsp;<\/p>\n<\/div>\n<\/div>\n<\/section>\n<p style=\"text-align:justify\">Se trata de un verdadero desembarco de los tesoros art\u00edsticos que en torno a la figura del general, c\u00f3nsul y emperador albergan las galer\u00edas hist\u00f3ricas creadas en el palacio de Versalles por el rey Luis Felipe de Orleans en 1837. \u201cVersalles sigue siendo un gran museo napoleoniano que guarda la mayor parte de las pinturas, esculturas y objetos decorativos encargados por Bonaparte entre 1799 y 1815 con el fin de\u00a0<em>comunicar<\/em>\u00a0su poder. Pero estas colecciones son mal conocidas, porque la mayor parte de la gente que va a Versalles quiere a Luis XIV y a Mar\u00eda Antonieta, y ni siquiera saben que todas estas obras est\u00e1n all\u00ed\u201d, explica Lacaille en el vest\u00edbulo de la antigua abad\u00eda de Saint-Vaast, hoy sede del museo.<\/p>\n<section id=\"sumario_3|foto\" class=\"sumario_foto centro\"><a name=\"sumario_3\"><\/a><\/p>\n<div class=\"sumario__interior\">\n<figure class=\"foto foto_w980\"><img loading=\"lazy\" decoding=\"async\" src=\"https:\/\/ep01.epimg.net\/elpais\/imagenes\/2018\/05\/11\/eps\/1526043010_145033_1526297749_sumario_normal.jpg\" alt=\"Esta pintura al \u00f3leo de Eug\u00e8ne Isabey muestra el regreso de las cenizas de Napole\u00f3n Bonaparte de la isla de Santa Elena a Francia. 1840.\" width=\"980\" height=\"653\" \/><figcaption class=\"foto-pie\"><span class=\"foto-texto\">Esta pintura al \u00f3leo de Eug\u00e8ne Isabey muestra el regreso de las cenizas de Napole\u00f3n Bonaparte de la isla de Santa Elena a Francia. 1840.<\/span>\u00a0<span class=\"foto-firma\"><span class=\"foto-autor\">RMN-PALACIO DE VERSALLES<\/span><\/span><\/figcaption><\/figure>\n<div class=\"sumario-texto\"><\/div>\n<\/div>\n<\/section>\n<p style=\"text-align:justify\">El conjunto es apabullante. La exposici\u00f3n recorre con lujo de detalle la vida del personaje desde su nacimiento en Ajaccio (C\u00f3rcega) en 1769 hasta su muerte en la isla brit\u00e1nica de Santa Elena en 1821. Es la biograf\u00eda art\u00edstico-hist\u00f3rica de un hombre que se gradu\u00f3 con 15 a\u00f1os en la Real Escuela Militar de Par\u00eds, que con 26 ya era general de brigada, que conquist\u00f3 media Europa y que acab\u00f3 alcanzando las mayores cotas de poder imaginables, como C\u00f3nsul, primero, y como Emperador, despu\u00e9s. Revoluci\u00f3n francesa, Directorio, Consulado, Imperio y Monarqu\u00eda: Napole\u00f3n Bonaparte lo vivi\u00f3 todo y lo vivi\u00f3 sin desmayo. Francia nunca le respondi\u00f3 con un veredicto un\u00e1nime: demonio para unos, h\u00e9roe para otros.<\/p>\n<section id=\"sumario_5|foto\" class=\"sumario_foto izquierda\"><a name=\"sumario_5\"><\/a><\/p>\n<div class=\"sumario__interior\">\n<figure class=\"foto foto_w360\"><img loading=\"lazy\" decoding=\"async\" src=\"https:\/\/ep01.epimg.net\/elpais\/imagenes\/2018\/05\/11\/eps\/1526043010_145033_1526297899_sumario_normal.jpg\" alt=\"Pistola hallada en la maleta de Napole\u00f3n en Waterloo.\" width=\"360\" height=\"245\" \/><figcaption class=\"foto-pie\"><span class=\"foto-texto\">Pistola hallada en la maleta de Napole\u00f3n en Waterloo.<\/span><span class=\"foto-firma\"><span class=\"foto-autor\">RMN-PALACIO DE VERSALLES-MUS\u00c9E DE L\u2019ARM\u00c9E<\/span><\/span><\/figcaption><\/figure>\n<div class=\"sumario-texto\"><\/div>\n<\/div>\n<\/section>\n<section id=\"sumario_6|foto\" class=\"sumario_foto izquierda\"><a name=\"sumario_6\"><\/a><\/p>\n<div class=\"sumario__interior\">\n<figure class=\"foto foto_w360\"><img loading=\"lazy\" decoding=\"async\" src=\"https:\/\/ep01.epimg.net\/elpais\/imagenes\/2018\/05\/11\/eps\/1526043010_145033_1526297977_sumario_normal.jpg\" alt=\"El bicornio de Napole\u00f3n en la campa\u00f1a de Rusia.\" width=\"360\" height=\"186\" \/><figcaption class=\"foto-pie\"><span class=\"foto-texto\">El bicornio de Napole\u00f3n en la campa\u00f1a de Rusia.<\/span><span class=\"foto-firma\"><span class=\"foto-autor\">MUSEO DEL EJ\u00c9RCITO-RMN-GRAND PALAIS<\/span><\/span><\/figcaption><\/figure>\n<div class=\"sumario-texto\"><\/div>\n<\/div>\n<\/section>\n<p style=\"text-align:justify\">\u201cFue un joven general al servicio de la Revoluci\u00f3n pero si usted contempla algunas de estas pinturas comprobar\u00e1 que, en el fondo, sent\u00eda un secreto gusto por la realeza y sus s\u00edmbolos\u201d, argumenta el comisario de la exposici\u00f3n. Las emperatrices Josefina y Mar\u00eda Luisa, los mariscales de Napole\u00f3n \u2013Murat, Duroc, Lannes, Lefebvre, Ney\u2026-, los pol\u00edticos y ministros a su servicio como Tayllerand, Denon o Carnot, los miembros de su familia \u2013sus padres, sus hermanos Jos\u00e9 Bonaparte o Caroline Bonaparte\u2026-, y algunos personajes de la \u00e9poca con quienes mantuvo relaciones tormentosas, como Chateaubriand, Madame de Sta\u00ebl o el siniestro ministro de Polic\u00eda Joseph Fouch\u00e9, desfilan por las salas de la exposici\u00f3n con la firma de los principales artistas al servicio de Napole\u00f3n: David, G\u00e9rard, Gros, Lef\u00e8vre y Lejeune, entre otros. Pero son ante todo las grandes pinturas de batallas las que vertebran el conjunto. Las campa\u00f1as de Italia y Egipto, las sucesivas y triunfales contiendas contra Gran Breta\u00f1a, Rusia, Prusia y Austria\u2026 y tambi\u00e9n las sonoras derrotas en Espa\u00f1a y Rusia delimitan en luces y sombras la asombrosa trayectoria del militar y el hombre de Estado. Algunas de las obras m\u00e1s c\u00e9lebres sobre Napole\u00f3n est\u00e1n aqu\u00ed, como una de las cinco versiones ejecutadas por Jacques-Louis David de Bonaparte cruzando los Alpes a lomos de su caballo blanco (aunque en realidad los cruz\u00f3 montado en una mula, pero \u00e9l encarg\u00f3 el cuadro para asimilarse a An\u00edbal y a Alejandro Magno, cosas del ansia de posteridad).<\/p>\n<p style=\"text-align:justify\">La otra cita es en el Museo del Ej\u00e9rcito, situado en el edificio de Los Inv\u00e1lidos de Par\u00eds. A tiro de piedra de la colosal tumba de m\u00e1rmol donde reposan desde 1861 los restos del Emperador -siempre rodeada de turistas y donde el presidente Macron llev\u00f3 del brazo a Donald Trump durante la visita del presidente de EEUU a Par\u00eds en julio del a\u00f1o pasado-, se despliegan las siete salas de la exposici\u00f3n\u00a0<a href=\"http:\/\/www.musee-armee.fr\/programmation\/expositions\/detail\/napoleon-stratege.html\"><em>Napole\u00f3n estratega.<\/em><\/a><\/p>\n<section id=\"sumario_4|foto\" class=\"sumario_foto izquierda\"><a name=\"sumario_4\"><\/a><\/p>\n<div class=\"sumario__interior\">\n<figure class=\"foto foto_w360\"><img loading=\"lazy\" decoding=\"async\" src=\"https:\/\/ep01.epimg.net\/elpais\/imagenes\/2018\/05\/11\/eps\/1526043010_145033_1526297830_sumario_normal.jpg\" alt=\"Casaca de coronel de caballer\u00eda de la Guardia Imperial.\" width=\"360\" height=\"503\" \/><figcaption class=\"foto-pie\"><span class=\"foto-texto\">Casaca de coronel de caballer\u00eda de la Guardia Imperial.<\/span>\u00a0<span class=\"foto-firma\"><span class=\"foto-autor\">RMN-PALACIO DE VERSALLES-MUS\u00c9E DE L\u2019ARM\u00c9E<\/span><\/span><\/figcaption><\/figure>\n<div class=\"sumario-texto\"><\/div>\n<\/div>\n<\/section>\n<p style=\"text-align:justify\">La muestra, con un sinf\u00edn de obras de arte, casacas, gorros militares, armas (como la espada del Emperador durante la batalla de Austerlitz), mapas, maquetas e instalaciones interactivas,se centra en las haza\u00f1as militares del general corso y del arte de la guerra que corr\u00eda por sus muy belicosas venas. Inaugurada el pasado 6 de abril (hasta el 22 de julio), pretende dar cuenta de la preparaci\u00f3n de las campa\u00f1as militares, a las que Napole\u00f3n aport\u00f3 a partes iguales sus profundos conocimientos de la instrucci\u00f3n militar cl\u00e1sica y nuevas formas de hacer la guerra, que incluyen la puestas en marcha de redes de espionaje, el estudio geogr\u00e1fico y pol\u00edtico previo y profundo de las zonas de batalla y, ante todo, un principio innegociable: llegar al escenario del combate antes que el enemigo.<\/p>\n<section id=\"sumario_8|foto\" class=\"sumario_foto izquierda\"><a name=\"sumario_8\"><\/a><\/p>\n<div class=\"sumario__interior\">\n<figure class=\"foto foto_w360\"><img loading=\"lazy\" decoding=\"async\" src=\"https:\/\/ep01.epimg.net\/elpais\/imagenes\/2018\/05\/11\/eps\/1526043010_145033_1526298092_sumario_normal.jpg\" alt=\"Telescopio del general en la batalla de las Pir\u00e1mides.\" width=\"360\" height=\"71\" \/><figcaption class=\"foto-pie\"><span class=\"foto-texto\">Telescopio del general en la batalla de las Pir\u00e1mides.<\/span><span class=\"foto-firma\"><span class=\"foto-autor\">MUSEO DEL EJ\u00c9RCITO-RMN-GRAND PALAIS<\/span><\/span><\/figcaption><\/figure>\n<div class=\"sumario-texto\"><\/div>\n<\/div>\n<\/section>\n<p style=\"text-align:justify\">B\u00e1sicamente Napol\u00e9on avanzaba r\u00e1pido y en l\u00ednea recta, y le daban igual las distancias y los accidentes geogr\u00e1ficos o meteorol\u00f3gicos. En 1805 contaba con un imponente ej\u00e9rcito de 150.000 soldados. Siete a\u00f1os y muchas victorias despu\u00e9s, eran m\u00e1s de medio mill\u00f3n. Fue el \u00fanico jefe militar que tom\u00f3 sucesivamente Berl\u00edn (1806), Viena (1805 y 1809) y Mosc\u00fa (1812). \u201cPero en su pa\u00eds, en Espa\u00f1a, Napole\u00f3n se encontr\u00f3 con una forma de guerra que no conoc\u00eda y para la que sus ej\u00e9rcitos demostraron no estar preparados: la guerra de guerrillas\u2026 y esa, junto con Rusia, fue su tumba\u201d, explica la historiadora y conservadora \u00c9milie Robbe, comisaria de esta asombrosa exposici\u00f3n.<\/p>\n<section id=\"sumario_7|foto\" class=\"sumario_foto izquierda\"><a name=\"sumario_7\"><\/a><\/p>\n<div class=\"sumario__interior\">\n<figure class=\"foto foto_w360\"><img loading=\"lazy\" decoding=\"async\" src=\"https:\/\/ep01.epimg.net\/elpais\/imagenes\/2018\/05\/11\/eps\/1526043010_145033_1526298049_sumario_normal.jpg\" alt=\"La espada de Napole\u00f3n en la batalla de Austerlitz.\" width=\"360\" height=\"1754\" \/><figcaption class=\"foto-pie\"><span class=\"foto-texto\">La espada de Napole\u00f3n en la batalla de Austerlitz.<\/span><span class=\"foto-firma\"><span class=\"foto-autor\">RMN-PALACIO DE VERSALLES-MUS\u00c9E DE L\u2019ARM\u00c9E<\/span><\/span><\/figcaption><\/figure>\n<div class=\"sumario-texto\"><\/div>\n<\/div>\n<\/section>\n<p style=\"text-align:justify\">Fue el Gran Corso un joven general imbuido de los\u00a0<a href=\"https:\/\/elpais.com\/diario\/1988\/11\/24\/cultura\/596329203_850215.html\">principios de la Revoluci\u00f3n<\/a>\u00a0que guerre\u00f3 por toda Europa en defensa de la\u00a0<em>grandeur<\/em>\u00a0francesa. Tambi\u00e9n, sin duda alguna, un \u00e9mulo discreto del\u00a0<a href=\"http:\/\/en.chateauversailles.fr\/discover\/history\/louis-xiv\">Rey Sol<\/a>, un apasionado del boato y la alcurnia de los salones de la realeza y las intrigas de corte. Quiz\u00e1, al cabo, un monumental \u00eddolo con pies de barro, un pobre diablo atrapado en su incapacidad de poner l\u00edmite a la codicia pol\u00edtica y militar. Desde luego, un personaje real que supera toda ficci\u00f3n, como lo demuestra la excelente novelita\u00a0<a href=\"http:\/\/www.acantilado.es\/catalogo\/la-muerte-de-napoleon\/\"><em>La muerte de Napole\u00f3n<\/em>, de Simon Leys<\/a>, editada recientemente en espa\u00f1ol por Acantilado.<\/p>\n<p style=\"text-align:justify\">La culminaci\u00f3n, por parte de la\u00a0<a href=\"https:\/\/fondationnapoleon.org\/\">Fundaci\u00f3n Napole\u00f3n<\/a>\u00a0y la editorial francesa Fayard, de la correspondencia completa de Bonaparte -15 a\u00f1os de trabajo, 15 vol\u00famenes para un total de 40.000 cartas escritas o dictadas- acaba de cerrar el c\u00edrculo de la semblanza definitiva de uno de los personajes m\u00e1s importantes de la Historia mundial. Muchas de ellas permanec\u00edan in\u00e9ditas hasta ahora. Por ejemplo, una fechada el 5 de mayo de 1821 en Longwood (isla de Santa Helena, Atl\u00e1ntico Sur) que dice: \u201cSe\u00f1or Gobernador, el Emperador Napole\u00f3n ha muerto a las seis menos diez de esta tarde como consecuencia de una penosa enfermedad. Tengo el honor de informaros de ello, \u00e9l me autoriz\u00f3 a comunicaros, si as\u00ed lo dese\u00e1is, sus \u00faltimas voluntades\u201d.<\/p>\n<p>La carta la firma el Conde de Montholon.<\/p>\n<p style=\"text-align:justify\">En realidad la hab\u00eda dejado escrita Napole\u00f3n Bonaparte, Emperador de los Franceses.<\/p>\n","protected":false},"excerpt":{"rendered":"<p>AUTOR: BORJA HERMOSO. FUENTE: El Pa\u00eds, 23\/05\/2018 Dos siglos despu\u00e9s, debajo de su\u00a0bicornio\u00a0inmortal,\u00a0Napole\u00f3n Bonapartesigue cabalgando a lomos de\u00a0Marengo\u00a0y ganando batallas: ni\u00a0Austerlitz\u00a0ni Wagram, ni Friedland ni las Pir\u00e1mides de Egipto, sino victorias p\u00f3stumas. Las que otorga el veredicto del tiempo. Aquellas m\u00e1s relacionadas con la trascendencia hist\u00f3rica y el juicio de los hombres que con la &hellip; <a href=\"https:\/\/blogsaverroes.juntadeandalucia.es\/aldeacordoba\/?p=405\" class=\"more-link\">Continuar leyendo<span class=\"screen-reader-text\"> \u00abNapole\u00f3n ha vuelto&#8230; y est\u00e1 de moda.\u00bb<\/span><\/a><\/p>\n","protected":false},"author":168,"featured_media":0,"comment_status":"open","ping_status":"open","sticky":false,"template":"","format":"standard","meta":{"ngg_post_thumbnail":0,"footnotes":""},"categories":[224380,3],"tags":[224607,224787,224898],"aioseo_notices":[],"_links":{"self":[{"href":"https:\/\/blogsaverroes.juntadeandalucia.es\/aldeacordoba\/index.php?rest_route=\/wp\/v2\/posts\/405"}],"collection":[{"href":"https:\/\/blogsaverroes.juntadeandalucia.es\/aldeacordoba\/index.php?rest_route=\/wp\/v2\/posts"}],"about":[{"href":"https:\/\/blogsaverroes.juntadeandalucia.es\/aldeacordoba\/index.php?rest_route=\/wp\/v2\/types\/post"}],"author":[{"embeddable":true,"href":"https:\/\/blogsaverroes.juntadeandalucia.es\/aldeacordoba\/index.php?rest_route=\/wp\/v2\/users\/168"}],"replies":[{"embeddable":true,"href":"https:\/\/blogsaverroes.juntadeandalucia.es\/aldeacordoba\/index.php?rest_route=%2Fwp%2Fv2%2Fcomments&post=405"}],"version-history":[{"count":0,"href":"https:\/\/blogsaverroes.juntadeandalucia.es\/aldeacordoba\/index.php?rest_route=\/wp\/v2\/posts\/405\/revisions"}],"wp:attachment":[{"href":"https:\/\/blogsaverroes.juntadeandalucia.es\/aldeacordoba\/index.php?rest_route=%2Fwp%2Fv2%2Fmedia&parent=405"}],"wp:term":[{"taxonomy":"category","embeddable":true,"href":"https:\/\/blogsaverroes.juntadeandalucia.es\/aldeacordoba\/index.php?rest_route=%2Fwp%2Fv2%2Fcategories&post=405"},{"taxonomy":"post_tag","embeddable":true,"href":"https:\/\/blogsaverroes.juntadeandalucia.es\/aldeacordoba\/index.php?rest_route=%2Fwp%2Fv2%2Ftags&post=405"}],"curies":[{"name":"wp","href":"https:\/\/api.w.org\/{rel}","templated":true}]}}