{"id":435,"date":"2018-06-27T07:57:10","date_gmt":"2018-06-27T06:57:10","guid":{"rendered":"https:\/\/jmoragahc.wordpress.com\/?p=435"},"modified":"2018-06-27T07:57:10","modified_gmt":"2018-06-27T06:57:10","slug":"el-imperio-austriaco-en-1855","status":"publish","type":"post","link":"https:\/\/blogsaverroes.juntadeandalucia.es\/aldeacordoba\/?p=435","title":{"rendered":"El Imperio austr\u00edaco en 1855."},"content":{"rendered":"<p><img loading=\"lazy\" decoding=\"async\" class=\"alignnone size-large\" src=\"https:\/\/elordenmundial.com\/wp-content\/uploads\/2018\/05\/Europa-Historia-Imperio-Austriaco-PoblCI%C3%93N-Etnias-1855-Mapa-01-1310x926.jpg\" width=\"1310\" height=\"926\" \/><\/p>\n<p>&nbsp;<\/p>\n<p>Fuente: <a href=\"https:\/\/elordenmundial.com\/mapas\/imperio-austriaco-1855\/\">elordenmundial,com<\/a><\/p>\n<p style=\"text-align:justify\">El Imperio austr\u00edaco, luego reconvertido a Imperio austroh\u00fangaro, fue uno de los entes pol\u00edticos m\u00e1s heterog\u00e9neos en la Europa contempor\u00e1nea. Tal era su multiplicidad \u00e9tnica que apenas pudo resistir los embates del nacionalismo durante los siglos XIX y XX, acabando troceado tras la Primera Guerra Mundial en los pa\u00edses que podemos ver hoy en d\u00eda.<\/p>\n","protected":false},"excerpt":{"rendered":"<p>&nbsp; Fuente: elordenmundial,com El Imperio austr\u00edaco, luego reconvertido a Imperio austroh\u00fangaro, fue uno de los entes pol\u00edticos m\u00e1s heterog\u00e9neos en la Europa contempor\u00e1nea. Tal era su multiplicidad \u00e9tnica que apenas pudo resistir los embates del nacionalismo durante los siglos XIX y XX, acabando troceado tras la Primera Guerra Mundial en los pa\u00edses que podemos ver &hellip; <a href=\"https:\/\/blogsaverroes.juntadeandalucia.es\/aldeacordoba\/?p=435\" class=\"more-link\">Continuar leyendo<span class=\"screen-reader-text\"> \u00abEl Imperio austr\u00edaco en 1855.\u00bb<\/span><\/a><\/p>\n","protected":false},"author":168,"featured_media":0,"comment_status":"open","ping_status":"open","sticky":false,"template":"","format":"standard","meta":{"ngg_post_thumbnail":0,"footnotes":""},"categories":[224383],"tags":[224475,224690],"aioseo_notices":[],"_links":{"self":[{"href":"https:\/\/blogsaverroes.juntadeandalucia.es\/aldeacordoba\/index.php?rest_route=\/wp\/v2\/posts\/435"}],"collection":[{"href":"https:\/\/blogsaverroes.juntadeandalucia.es\/aldeacordoba\/index.php?rest_route=\/wp\/v2\/posts"}],"about":[{"href":"https:\/\/blogsaverroes.juntadeandalucia.es\/aldeacordoba\/index.php?rest_route=\/wp\/v2\/types\/post"}],"author":[{"embeddable":true,"href":"https:\/\/blogsaverroes.juntadeandalucia.es\/aldeacordoba\/index.php?rest_route=\/wp\/v2\/users\/168"}],"replies":[{"embeddable":true,"href":"https:\/\/blogsaverroes.juntadeandalucia.es\/aldeacordoba\/index.php?rest_route=%2Fwp%2Fv2%2Fcomments&post=435"}],"version-history":[{"count":0,"href":"https:\/\/blogsaverroes.juntadeandalucia.es\/aldeacordoba\/index.php?rest_route=\/wp\/v2\/posts\/435\/revisions"}],"wp:attachment":[{"href":"https:\/\/blogsaverroes.juntadeandalucia.es\/aldeacordoba\/index.php?rest_route=%2Fwp%2Fv2%2Fmedia&parent=435"}],"wp:term":[{"taxonomy":"category","embeddable":true,"href":"https:\/\/blogsaverroes.juntadeandalucia.es\/aldeacordoba\/index.php?rest_route=%2Fwp%2Fv2%2Fcategories&post=435"},{"taxonomy":"post_tag","embeddable":true,"href":"https:\/\/blogsaverroes.juntadeandalucia.es\/aldeacordoba\/index.php?rest_route=%2Fwp%2Fv2%2Ftags&post=435"}],"curies":[{"name":"wp","href":"https:\/\/api.w.org\/{rel}","templated":true}]}}