{"id":444,"date":"2018-07-13T09:33:39","date_gmt":"2018-07-13T08:33:39","guid":{"rendered":"https:\/\/jmoragahc.wordpress.com\/?p=444"},"modified":"2018-07-13T09:33:39","modified_gmt":"2018-07-13T08:33:39","slug":"los-romanov-ultimos-meses-antes-de-la-ejecucion","status":"publish","type":"post","link":"https:\/\/blogsaverroes.juntadeandalucia.es\/aldeacordoba\/?p=444","title":{"rendered":"Los Romanov, \u00faltimos meses antes de la ejecuci\u00f3n."},"content":{"rendered":"<figure style=\"width: 1200px\" class=\"wp-caption aligncenter\"><img loading=\"lazy\" decoding=\"async\" class=\"size-large\" src=\"https:\/\/estaticos.elperiodico.com\/resources\/jpg\/1\/2\/familia-romanov-1913-izquierda-derecha-olga-maria-nicolas-zarina-alejandra-anastasia-aleksei-tatiana-1530614120521.jpg\" width=\"1200\" height=\"674\" \/><figcaption class=\"wp-caption-text\">La familia Romanov, en 1913 (de izquierda a derecha, Olga, Mar\u00eda, Nicol\u00e1s II, la zarina Alejandra, Anastasia, Aleks\u00e9i y Tatiana. \/ PERIODICO<\/figcaption><\/figure>\n<p><strong>Autora:<\/strong>\u00a0<a class=\"author-link\" href=\"https:\/\/www.elperiodico.com\/es\/autor\/anna-abella\/\">Anna Abella<\/a><\/p>\n<p><strong>Fuente: <\/strong><a href=\"https:\/\/www.elperiodico.com\/es\/ocio-y-cultura\/20180703\/libro-romanov-correspondencia-ultimos-meses-vida-6922102\"><em>El Peri\u00f3dico<\/em><\/a>, 03\/07\/2018<\/p>\n<p style=\"text-align:justify\">En la habitaci\u00f3n de 5&#215;6 metros del s\u00f3tano de la casa Ipatiev de\u00a0<strong>Ekaterimburgo<\/strong>, en la noche del 16 al 17 de julio de 1918, fueron\u00a0<strong>ejecutados a tiros\u00a0<\/strong>por los bolcheviques\u00a0<strong>el zar Nicol\u00e1s II, la zarina Alejandra Fiodorovna, su hijo y heredero, el peque\u00f1o y hemof\u00edlico Aleks\u00e9i, y sus cuatro hijas, Mar\u00eda, Olga, Tatiana y Anastasia<\/strong>. Junto a ellos, murieron tres sirvientes y su m\u00e9dico. El comisario del S\u00f3viet de los Urales Y\u00e1kov Yurovski, al frente de nueve hombres, cumpli\u00f3 la orden de matarlos y de\u00a0<a href=\"https:\/\/www.elperiodico.com\/es\/internacional\/20070825\/los-romanov-al-completo-5471666\" target=\"_blank\" rel=\"noopener noreferrer\">hacer desaparecer sus cuerpos, cubri\u00e9ndolos con \u00e1cido y enterr\u00e1ndolos en secreto a varios kil\u00f3metros<\/a>. Un destino que las v\u00edctimas nunca sospecharon y del que est\u00e1 a punto de cumplirse un siglo. \u201cNi el zar ni la zarina creo que supieran algo de su final tr\u00e1gico. Al rev\u00e9s, con toda su devoci\u00f3n y preocupaci\u00f3n por sus hijos, no quer\u00edan perder la esperanza hasta el \u00faltimo minuto\u201d, opina desde Rusia la traductora\u00a0<strong>Tatiana Shavaliova<\/strong>, bas\u00e1ndose en las\u00a0<strong>cartas y telegramas, diarios y memorias de la familia imperial\u00a0<\/strong>pero tambi\u00e9n del tutor y profesor de franc\u00e9s Pierre Gilliard y otros testigos de aquellos meses.<\/p>\n<p style=\"text-align:justify\">Con una selecci\u00f3n de ese material, armado cronol\u00f3gicamente y traducido del ruso original, Shavaliova ha construido\u00a0<strong>\u2018Romanov. Cr\u00f3nica de un final: 1917-1918\u2019\u00a0<\/strong>(P\u00e1ginas de Espuma),\u00a0<strong>un relato epistolar que desnuda fragmentos de la vida cotidiana y del \u00e1nimo<\/strong>\u00a0<strong>y pensamiento de los \u00faltimos zares en sus \u00faltimos meses de vida<\/strong>, los que pasaron confinados\u00a0desde el inicio de la\u00a0<strong>Revoluci\u00f3n rusa\u00a0<\/strong>en febrero de 1917, cuando el pueblo, golpeado por el hambre y la primera guerra mundial, sali\u00f3 a la calle al grito de \u201cPan, tierra y paz\u201d. Las condiciones de los encierros, primero en Ts\u00e1rskoye Sel\u00f3 (cerca de Petrogrado, luego San Petersburgo) y Tobolsk (Siberia) y, finalmente, en Ekaterimburgo, cada vez fueron peores y m\u00e1s restrictivas.<\/p>\n<div class=\"ep-media\">\n<div class=\"thumb\">\n<figure style=\"width: 660px\" class=\"wp-caption alignnone\"><img loading=\"lazy\" decoding=\"async\" class=\"loading\" src=\"https:\/\/estaticos.elperiodico.com\/resources\/jpg\/8\/1\/1530614181118.jpg\" alt=\"\" width=\"660\" height=\"430\" \/><figcaption class=\"wp-caption-text\">El s\u00f3tano de la casa de Ekaterimburgo, tras la ejecuci\u00f3n.<\/figcaption><\/figure>\n<\/div>\n<div class=\"txt\">\n<p class=\"subtitle\" style=\"text-align:justify\">Numerosas fotos, notas a pie de p\u00e1gina y textos contextualizadores completan un libro, propuesto por el editor de P\u00e1ginas de Espuma,\u00a0<strong>Juan Casamayor<\/strong>, que ha contado con la colaboraci\u00f3n de\u00a0<strong>Ezra Alc\u00e1zar<\/strong>, director de la revista mexicana de literatura \u2018Inundaci\u00f3n Cast\u00e1lida\u2019, donde Shavaliova public\u00f3 un art\u00edculo sobre los Romanov del que surgi\u00f3 la idea.<\/p>\n<\/div>\n<\/div>\n<p style=\"text-align:justify\">Mucho se ha escrito de\u00a0<strong>la leyenda y el mito\u00a0<\/strong>que rode\u00f3 el final de los zares o de la influencia que\u00a0<a href=\"https:\/\/www.elperiodico.com\/es\/opinion\/20161226\/sobre-el-asesinato-de-rasputin-francisco-veiga-5705996\" target=\"_blank\" rel=\"noopener noreferrer\">el\u00a0<strong>oscuro monje Rasput\u00edn<\/strong>\u00a0<\/a>ejerci\u00f3 sobre la zarina. La ausencia de cad\u00e1veres (no fue hasta los a\u00f1os 90 que se revel\u00f3 el hallazgo de los restos) y las noticias contradictorias abonaron rumores como el de la\u00a0<strong>supuesta supervivencia de Anastasia<\/strong>. \u201cPero la historia de la familia y de sus \u00faltimos d\u00edas es poco conocida\u201d, constata Shavaliova. Las misivas muestran a un zar que, con el diminutivo de Nicky, llamaba a su mujer \u201cSolecito lindo\u201d, y a una zarina que se dirig\u00eda a \u00e9l como \u201cmi querido, mi amado, mi tesoro\u201d o \u201cmi \u00e1ngel, luz de mi vida\u201d. A Alc\u00e1zar, lo que m\u00e1s le sorprendi\u00f3 \u201cfue la devoci\u00f3n a la familia\u201d, cuenta desde M\u00e9xico:\u00a0\u201cel descubrir a un Nicol\u00e1s II que\u00a0<strong>era un mal pol\u00edtico pero un gran padre<\/strong>. A Alejandra como una mujer sumamente pasional, en la pol\u00edtica y en la vida personal. Descubrir una monarqu\u00eda muy sencilla, las chicas hab\u00edan sido voluntarias y durante el encierro cortaban le\u00f1a y hac\u00edan otros trabajos\u201d, a\u00f1ade el periodista.<\/p>\n<div class=\"ep-media\">\n<div class=\"thumb\">\n<figure style=\"width: 660px\" class=\"wp-caption alignnone\"><img loading=\"lazy\" decoding=\"async\" class=\"loading\" src=\"https:\/\/estaticos.elperiodico.com\/resources\/jpg\/1\/2\/1530614181121.jpg\" alt=\"\" width=\"660\" height=\"430\" \/><figcaption class=\"wp-caption-text\">Anastasia y Tatiana, trabajando durante uno de los encierros.<\/figcaption><\/figure>\n<\/div>\n<div class=\"txt\">\n<p class=\"subtitle\" style=\"text-align:justify\">De hecho,\u00a0<strong>el zar tambi\u00e9n serraba \u00e1rboles junto a sus hijos<\/strong>\u00a0y cuidaba la huerta. Aunque viven con incertidumbre, desasosiego y angustia por la falta de noticias del exterior y el saber que sus cartas y conversaciones son controladas,\u00a0<strong>pasean y leen\u00a0<\/strong>(el primer Sherlock Holmes de \u2018Estudio en escarlata\u2019, de Conan Doyle; \u2018Guerra y paz\u2019, de Tolst\u00f3i; novelas hist\u00f3ricas de Merezhkovski&#8230;)<strong>, van a misa<\/strong>\u00a0y Nicol\u00e1s II disfruta de sus hijos y juega con ellos, a cartas, al backgamonn&#8230; \u201cAhora paso mucho m\u00e1s tiempo con mi linda familia\u201d, escribe en mayo, tras cumplir 49 a\u00f1os y lamentar cu\u00e1nto a\u00f1ora tambi\u00e9n a su \u201cquerida madre\u201d.<\/p>\n<\/div>\n<\/div>\n<div class=\"ep-media\">\n<div class=\"thumb\">\n<figure style=\"width: 660px\" class=\"wp-caption alignnone\"><img loading=\"lazy\" decoding=\"async\" class=\"loading\" src=\"https:\/\/estaticos.elperiodico.com\/resources\/jpg\/8\/1\/1530614060418.jpg\" alt=\"\" width=\"660\" height=\"371\" \/><figcaption class=\"wp-caption-text\">El zar y su hijo Aleks\u00e9i, serrando troncos en Tobolsk.<\/figcaption><\/figure>\n<\/div>\n<div class=\"txt\">\n<p class=\"subtitle\" style=\"text-align:justify\">Zar y zarina apelaban \u2018Baby\u2019 o \u2018Rayito de sol\u2019 a su \u00fanico hijo var\u00f3n, por el que toda la familia se desviv\u00eda, ya que su\u00a0<strong>hemofilia\u00a0<\/strong>hac\u00eda que un hematoma tardara d\u00edas en curar y limitaba sus movimientos. \u201cAleks\u00e9i tiene un dolor en la mano y por eso ha tenido que pasar todo el d\u00eda acostado\u201d, escribe Nicol\u00e1s II en su diario, en mayo de 1917. Antes, el chaval, de 13 a\u00f1os, y sus cuatro hermanas han pasado el\u00a0<strong>sarampi\u00f3n\u00a0<\/strong>y Alejandra mantiene puntualmente informado a su marido (antes de que este se vea obligado a abdicar en marzo y antes de que le confinen junto a la familia en Ts\u00e1rskoye Sel\u00f3) de la fiebre de cada uno y de que se les cay\u00f3 tanto el pelo que tuvieron que raparlos a todos.<\/p>\n<\/div>\n<\/div>\n<div class=\"ep-media\">\n<div class=\"thumb\">\n<figure style=\"width: 660px\" class=\"wp-caption alignnone\"><img loading=\"lazy\" decoding=\"async\" class=\"loading\" src=\"https:\/\/estaticos.elperiodico.com\/resources\/jpg\/1\/3\/1530614060531.jpg\" alt=\"\" width=\"660\" height=\"371\" \/><figcaption class=\"wp-caption-text\">Las hijas de los zares, rapadas tras el sarampi\u00f3n.<\/figcaption><\/figure>\n<\/div>\n<div class=\"txt\">\n<p class=\"subtitle\" style=\"text-align:justify\">\u201cMe siento grave, herido y triste\u201d, escribe tras abdicar el ya ex-zar, a pesar de que su esposa, a\u00fan invocando a Rasput\u00edn, le reclama que \u201cejerza mano dura y muestre su poder\u201d, al tiempo que le anima: \u201cTodo nuestro amor ardiente y caluroso te rodea, mi maridito, mi \u00fanico, mi todo (&#8230;) Siente mis manos, que te abrazan, mis labios unidos a los tuyos cari\u00f1osamente, siempre juntos, siempre inseparables\u201d.<\/p>\n<\/div>\n<\/div>\n<h3 style=\"text-align:justify\">La zarina, \u00absoberbia, severa y majestuosa\u00bb<\/h3>\n<p style=\"text-align:justify\"><strong>Kerenski<\/strong>, ministro del Gobierno provisional revolucionario y supervisor del primer encierro, detect\u00f3 \u201cla diferencia de car\u00e1cter y temperamento de la pareja\u201d. \u201cEn su posici\u00f3n de prisionero, Nicol\u00e1s II disfrutaba de su nuevo modo de vida (&#8230;) -dec\u00eda en sus memorias-. Su mujer pasaba un tiempo dif\u00edcil por la p\u00e9rdida del poder, y no pod\u00eda resignarse a su nueva posici\u00f3n. Ten\u00eda ataques psic\u00f3ticos\u201d. \u201cEra una mujer soberbia, severa y majestuosa\u201d, \u201catractiva e inteligente\u201d, que a \u201cpesar de estar quebrantada e irritada en aquel momento, ten\u00eda una voluntad f\u00e9rrea\u201d.<\/p>\n<p style=\"text-align:justify\">\u201cElla, con la lejana sombra de Rasput\u00edn \u2013opina Casamayor-, es la muestra de un\u00a0<a href=\"https:\/\/www.elperiodico.com\/es\/mas-periodico\/20160925\/juego-de-tronos-entre-zares-5410150\" target=\"_blank\" rel=\"noopener noreferrer\">orgullo familiar y din\u00e1stico heredado de 300 a\u00f1os atr\u00e1s<\/a>. No les importa el pueblo, del que est\u00e1n muy distanciados\u201d. Los recuerdos de un ayuda de c\u00e1mara del zar revelan c\u00f3mo un oficial de la guardia rezach\u00f3 dar la mano a Nicol\u00e1s II, quien le pregunt\u00f3 \u00bfPor qu\u00e9, querido m\u00edo?\u2019. \u2018Soy del pueblo \u2013le respondi\u00f3-. Usted no ha querido darle la mano al pueblo y yo tampoco lo har\u00e9\u201d.<\/p>\n<div class=\"ep-media\">\n<div class=\"thumb\">\n<figure style=\"width: 660px\" class=\"wp-caption alignnone\"><img loading=\"lazy\" decoding=\"async\" class=\"loading\" src=\"https:\/\/estaticos.elperiodico.com\/resources\/jpg\/6\/0\/1530614181206.jpg\" alt=\"\" width=\"660\" height=\"430\" \/><figcaption class=\"wp-caption-text\">El zar y su familia, rodeados de soldados de la guardia cosaca, en 1916.<\/figcaption><\/figure>\n<\/div>\n<div class=\"txt\">\n<p class=\"subtitle\" style=\"text-align:justify\">\u201cNo sab\u00edan mucho de la situaci\u00f3n del pueblo, pero lo que sab\u00edan les preocupaba\u201d, se\u00f1ala la traductora citando a la zarina en una carta a una amiga: \u201c\u00a1Oh, gente, gente! Pobres flacos. No tienen car\u00e1cter, amor patrio, ni a Dios. Por eso castiga al pa\u00eds. Pero no quiero pensarlo ni voy a creer que \u00c9l (Dios) lo deje morir. Como los padres castigan a sus hijos desobedientes, as\u00ed \u00c9l act\u00faa con Rusia\u201d.<\/p>\n<\/div>\n<\/div>\n<p style=\"text-align:justify\">\u201cRusia ten\u00eda problemas, s\u00ed; los zares viv\u00edan como en otro mundo, seguramente s\u00ed, no sab\u00edan c\u00f3mo viv\u00eda un campesino, pero los bolcheviques tampoco -reflexiona Alc\u00e1zar- La revoluci\u00f3n era necesaria y fue buena hasta que se convirti\u00f3 en el\u00a0<strong>horror totalitarista<\/strong>. Y desde el principio hubo chispazos de violencia y autoritarismo: eso fue el asesinato de los Rom\u00e1nov, un aviso del horror que vendr\u00eda despu\u00e9s\u201d.<\/p>\n<p style=\"text-align:justify\">\u201cS\u00e9 que todo esto no durar\u00e1 mucho\u201d, escrib\u00eda la zarina, esperanzada, a una amiga en diciembre de 1917. Siete meses despu\u00e9s llegaba la inesperada masacre, de la que a\u00fan hoy no existen pruebas de si la orden\u00f3 Lenin, como apunt\u00f3 Trotski. Aquella sangrienta noche de agosto, el Ej\u00e9rcito rojo tambi\u00e9n\u00a0<strong>mat\u00f3 a dos de los tres perros de la familia, solo se salv\u00f3 Joy,<\/strong>\u00a0el springer spaniel del zar\u00e9vich, que, como apuntaba el propio Nicol\u00e1s II en su diario un a\u00f1o antes, ya hab\u00eda sobrevivido a la mordedura de una serpiente durante un paseo. Joy ser\u00eda adoptado por un coronel del Ej\u00e9rcito blanco que lleg\u00f3 al lugar a los pocos d\u00edas de la ejecuci\u00f3n. Meses antes, su joven amo, de 13 a\u00f1os, preguntaba a su tutor: \u201cSi ya no hay m\u00e1s zar, \u00bfqui\u00e9n va a dirigir Rusia?\u201d.<\/p>\n<div class=\"ep-media\">\n<div class=\"thumb\">\n<figure style=\"width: 660px\" class=\"wp-caption alignnone\"><img loading=\"lazy\" decoding=\"async\" class=\"loading\" src=\"https:\/\/estaticos.elperiodico.com\/resources\/jpg\/4\/9\/1530614120694.jpg\" alt=\"\" width=\"660\" height=\"371\" \/><figcaption class=\"wp-caption-text\">El hijo del zar, Aleks\u00e9i, con su perro Joy.<\/figcaption><\/figure>\n<\/div>\n<div class=\"txt\">\n<p class=\"subtitle\"><span style=\"font-family:'Roboto Slab', sans-serif;font-size:1.5em;font-weight:bold\">La memoria de los zares, en la Rusia actual<\/span><\/p>\n<\/div>\n<\/div>\n<div class=\"ep-despiece\">\n<p style=\"text-align:justify\">\u201cAhora, en Rusia,\u00a0<strong>la dinast\u00eda Romanov se percibe con m\u00e1s objetividad<\/strong>. Ya pasamos la \u00e9poca sovi\u00e9tica y la negaci\u00f3n del r\u00e9gimen mon\u00e1rquico.\u00a0<a href=\"https:\/\/www.elperiodico.com\/es\/mas-periodico\/20160925\/juego-de-tronos-entre-zares-5410150\" target=\"_blank\" rel=\"noopener noreferrer\">Gobernaron durante 300 a\u00f1os<\/a>, son inherentes a la historia rusa y sin ellos Rusia hubiera sido distinta. Para los rusos la \u00e9poca de los zares es una \u00e9poca hist\u00f3rica\u201d, explica la traductora Tatiana Shavaliova, que recuerda que la canonizaci\u00f3n de los Romanov por la Iglesia ortodoxa rusa en 1981 y en el 2000, \u201ctiene que ver con la resignaci\u00f3n y devoci\u00f3n de la familia en sus \u00faltimos d\u00edas\u201d, no con la valoraci\u00f3n pol\u00edtica del zar.<\/p>\n<hr \/>\n<p style=\"text-align:justify\">De hecho, cada a\u00f1o se celebran en Ekaterimburgo \u201clos d\u00edas zarinos\u201d, del 10 al 20 de julio, con exhibiciones, lecturas y conciertos y una procesi\u00f3n de 20 kil\u00f3metros hasta la catedral, construida cerca de donde tiraron los cad\u00e1veres.<\/p>\n<\/div>\n","protected":false},"excerpt":{"rendered":"<p>Autora:\u00a0Anna Abella Fuente: El Peri\u00f3dico, 03\/07\/2018 En la habitaci\u00f3n de 5&#215;6 metros del s\u00f3tano de la casa Ipatiev de\u00a0Ekaterimburgo, en la noche del 16 al 17 de julio de 1918, fueron\u00a0ejecutados a tiros\u00a0por los bolcheviques\u00a0el zar Nicol\u00e1s II, la zarina Alejandra Fiodorovna, su hijo y heredero, el peque\u00f1o y hemof\u00edlico Aleks\u00e9i, y sus cuatro hijas, &hellip; <a href=\"https:\/\/blogsaverroes.juntadeandalucia.es\/aldeacordoba\/?p=444\" class=\"more-link\">Continuar leyendo<span class=\"screen-reader-text\"> \u00abLos Romanov, \u00faltimos meses antes de la ejecuci\u00f3n.\u00bb<\/span><\/a><\/p>\n","protected":false},"author":168,"featured_media":0,"comment_status":"open","ping_status":"open","sticky":false,"template":"","format":"standard","meta":{"ngg_post_thumbnail":0,"footnotes":""},"categories":[224386],"tags":[224796,224883,224943],"aioseo_notices":[],"_links":{"self":[{"href":"https:\/\/blogsaverroes.juntadeandalucia.es\/aldeacordoba\/index.php?rest_route=\/wp\/v2\/posts\/444"}],"collection":[{"href":"https:\/\/blogsaverroes.juntadeandalucia.es\/aldeacordoba\/index.php?rest_route=\/wp\/v2\/posts"}],"about":[{"href":"https:\/\/blogsaverroes.juntadeandalucia.es\/aldeacordoba\/index.php?rest_route=\/wp\/v2\/types\/post"}],"author":[{"embeddable":true,"href":"https:\/\/blogsaverroes.juntadeandalucia.es\/aldeacordoba\/index.php?rest_route=\/wp\/v2\/users\/168"}],"replies":[{"embeddable":true,"href":"https:\/\/blogsaverroes.juntadeandalucia.es\/aldeacordoba\/index.php?rest_route=%2Fwp%2Fv2%2Fcomments&post=444"}],"version-history":[{"count":0,"href":"https:\/\/blogsaverroes.juntadeandalucia.es\/aldeacordoba\/index.php?rest_route=\/wp\/v2\/posts\/444\/revisions"}],"wp:attachment":[{"href":"https:\/\/blogsaverroes.juntadeandalucia.es\/aldeacordoba\/index.php?rest_route=%2Fwp%2Fv2%2Fmedia&parent=444"}],"wp:term":[{"taxonomy":"category","embeddable":true,"href":"https:\/\/blogsaverroes.juntadeandalucia.es\/aldeacordoba\/index.php?rest_route=%2Fwp%2Fv2%2Fcategories&post=444"},{"taxonomy":"post_tag","embeddable":true,"href":"https:\/\/blogsaverroes.juntadeandalucia.es\/aldeacordoba\/index.php?rest_route=%2Fwp%2Fv2%2Ftags&post=444"}],"curies":[{"name":"wp","href":"https:\/\/api.w.org\/{rel}","templated":true}]}}