{"id":450,"date":"2018-07-17T09:21:57","date_gmt":"2018-07-17T08:21:57","guid":{"rendered":"https:\/\/jmoragahc.wordpress.com\/?p=450"},"modified":"2018-07-17T09:21:57","modified_gmt":"2018-07-17T08:21:57","slug":"los-datos-sobre-la-muerte-de-hitler-que-no-habian-sido-revelados","status":"publish","type":"post","link":"https:\/\/blogsaverroes.juntadeandalucia.es\/aldeacordoba\/?p=450","title":{"rendered":"Los datos sobre la muerte de Hitler que no hab\u00edan sido revelados."},"content":{"rendered":"<p><img loading=\"lazy\" decoding=\"async\" class=\"alignnone size-large\" src=\"https:\/\/www.grandesmedios.com\/wp-content\/uploads\/2018\/06\/Los-datos-sobre-la-muerte-de-Hitler-que-no-hab%C3%ADan-sido-revelados.jpg.webp\" width=\"696\" height=\"518\" \/><\/p>\n<p>Fuente; <a href=\"https:\/\/www.grandesmedios.com\/datos-sobre-la-muerte-de-hitler\/\">grandesmedios.com<\/a><\/p>\n<p style=\"text-align:justify\">Transcurr\u00eda el 30 de abril del a\u00f1o 1945, al l\u00edder nazi Adolf Hitler lo rondaba la paranoia, desconfiando de todo aquel que se le acercaba al verse cercado por las fuerzas Aliadas. Ante tal escenario de derrota por la inminente ca\u00edda del\u00a0Tercer Reich,\u00a0<strong>Hitler tom\u00f3 la determinaci\u00f3n de quitarse la vida junto con su compa\u00f1era Eva Braun<\/strong>\u00a0al interior del b\u00fanker que hab\u00eda construido en el centro de Berlin.<\/p>\n<p style=\"text-align:justify\">Por muchos a\u00f1os se habl\u00f3 de diferentes hip\u00f3tesis sobre la muerte del\u00a0<i>F\u00fchrer.\u00a0<\/i>\u00bfSucedi\u00f3?\u00a0\u00bfSe trat\u00f3 simplemente de un montaje? Pese a todas estas teor\u00edas, una\u00a0<a href=\"https:\/\/www.ejinme.com\/article\/S0953-6205(18)30191-2\/fulltext\" target=\"_blank\" rel=\"noopener noreferrer\">investigaci\u00f3n<\/a>\u00a0publicada en mayo de 2018 por el\u00a0<em>European Journal of Internal Medicine<\/em>\u00a0revela datos que hasta hoy se desconoc\u00edan.<\/p>\n<p style=\"text-align:justify\">Los dientes del dictador alem\u00e1n se encontraban demasiado deteriorados teniendo en cuenta los 52 a\u00f1os que hab\u00eda vivido.\u00a0<strong>Solo contaba con cuatro dientes naturales y los otros eran pr\u00f3tesis met\u00e1licas en las que se descubrieron algunos dep\u00f3sitos azules<\/strong>, algo que se\u00f1alaba una posible reacci\u00f3n qu\u00edmica.<\/p>\n<p style=\"text-align:justify\">Luego de efectuar rigurosos an\u00e1lisis, los cient\u00edficos revelaron que, aparte de haberse propinado un disparo en la cabeza,\u00a0<strong><a href=\"https:\/\/www.grandesmedios.com\/cientificos-confirman-muerte-de-hitler\/\">Adolf Hitler<\/a>\u00a0utiliz\u00f3 tambi\u00e9n una ampolla de cianuro para provocarse una intoxicaci\u00f3n letal<\/strong>.<\/p>\n<p style=\"text-align:justify\">Los cad\u00e1veres de la pareja fueron exhumados por la KGB tras 25 a\u00f1os del suicidio. Funcionarios de la agencia efectuaron la cremaci\u00f3n completa de los dos cuerpos y sus cenizas fueron lanzadas al r\u00edo Elba.<\/p>\n","protected":false},"excerpt":{"rendered":"<p>Fuente; grandesmedios.com Transcurr\u00eda el 30 de abril del a\u00f1o 1945, al l\u00edder nazi Adolf Hitler lo rondaba la paranoia, desconfiando de todo aquel que se le acercaba al verse cercado por las fuerzas Aliadas. Ante tal escenario de derrota por la inminente ca\u00edda del\u00a0Tercer Reich,\u00a0Hitler tom\u00f3 la determinaci\u00f3n de quitarse la vida junto con su &hellip; <a href=\"https:\/\/blogsaverroes.juntadeandalucia.es\/aldeacordoba\/?p=450\" class=\"more-link\">Continuar leyendo<span class=\"screen-reader-text\"> \u00abLos datos sobre la muerte de Hitler que no hab\u00edan sido revelados.\u00bb<\/span><\/a><\/p>\n","protected":false},"author":168,"featured_media":0,"comment_status":"open","ping_status":"open","sticky":false,"template":"","format":"standard","meta":{"ngg_post_thumbnail":0,"footnotes":""},"categories":[224390],"tags":[224668],"aioseo_notices":[],"_links":{"self":[{"href":"https:\/\/blogsaverroes.juntadeandalucia.es\/aldeacordoba\/index.php?rest_route=\/wp\/v2\/posts\/450"}],"collection":[{"href":"https:\/\/blogsaverroes.juntadeandalucia.es\/aldeacordoba\/index.php?rest_route=\/wp\/v2\/posts"}],"about":[{"href":"https:\/\/blogsaverroes.juntadeandalucia.es\/aldeacordoba\/index.php?rest_route=\/wp\/v2\/types\/post"}],"author":[{"embeddable":true,"href":"https:\/\/blogsaverroes.juntadeandalucia.es\/aldeacordoba\/index.php?rest_route=\/wp\/v2\/users\/168"}],"replies":[{"embeddable":true,"href":"https:\/\/blogsaverroes.juntadeandalucia.es\/aldeacordoba\/index.php?rest_route=%2Fwp%2Fv2%2Fcomments&post=450"}],"version-history":[{"count":0,"href":"https:\/\/blogsaverroes.juntadeandalucia.es\/aldeacordoba\/index.php?rest_route=\/wp\/v2\/posts\/450\/revisions"}],"wp:attachment":[{"href":"https:\/\/blogsaverroes.juntadeandalucia.es\/aldeacordoba\/index.php?rest_route=%2Fwp%2Fv2%2Fmedia&parent=450"}],"wp:term":[{"taxonomy":"category","embeddable":true,"href":"https:\/\/blogsaverroes.juntadeandalucia.es\/aldeacordoba\/index.php?rest_route=%2Fwp%2Fv2%2Fcategories&post=450"},{"taxonomy":"post_tag","embeddable":true,"href":"https:\/\/blogsaverroes.juntadeandalucia.es\/aldeacordoba\/index.php?rest_route=%2Fwp%2Fv2%2Ftags&post=450"}],"curies":[{"name":"wp","href":"https:\/\/api.w.org\/{rel}","templated":true}]}}