{"id":453,"date":"2018-07-20T09:33:53","date_gmt":"2018-07-20T08:33:53","guid":{"rendered":"https:\/\/jmoragahc.wordpress.com\/?p=453"},"modified":"2018-07-20T09:33:53","modified_gmt":"2018-07-20T08:33:53","slug":"la-historia-de-una-espeluznante-foto-el-primer-hombre-que-murio-en-una-mision-espacial","status":"publish","type":"post","link":"https:\/\/blogsaverroes.juntadeandalucia.es\/aldeacordoba\/?p=453","title":{"rendered":"La historia de una espeluznante foto: el primer hombre que muri\u00f3 en una misi\u00f3n espacial."},"content":{"rendered":"<p><img loading=\"lazy\" decoding=\"async\" class=\"alignnone size-large\" src=\"https:\/\/www.grandesmedios.com\/wp-content\/uploads\/2018\/05\/La-historia-de-una-espeluznante-foto-el-primer-hombre-que-muri%C3%B3-en-una-misi%C3%B3n-espacial.jpg.webp\" width=\"696\" height=\"476\" \/><\/p>\n<p>Fuente: <a href=\"https:\/\/www.grandesmedios.com\/historia-vladimir-komarov\/\">grandesmedios.com<\/a>. 17\/05\/2018<\/p>\n<p style=\"text-align:justify\">En la\u00a0<a href=\"https:\/\/rarehistoricalphotos.com\/astronaut-vladimir-komarov-man-fell-space-1967\/\" target=\"_blank\" rel=\"noopener noreferrer\">imagen<\/a>: un grupo de agentes de la Uni\u00f3n Sovi\u00e9tica se mantiene custodiando unos restos. Se trata de una escena triste y el final de un personaje hist\u00f3rico de la carrera espacial internacional. Vladimir Komarov fue el primer cosmonauta de ese pa\u00eds en volar al espacio exterior en m\u00e1s de una oportunidad. Tambi\u00e9n fue el primer ser humano en morir en una misi\u00f3n espacial.<\/p>\n<p style=\"text-align:justify\">Junto con Yuri Gagarin, quien se convirti\u00f3 en el primer ser humano en alcanzar el espacio exterior, Komarov dedic\u00f3 su vida a la aviaci\u00f3n y se hicieron grande amigos. En el a\u00f1o 1967 tanto Komarov como Gagarin fueron asignados a la misma misi\u00f3n en la \u00f3rbita terrestre. Los 2 estaban al tanto de que la c\u00e1psula espacial no garantizaba un vuelo seguro.\u00a0<strong>Komarov afirm\u00f3 entre sus amigos que era muy probable que falleciera en el vuelo<\/strong>. No obstante, nunca desisti\u00f3 debido a que no quer\u00eda de Gagarin muriera. Quien fuera su amigo ser\u00eda su reemplazo.<\/p>\n<h2>Misi\u00f3n complicada<\/h2>\n<p style=\"text-align:justify\">Meses antes el l\u00edder de la Uni\u00f3n Sovi\u00e9tica, Leonid Brezhnev, propuso realizar una misi\u00f3n que ser\u00eda una cita entre 2 naves espaciales.<\/p>\n<p style=\"text-align:justify\">El plan a ejecutar era el siguiente: lanzar la c\u00e1psula Soyuz 1 con Komarov en su interior. Un d\u00eda despu\u00e9s lanzar un segundo veh\u00edculo con otros 2 cosmonautas. La idea era que ambas naves se encontraran. Para ello Komarov ir\u00eda de una nave a otra e intercambiar\u00eda lugares con uno de sus colegas para luego volver a casa en la segunda c\u00e1psula.<\/p>\n<figure id=\"attachment_53233\" class=\"wp-caption aligncenter\">\n<p><figure id=\"attachment_53233\" aria-describedby=\"caption-attachment-53233\" style=\"width: 696px\" class=\"wp-caption aligncenter\"><a class=\"td-modal-image\" href=\"https:\/\/www.grandesmedios.com\/wp-content\/uploads\/2018\/05\/Vladimir-Komarov.jpg\"><img loading=\"lazy\" decoding=\"async\" class=\"wp-image-53233 size-full\" src=\"https:\/\/www.grandesmedios.com\/wp-content\/uploads\/2018\/05\/Vladimir-Komarov.jpg.webp\" alt=\"Vladimir Komarov\" width=\"696\" height=\"522\" \/><\/a><figcaption id=\"caption-attachment-53233\" class=\"wp-caption-text\">Vladimir Komarov estaba entre los mejores amigos de Gagarin. Aqu\u00ed se los ve cazando juntos.<\/figcaption><\/figure><figcaption class=\"wp-caption-text\"><\/figcaption><\/figure>\n<p style=\"text-align:justify\">Lo que deseaba Brezhnev era celebrar un triunfo en medio del 50 aniversario de la revoluci\u00f3n comunista. El l\u00edder dej\u00f3 claro que la misi\u00f3n deb\u00eda realizarse sin ning\u00fan tipo de negativa.<\/p>\n<p style=\"text-align:justify\">El deseo de Brezhnev enfrentaba diversos problemas. Gagarin, quien ya era un h\u00e9roe en su pa\u00eds, y un grupo de especialistas evaluaron la Soyuz 1 y encontraron m\u00e1s de 200 problemas serios en la estructura de la m\u00e1quina. En resumen, la c\u00e1psula era muy peligrosa para navegar en el espacio. Para Gagarin la misi\u00f3n deb\u00eda al menos posponerse.<\/p>\n<p style=\"text-align:justify\">En un intento para que esto sucediera, Gagarin redact\u00f3 un memo de 10 p\u00e1ginas y se lo entreg\u00f3 a su mejor amigo en la KGB, V. Russayev. Nadie quien tuvo conocimiento del memo se atrevi\u00f3 a enviarlo a la cadena de mando. De hecho, los militares o agentes que tuvieron acceso al documento fueron enviados a Siberia, degradados o despedidos. A 1 mes para el lanzamiento, Komarov se percat\u00f3 que la suspensi\u00f3n no ser\u00eda algo viable. Entonces decidi\u00f3 reunirse con el ya degradado agente Russayev y le mencion\u00f3: \u201cNo regresar\u00e9 de ese vuelo. Si me niego a volar entonces enviar\u00e1n al piloto de respaldo\u201d. Ese era Yuri Gagarin.<\/p>\n<h2>D\u00eda del lanzamiento<\/h2>\n<p style=\"text-align:justify\">El 23 de abril de 1967 ser\u00eda el lanzamiento. Ese d\u00eda un periodista local dio a conocer que Gagarin lleg\u00f3 al lugar y exigi\u00f3 colocarse un traje espacial. Su actitud fue catalogada como un \u201ccapricho repentino\u201d. Muchos pensaron que estaba tratando de salvar a su amigo de una muerte segura.<\/p>\n<p style=\"text-align:justify\">Al final la nave despeg\u00f3 con Komarov a bordo.<\/p>\n<figure id=\"attachment_53234\" class=\"wp-caption aligncenter\">\n<p><figure id=\"attachment_53234\" aria-describedby=\"caption-attachment-53234\" style=\"width: 696px\" class=\"wp-caption aligncenter\"><a class=\"td-modal-image\" href=\"https:\/\/www.grandesmedios.com\/wp-content\/uploads\/2018\/05\/Soyuz-1-spacecraft.jpg\"><img loading=\"lazy\" decoding=\"async\" class=\"wp-image-53234 size-full\" src=\"https:\/\/www.grandesmedios.com\/wp-content\/uploads\/2018\/05\/Soyuz-1-spacecraft.jpg.webp\" alt=\"Vladimir Komarov\" width=\"696\" height=\"275\" \/><\/a><figcaption id=\"caption-attachment-53234\" class=\"wp-caption-text\">Nave espacial Soyuz 1 (representaci\u00f3n art\u00edstica), el sitio del accidente y Vladimir Komarov.<\/figcaption><\/figure><figcaption class=\"wp-caption-text\"><\/figcaption><\/figure>\n<p style=\"text-align:justify\"><strong>Una vez que la Soyuz inici\u00f3 su \u00f3rbita sobre la Tierra los problemas comenzaron a aparecer<\/strong>. El primero fue que las antenas no abrieron de la forma correcta, lo que dej\u00f3 sin energ\u00eda el\u00e9ctrica a la nave limitando la funci\u00f3n de los equipos de navegaci\u00f3n. Esto produjo que el lanzamiento del d\u00eda siguiente fuera cancelado. Lo peor era que las posibilidades de que Komarov regresara con vida disminu\u00edan a cada hora.<\/p>\n<p style=\"text-align:justify\">Otros problemas que se presentaron fue la degeneraci\u00f3n del sistema de control t\u00e9rmico, las comunicaciones con la Tierra eran irregulares y la nula orientaci\u00f3n astron\u00f3mica debido a la falta de energ\u00eda el\u00e9ctrica. En pocas palabras, hab\u00eda que regresar a Komarov en la primera oportunidad posible.<\/p>\n<p style=\"text-align:justify\">Durante unas 5 horas Komarov intent\u00f3 sin \u00e9xito orientar el m\u00f3dulo. No obstante, a pesar de sus esfuerzos lo peor estaba por llegar. La nave reingres\u00f3 a la atm\u00f3sfera terrestre, pero cuando la cabina descend\u00eda, el paraca\u00eddas principal tuvo un despliegue errado, mientras que el segundo qued\u00f3 enredado. Los 2 fallos fueron advertidos por Gagarin en el memo que hab\u00eda escrito.<\/p>\n<h2>\u00daltimo minutos antes de morir<\/h2>\n<p style=\"text-align:justify\"><strong>Komarov, sabiendo que iba a morir, se comunic\u00f3 con los oficiales de control en Tierra<\/strong>. Alexei Kosygin, quien para ese entonces era el primer ministro sovi\u00e9tico, lo llam\u00f3 para decirle que era un h\u00e9roe. La esposa de Komarov tambi\u00e9n estuvo presente durante la llamada para hablar sobre qu\u00e9 se les dir\u00eda a sus hijos. Se trat\u00f3 de una escena llena de tristeza con el mismo Kosygin llorando.<\/p>\n<figure id=\"attachment_53235\" class=\"wp-caption aligncenter\">\n<p><figure id=\"attachment_53235\" aria-describedby=\"caption-attachment-53235\" style=\"width: 696px\" class=\"wp-caption aligncenter\"><a class=\"td-modal-image\" href=\"https:\/\/www.grandesmedios.com\/wp-content\/uploads\/2018\/05\/Muerte-de-Vladimir-Komarov.jpg\"><img loading=\"lazy\" decoding=\"async\" class=\"wp-image-53235 size-full\" src=\"https:\/\/www.grandesmedios.com\/wp-content\/uploads\/2018\/05\/Muerte-de-Vladimir-Komarov.jpg.webp\" alt=\"Muerte de Vladimir Komarov\" width=\"696\" height=\"468\" \/><\/a><figcaption id=\"caption-attachment-53235\" class=\"wp-caption-text\">Valentina Komarov, la viuda del cosmonauta sovi\u00e9tico Vladimir Komarov, besa una fotograf\u00eda de su esposo muerto durante su funeral oficial, celebrado en la Plaza Roja de Mosc\u00fa el 26 de abril de 1967.<\/figcaption><\/figure><figcaption class=\"wp-caption-text\"><\/figcaption><\/figure>\n<p style=\"text-align:justify\">Posteriormente, la nave se estrell\u00f3 en la superficie terrestre a m\u00e1s de 200 kil\u00f3metros por hora con Komarov en su interior. Con el impacto la c\u00e1psula explot\u00f3. Cuando llegaron los equipos de la Fuerza A\u00e9rea Sovi\u00e9tica solo hab\u00eda restos met\u00e1licos. Solo pudieron identificar la parte superior de la Soyuz.<\/p>\n<p style=\"text-align:justify\">Los restos fueron inmortalizados en la imagen con la que se abre el art\u00edculo. Al poco tiempo las cenizas de Komarov fueron enterradas en la necr\u00f3polis de la muralla del Kremlin en la Plaza Roja.\u00a0<strong>Como homenaje a Komarov se le otorg\u00f3 p\u00f3stumamente una segunda orden Lenin y la Orden del H\u00e9roe de la Uni\u00f3n Sovi\u00e9tica<\/strong>.<\/p>\n<p style=\"text-align:justify\">En cuanto a Gagarin, este muri\u00f3 en un accidente a\u00e9reo en 1968, un a\u00f1o antes de que los\u00a0<a href=\"https:\/\/www.grandesmedios.com\/experimento-observatorio-yunnan\/\">astronautas de los Estados Unidos llegaran a la Luna<\/a>.<\/p>\n","protected":false},"excerpt":{"rendered":"<p>Fuente: grandesmedios.com. 17\/05\/2018 En la\u00a0imagen: un grupo de agentes de la Uni\u00f3n Sovi\u00e9tica se mantiene custodiando unos restos. Se trata de una escena triste y el final de un personaje hist\u00f3rico de la carrera espacial internacional. Vladimir Komarov fue el primer cosmonauta de ese pa\u00eds en volar al espacio exterior en m\u00e1s de una oportunidad. &hellip; <a href=\"https:\/\/blogsaverroes.juntadeandalucia.es\/aldeacordoba\/?p=453\" class=\"more-link\">Continuar leyendo<span class=\"screen-reader-text\"> \u00abLa historia de una espeluznante foto: el primer hombre que muri\u00f3 en una misi\u00f3n espacial.\u00bb<\/span><\/a><\/p>\n","protected":false},"author":168,"featured_media":0,"comment_status":"open","ping_status":"open","sticky":false,"template":"","format":"standard","meta":{"ngg_post_thumbnail":0,"footnotes":""},"categories":[224391,224394],"tags":[224472,224613,224643,224726,224943],"aioseo_notices":[],"_links":{"self":[{"href":"https:\/\/blogsaverroes.juntadeandalucia.es\/aldeacordoba\/index.php?rest_route=\/wp\/v2\/posts\/453"}],"collection":[{"href":"https:\/\/blogsaverroes.juntadeandalucia.es\/aldeacordoba\/index.php?rest_route=\/wp\/v2\/posts"}],"about":[{"href":"https:\/\/blogsaverroes.juntadeandalucia.es\/aldeacordoba\/index.php?rest_route=\/wp\/v2\/types\/post"}],"author":[{"embeddable":true,"href":"https:\/\/blogsaverroes.juntadeandalucia.es\/aldeacordoba\/index.php?rest_route=\/wp\/v2\/users\/168"}],"replies":[{"embeddable":true,"href":"https:\/\/blogsaverroes.juntadeandalucia.es\/aldeacordoba\/index.php?rest_route=%2Fwp%2Fv2%2Fcomments&post=453"}],"version-history":[{"count":0,"href":"https:\/\/blogsaverroes.juntadeandalucia.es\/aldeacordoba\/index.php?rest_route=\/wp\/v2\/posts\/453\/revisions"}],"wp:attachment":[{"href":"https:\/\/blogsaverroes.juntadeandalucia.es\/aldeacordoba\/index.php?rest_route=%2Fwp%2Fv2%2Fmedia&parent=453"}],"wp:term":[{"taxonomy":"category","embeddable":true,"href":"https:\/\/blogsaverroes.juntadeandalucia.es\/aldeacordoba\/index.php?rest_route=%2Fwp%2Fv2%2Fcategories&post=453"},{"taxonomy":"post_tag","embeddable":true,"href":"https:\/\/blogsaverroes.juntadeandalucia.es\/aldeacordoba\/index.php?rest_route=%2Fwp%2Fv2%2Ftags&post=453"}],"curies":[{"name":"wp","href":"https:\/\/api.w.org\/{rel}","templated":true}]}}