{"id":457,"date":"2018-07-24T09:49:03","date_gmt":"2018-07-24T08:49:03","guid":{"rendered":"https:\/\/jmoragahc.wordpress.com\/?p=457"},"modified":"2018-07-24T09:49:03","modified_gmt":"2018-07-24T08:49:03","slug":"el-informe-olvidado-que-saco-las-verguenzas-a-franco","status":"publish","type":"post","link":"https:\/\/blogsaverroes.juntadeandalucia.es\/aldeacordoba\/?p=457","title":{"rendered":"El informe olvidado que sac\u00f3 las verg\u00fcenzas a Franco."},"content":{"rendered":"<figure style=\"width: 1960px\" class=\"wp-caption alignnone\"><img loading=\"lazy\" decoding=\"async\" class=\"size-large\" src=\"https:\/\/ep01.epimg.net\/elpais\/imagenes\/2018\/07\/05\/ciencia\/1530792287_881383_1530793126_noticia_normal_recorte1.jpg\" width=\"1960\" height=\"1301\" \/><figcaption class=\"wp-caption-text\">El dictador Francisco Franco inaugura el Sanatorio Militar del General\u00edsimo, en la sierra madrile\u00f1a, en 1949. EFE<\/figcaption><\/figure>\n<p><strong>Autor:<\/strong>\u00a0<a title=\"Ver todas las noticias de Manuel Ansede\" href=\"https:\/\/elpais.com\/autor\/manuel_ansede_vazquez\/a\/\">MANUEL ANSEDE<\/a><\/p>\n<p><strong>Fuente:<\/strong>\u00a0<a href=\"https:\/\/elpais.com\/elpais\/2018\/07\/05\/ciencia\/1530792287_881383.html\">El Pa\u00eds<\/a>, 6\/07\/2018<\/p>\n<p style=\"text-align:justify\">Un d\u00eda de 2010, la historiadora\u00a0<a href=\"http:\/\/www.umh.es\/contenido\/pdi\/:persona_5597\/datos_es.html\" target=\"_blank\" rel=\"noopener noreferrer\">Rosa Ballester<\/a>\u00a0se encontraba husmeando en los archivos de la Organizaci\u00f3n Mundial de la Salud en la ciudad suiza de Ginebra, en busca de informes antiguos sobre la poliomielitis en Espa\u00f1a. De pronto, entre la monta\u00f1a de papeles descoloridos, apareci\u00f3 un documento de 43 p\u00e1ginas mecanografiadas en franc\u00e9s, con el t\u00edtulo\u00a0<em>Informe sobre la organizaci\u00f3n de los servicios sanitarios en Espa\u00f1a. Misi\u00f3n efectuada entre el 28 de septiembre y el 15 de diciembre de 1967 por el doctor Fraser Brockington<\/em>. Ballester se qued\u00f3 con la boca abierta.<\/p>\n<p style=\"text-align:justify\">\u201cNadie conoc\u00eda la existencia de este informe\u201d, recuerda ahora. \u201cBrockington invent\u00f3 la medicina social y fue una de las grandes figuras de la salud p\u00fablica en el siglo XX. Y nos descubri\u00f3 las verg\u00fcenzas\u201d, relata la investigadora, de la Universidad Miguel Hern\u00e1ndez de Elche. Brockington, que hab\u00eda sido catedr\u00e1tico de Medicina en la Universidad de Manchester, visit\u00f3 Espa\u00f1a durante casi tres meses como consultor de la OMS y logr\u00f3 un acceso in\u00e9dito a los despachos que manejaban la sanidad franquista. Su diagn\u00f3stico, una bofetada a la propaganda de la dictadura, ve ahora la luz por primera vez, m\u00e1s de medio siglo despu\u00e9s de ser redactado.<\/p>\n<section id=\"sumario_3|html\" class=\"sumario_html izquierda\">\n<div class=\"sumario__interior\">\n<div class=\"sumario-texto\">\n<blockquote>\n<p class=\"texto_grande\">\u201cB\u00e1sicamente no existen consultas para protecci\u00f3n de la infancia m\u00e1s que en las capitales de provincia\u201d, denunciaba Brockington<\/p>\n<\/blockquote>\n<\/div>\n<\/div>\n<\/section>\n<p style=\"text-align:justify\">El informe de 1967 denunciaba multitud de carencias. \u201cB\u00e1sicamente no existen consultas de especialidad ni consultas para cuidado prenatal, protecci\u00f3n de la infancia, enfermedades ven\u00e9reas y enfermedades pedi\u00e1tricas m\u00e1s que en las capitales de provincia\u201d, sosten\u00eda Brockington. El m\u00e9dico tambi\u00e9n constataba \u201cel fracaso de la Escuela Nacional de Sanidad en lo que respecta a la formaci\u00f3n y a la investigaci\u00f3n en Salud P\u00fablica\u201d y alertaba del \u201cdesierto estad\u00edstico\u201d que imped\u00eda conocer el estado real de la sanidad en Espa\u00f1a. \u201cLos principios de la medicina social y preventiva\u201d, escrib\u00eda, \u201cbrillan por su ausencia\u201d.<\/p>\n<p style=\"text-align:justify\">El denominado\u00a0<em>Informe Brockington<\/em>\u00a0deja claro que el estado de la sanidad espa\u00f1ola era \u201cpeor que el de muchos otros pa\u00edses en v\u00edas de desarrollo\u201d, seg\u00fan subraya el historiador\u00a0<a href=\"http:\/\/www.ugr.es\/~erodrig\/\" target=\"_blank\" rel=\"noopener noreferrer\">Esteban Rodr\u00edguez Oca\u00f1a<\/a>, que acaba de publicar la traducci\u00f3n del documento\u00a0<a href=\"http:\/\/files.elsevier.es\/publications\/02139111\/unassign\/S0213911118300918\/v2_201806190515\/es\/main.assets\/mmc1.pdf\" target=\"_blank\" rel=\"noopener noreferrer\">en la revista especializada\u00a0<em>Gaceta Sanitaria<\/em><\/a>. El expediente firmado por el m\u00e9dico brit\u00e1nico era demoledor. Criticaba que Franco todav\u00eda no hubiese creado a esas alturas un Ministerio de Sanidad y que mantuviese descuartizadas las competencias en diferentes ministerios: la Direcci\u00f3n General de Sanidad pertenec\u00eda al Ministerio de Gobernaci\u00f3n, pero la salud escolar depend\u00eda del Ministerio de Educaci\u00f3n, los hospitales de la Seguridad Social se desarrollaban bajo la jurisdicci\u00f3n del Ministerio de Trabajo y la higiene ambiental reca\u00eda en los ministerios de Vivienda y Obras P\u00fablicas.<\/p>\n<section id=\"sumario_1|foto\" class=\"sumario_foto izquierda\">\n<div class=\"sumario__interior\">\n<figure class=\"foto foto_w360\">\n<p><figure style=\"width: 360px\" class=\"wp-caption alignleft\"><img loading=\"lazy\" decoding=\"async\" src=\"https:\/\/ep01.epimg.net\/elpais\/imagenes\/2018\/07\/05\/ciencia\/1530792287_881383_1530793536_sumario_normal.jpg\" alt=\"Fraser Brockington, en 1952.\" width=\"360\" height=\"504\" \/><figcaption class=\"wp-caption-text\">Fraser Brockington, en 1952.\u00a0NPG<\/figcaption><\/figure><figcaption class=\"foto-pie\"><\/figcaption><\/figure>\n<\/div>\n<\/section>\n<p style=\"text-align:justify\">Era un caos con \u201cefectos desastrosos\u201d, seg\u00fan advirti\u00f3 Brockington en 1967. \u201cEl escal\u00f3n central se esfuerza poco o nada por coordinar su pol\u00edtica. No existe un di\u00e1logo habitual entre los distintos ministerios\u201d, alertaba. \u201cUrge con premura resolver esta situaci\u00f3n\u201d.<\/p>\n<p style=\"text-align:justify\">Rodr\u00edguez Oca\u00f1a ha estudiado el origen de este embrollo organizativo. Tras el fin de la guerra civil en 1939, las facciones del bando ganador pelearon por repartirse el poder. Los militares cat\u00f3licos se hicieron con el Ministerio de la Gobernaci\u00f3n y su Direcci\u00f3n General de Sanidad. Los falangistas, por su parte, se quedaron con el Ministerio de Trabajo y con el Instituto Nacional de Previsi\u00f3n, desde el que continuaron el programa de seguros sociales dise\u00f1ado durante la Rep\u00fablica. El seguro obligatorio de enfermedad se aprob\u00f3 en 1942, dejando fuera a la gran mayor\u00eda de los trabajadores del campo y a los desempleados. Con esta cobertura sanitaria, \u00abel trabajador ya no ser\u00eda un pobre que deber\u00eda acogerse a la Beneficencia p\u00fablica y vivir el rubor de ser hospitalizado entre mendigos, sino que ser\u00eda un soldado a quien la sanidad de su ej\u00e9rcito de paz atiende cuando ha sido baja en el servicio\u00bb,\u00a0<a href=\"https:\/\/books.google.es\/books?id=Rgv-DAAAQBAJ&amp;pg=PA105&amp;lpg=PA105&amp;dq=el+trabajador+ya+no+ser%C3%ADa+un+pobre+que+deber%C3%ADa+acogerse+a+la+Beneficencia+p%C3%BAblica&amp;source=bl&amp;ots=9R7h3VquyO&amp;sig=CMswcCqF5WReyxF_fi18NW_2nAk&amp;hl=es&amp;sa=X&amp;ved=0ahUKEwj5_vKw9ofcAhVL6RQKHfzEBGUQ6AEIJzAA#v=onepage&amp;q=el%20trabajador%20ya%20no%20ser%C3%ADa%20un%20pobre%20que%20deber%C3%ADa%20acogerse%20a%20la%20Beneficencia%20p%C3%BAblica&amp;f=false\" target=\"_blank\" rel=\"noopener noreferrer\">asegur\u00f3 en 1944<\/a>\u00a0el ministro de Trabajo, Jos\u00e9 Antonio Gir\u00f3n de Velasco.<\/p>\n<blockquote><p><span style=\"font-size:1.2em;text-align:center;color:#666666\">El estado de la sanidad espa\u00f1ola era \u201cpeor que el de muchos otros pa\u00edses en v\u00edas de desarrollo\u201d, seg\u00fan el historiador Esteban Rodr\u00edguez Oca\u00f1a<\/span><\/p><\/blockquote>\n<p style=\"text-align:justify\">\u201cLa propaganda insiste en que el seguro de enfermedad lo invent\u00f3 Franco, pero la ley del seguro de enfermedad estaba en julio de 1936 admitida en las Cortes. No se la inventaron los franquistas. Ya hab\u00eda\u00a0<em>fake news<\/em>\u00a0entonces\u201d, explica Rodr\u00edguez Oca\u00f1a, de la Universidad de Granada. Tras el seguro de enfermedad se aprobaron el de vejez e invalidez, en 1947; el de desempleo, en 1961; y todos ellos se unificaron en un sistema de seguridad social en 1963, seg\u00fan relata Rodr\u00edguez Oca\u00f1a en su libro\u00a0<a href=\"https:\/\/www.easp.es\/project\/salud-publica-en-espana-de-la-edad-media-al-siglo-xxi-serie-nueva-salud-publica\/\" target=\"_blank\" rel=\"noopener noreferrer\"><em>Salud p\u00fablica en Espa\u00f1a. De la Edad Media al siglo XXI<\/em><\/a>.<\/p>\n<p style=\"text-align:justify\">Otros expertos ya han mostrado que la propaganda franquista no coincid\u00eda con la realidad, como constat\u00f3 Brockington en 1967. \u201cLos hechos no encajan con el inter\u00e9s medi\u00e1tico mostrado por la dictadura hacia el problema sanitario\u201d, se\u00f1alan la historiadora\u00a0<a href=\"https:\/\/personal.us.es\/jpons\/\" target=\"_blank\" rel=\"noopener noreferrer\">Jer\u00f2nia Pons<\/a>\u00a0y la economista\u00a0<a href=\"http:\/\/pdi.udc.es\/es\/File\/Pdi\/MU59E\" target=\"_blank\" rel=\"noopener noreferrer\">Margarita Vilar<\/a>\u00a0en su libro\u00a0<em><a href=\"http:\/\/puz.unizar.es\/detalle\/1596\/El+seguro+de+salud+privado+y+p%FAblico+en+Espa%F1a.+Su+an%E1lisis+en+perspectiva+hist%F3rica-0.html\" target=\"_blank\" rel=\"noopener noreferrer\">El seguro de salud privado y p\u00fablico en Espa\u00f1a. Su an\u00e1lisis en perspectiva hist\u00f3rica<\/a><\/em>, publicado en 2014. \u201cLa partida de presupuestos destinados a la Direcci\u00f3n General de Sanidad como porcentaje del presupuesto total del Estado permaneci\u00f3 estancada entre 1943 (1,05%) y 1958 (1,02%)\u201d, apuntan las autoras.<\/p>\n<section id=\"sumario_5|foto\" class=\"sumario_foto centro\">\n<div class=\"sumario__interior\">\n<figure class=\"foto foto_w980\">\n<p><figure style=\"width: 980px\" class=\"wp-caption alignnone\"><img loading=\"lazy\" decoding=\"async\" src=\"https:\/\/ep01.epimg.net\/elpais\/imagenes\/2018\/07\/05\/ciencia\/1530792287_881383_1530799193_sumario_normal.jpg\" alt=\"Primera p\u00e1gina del 'Informe Brockington'.\" width=\"980\" height=\"782\" \/><figcaption class=\"wp-caption-text\">Primera p\u00e1gina del &#8216;Informe Brockington&#8217;.\u00a0ESTEBAN RODR\u00cdGUEZ OCA\u00d1A<\/figcaption><\/figure><figcaption class=\"foto-pie\"><\/figcaption><\/figure>\n<div class=\"sumario-texto\" style=\"text-align:justify\">\u201cLas recomendaciones de Brockington se quedaron en un caj\u00f3n\u201d, lamenta Rodr\u00edguez Oca\u00f1a. En 1936, el Ministerio de Sanidad era una bandera enarbolada por la Rep\u00fablica. La anarquista Federica Montseny hab\u00eda cogido las riendas del gabinete, convirti\u00e9ndose en la primera mujer ministra de un Gobierno espa\u00f1ol. Pero todo desapareci\u00f3 con la guerra civil. El Ministerio de Sanidad no se recuper\u00f3 hasta 1977, dos a\u00f1os despu\u00e9s de la muerte del dictador.<\/div>\n<\/div>\n<\/section>\n<p style=\"text-align:justify\">Durante su estancia en Espa\u00f1a, Brockington dispuso de un despacho en la Direcci\u00f3n General de Sanidad, en Madrid. Desde all\u00ed, viaj\u00f3 por varias provincias espa\u00f1olas para obtener informaci\u00f3n de primera mano. En su informe, el experto tambi\u00e9n denunciaba el pluriempleo de los m\u00e9dicos espa\u00f1oles. Rodr\u00edguez Oca\u00f1a ha encontrado unas notas autobiogr\u00e1ficas en los archivos de la Universidad de Manchester en las que Brockington recuerda asombrado que el director de la Escuela Nacional de Sanidad, Valent\u00edn Matilla, compaginaba su empleo con otros 16 cargos. \u201cEsa no era manera de trabajar\u201d, sentencia el historiador.<\/p>\n<section id=\"sumario_4|html\" class=\"sumario_html izquierda\">\n<div class=\"sumario__interior\">\n<div class=\"sumario-texto\">\n<blockquote>\n<p class=\"texto_grande\">Brockington alert\u00f3 del \u201cdesierto estad\u00edstico\u201d que imped\u00eda conocer el estado real de la sanidad en Espa\u00f1a<\/p>\n<\/blockquote>\n<\/div>\n<\/div>\n<\/section>\n<p style=\"text-align:justify\">Rodr\u00edguez Oca\u00f1a y Ballester s\u00ed reconocen algunas mejoras llevadas a cabo por el r\u00e9gimen franquista, como la erradicaci\u00f3n de la malaria y la disminuci\u00f3n de la mortalidad infantil. Antes de la guerra civil, entre 1930 y 1934, de cada 1.000 nacidos vivos mor\u00edan 120 ni\u00f1os antes de cumplir un a\u00f1o, frente a los 80 de Francia. El n\u00famero fue cayendo durante la dictadura, llegando a 70 en 1950 (52 en Francia) y a 28 en 1970 (15 en Francia), seg\u00fan\u00a0<a href=\"https:\/\/libreria.cis.es\/libros\/la-mortalidad-infantil-espanola-en-el-siglo-xx\/9788474761689\/\" target=\"_blank\" rel=\"noopener noreferrer\">los estudios<\/a>\u00a0de la soci\u00f3loga Rosa G\u00f3mez Redondo.<\/p>\n<p style=\"text-align:justify\">Ballester pone el foco en el \u201cdesierto estad\u00edstico\u201d que confirm\u00f3 Brockington. \u201cNi siquiera hab\u00eda estad\u00edsticas. \u00bfC\u00f3mo iban a actuar las autoridades?\u201d, reflexiona Rosa Ballester. \u201cEn el caso de la polio, hab\u00eda ni\u00f1os peque\u00f1os que quedaban paral\u00edticos o no pod\u00edan respirar. Cuando algunos de los gerifaltes espa\u00f1oles acud\u00edan a congresos internacionales presum\u00edan de contar con respiradores, los llamados pulmones de acero, en todas las provincias, pero cuando ven\u00edan los observadores de la OMS ve\u00edan que hab\u00eda tan pocos aparatos que los m\u00e9dicos ten\u00edan que elegir qu\u00e9 ni\u00f1o mor\u00eda y cu\u00e1l viv\u00eda\u201d.<\/p>\n","protected":false},"excerpt":{"rendered":"<p>Autor:\u00a0MANUEL ANSEDE Fuente:\u00a0El Pa\u00eds, 6\/07\/2018 Un d\u00eda de 2010, la historiadora\u00a0Rosa Ballester\u00a0se encontraba husmeando en los archivos de la Organizaci\u00f3n Mundial de la Salud en la ciudad suiza de Ginebra, en busca de informes antiguos sobre la poliomielitis en Espa\u00f1a. De pronto, entre la monta\u00f1a de papeles descoloridos, apareci\u00f3 un documento de 43 p\u00e1ginas mecanografiadas &hellip; <a href=\"https:\/\/blogsaverroes.juntadeandalucia.es\/aldeacordoba\/?p=457\" class=\"more-link\">Continuar leyendo<span class=\"screen-reader-text\"> \u00abEl informe olvidado que sac\u00f3 las verg\u00fcenzas a Franco.\u00bb<\/span><\/a><\/p>\n","protected":false},"author":168,"featured_media":0,"comment_status":"open","ping_status":"open","sticky":false,"template":"","format":"standard","meta":{"ngg_post_thumbnail":0,"footnotes":""},"categories":[224393,224397],"tags":[224550,224579,224608,224889],"aioseo_notices":[],"_links":{"self":[{"href":"https:\/\/blogsaverroes.juntadeandalucia.es\/aldeacordoba\/index.php?rest_route=\/wp\/v2\/posts\/457"}],"collection":[{"href":"https:\/\/blogsaverroes.juntadeandalucia.es\/aldeacordoba\/index.php?rest_route=\/wp\/v2\/posts"}],"about":[{"href":"https:\/\/blogsaverroes.juntadeandalucia.es\/aldeacordoba\/index.php?rest_route=\/wp\/v2\/types\/post"}],"author":[{"embeddable":true,"href":"https:\/\/blogsaverroes.juntadeandalucia.es\/aldeacordoba\/index.php?rest_route=\/wp\/v2\/users\/168"}],"replies":[{"embeddable":true,"href":"https:\/\/blogsaverroes.juntadeandalucia.es\/aldeacordoba\/index.php?rest_route=%2Fwp%2Fv2%2Fcomments&post=457"}],"version-history":[{"count":0,"href":"https:\/\/blogsaverroes.juntadeandalucia.es\/aldeacordoba\/index.php?rest_route=\/wp\/v2\/posts\/457\/revisions"}],"wp:attachment":[{"href":"https:\/\/blogsaverroes.juntadeandalucia.es\/aldeacordoba\/index.php?rest_route=%2Fwp%2Fv2%2Fmedia&parent=457"}],"wp:term":[{"taxonomy":"category","embeddable":true,"href":"https:\/\/blogsaverroes.juntadeandalucia.es\/aldeacordoba\/index.php?rest_route=%2Fwp%2Fv2%2Fcategories&post=457"},{"taxonomy":"post_tag","embeddable":true,"href":"https:\/\/blogsaverroes.juntadeandalucia.es\/aldeacordoba\/index.php?rest_route=%2Fwp%2Fv2%2Ftags&post=457"}],"curies":[{"name":"wp","href":"https:\/\/api.w.org\/{rel}","templated":true}]}}